{"id":6004,"date":"2026-04-02T14:33:50","date_gmt":"2026-04-02T14:33:50","guid":{"rendered":"https:\/\/www.atlanticholidayrentals.com\/blog\/miradouro-da-eira-do-serrado\/"},"modified":"2026-04-22T14:44:31","modified_gmt":"2026-04-22T14:44:31","slug":"miradouro-da-eira-do-serrado","status":"publish","type":"post","link":"https:\/\/www.atlanticholidayrentals.com\/blog\/pt\/miradouro-da-eira-do-serrado\/","title":{"rendered":"Visitar o Miradouro da Eira do Serrado: A Melhor Vista do Vale da Madeira Explicada"},"content":{"rendered":"\t\t<div data-elementor-type=\"wp-post\" data-elementor-id=\"6004\" class=\"elementor elementor-6004 elementor-5567\" data-elementor-post-type=\"post\">\n\t\t\t\t<div class=\"elementor-element elementor-element-324c0cd8 e-flex e-con-boxed e-con e-parent\" data-id=\"324c0cd8\" data-element_type=\"container\" data-e-type=\"container\">\n\t\t\t\t\t<div class=\"e-con-inner\">\n\t\t\t\t<div class=\"elementor-element elementor-element-61db98de elementor-widget elementor-widget-text-editor\" data-id=\"61db98de\" data-element_type=\"widget\" data-e-type=\"widget\" data-widget_type=\"text-editor.default\">\n\t\t\t\t<div class=\"elementor-widget-container\">\n\t\t\t\t\t\t\t\t\t<p><span style=\"font-weight: 400;\">A maioria das pessoas visita o Miradouro da Eira do Serrado \u00e0 espera de uma paragem r\u00e1pida para tirar fotografias na passagem pelas montanhas. \u00c9 frequentemente descrito como um dos melhores miradouros da Madeira, o que pode faz\u00ea-lo parecer um local movimentado, sobrevalorizado ou semelhante a outros na ilha. <\/span><\/p><p><span style=\"font-weight: 400;\">Na realidade, destaca-se pela sua acessibilidade em compara\u00e7\u00e3o com a escala da vista. Poucos minutos depois de sair do parque de estacionamento, estar\u00e1 a olhar diretamente para o Curral das Freiras, um vale profundo rodeado por encostas \u00edngremes, com muito poucas barreiras ou distra\u00e7\u00f5es. \u00c9 uma estrutura simples, mas a paisagem faz a maior parte do trabalho.  <\/span><\/p>\t\t\t\t\t\t\t\t<\/div>\n\t\t\t\t<\/div>\n\t\t\t\t\t<\/div>\n\t\t\t\t<\/div>\n\t\t<div class=\"elementor-element elementor-element-18eead e-flex e-con-boxed e-con e-parent\" data-id=\"18eead\" data-element_type=\"container\" data-e-type=\"container\">\n\t\t\t\t\t<div class=\"e-con-inner\">\n\t\t\t\t<div class=\"elementor-element elementor-element-75dda795 elementor-widget elementor-widget-table-of-contents\" data-id=\"75dda795\" data-element_type=\"widget\" data-e-type=\"widget\" data-settings=\"{&quot;headings_by_tags&quot;:[&quot;h2&quot;],&quot;exclude_headings_by_selector&quot;:[],&quot;marker_view&quot;:&quot;bullets&quot;,&quot;icon&quot;:{&quot;value&quot;:&quot;&quot;,&quot;library&quot;:&quot;&quot;},&quot;no_headings_message&quot;:&quot;No headings were found on this page.&quot;,&quot;hierarchical_view&quot;:&quot;yes&quot;,&quot;min_height&quot;:{&quot;unit&quot;:&quot;px&quot;,&quot;size&quot;:&quot;&quot;,&quot;sizes&quot;:[]},&quot;min_height_tablet&quot;:{&quot;unit&quot;:&quot;px&quot;,&quot;size&quot;:&quot;&quot;,&quot;sizes&quot;:[]},&quot;min_height_mobile&quot;:{&quot;unit&quot;:&quot;px&quot;,&quot;size&quot;:&quot;&quot;,&quot;sizes&quot;:[]}}\" data-widget_type=\"table-of-contents.default\">\n\t\t\t\t<div class=\"elementor-widget-container\">\n\t\t\t\t\t\t\t\t\t<div class=\"elementor-toc__header\">\n\t\t\t\t\t\t<div class=\"elementor-toc__header-title\">\n\t\t\t\t\u00cdndice\t\t\t<\/div>\n\t\t\t\t\t\t\t\t<\/div>\n\t\t\t\t<div id=\"elementor-toc__75dda795\" class=\"elementor-toc__body\">\n\t\t\t<div class=\"elementor-toc__spinner-container\">\n\t\t\t\t<svg class=\"elementor-toc__spinner eicon-animation-spin e-font-icon-svg e-eicon-loading\" aria-hidden=\"true\" viewBox=\"0 0 1000 1000\" xmlns=\"http:\/\/www.w3.org\/2000\/svg\"><path d=\"M500 975V858C696 858 858 696 858 500S696 142 500 142 142 304 142 500H25C25 237 238 25 500 25S975 237 975 500 763 975 500 975Z\"><\/path><\/svg>\t\t\t<\/div>\n\t\t<\/div>\n\t\t\t\t\t\t<\/div>\n\t\t\t\t<\/div>\n\t\t\t\t\t<\/div>\n\t\t\t\t<\/div>\n\t\t<div class=\"elementor-element elementor-element-6f75e475 e-flex e-con-boxed e-con e-parent\" data-id=\"6f75e475\" data-element_type=\"container\" data-e-type=\"container\">\n\t\t\t\t\t<div class=\"e-con-inner\">\n\t\t\t\t<div class=\"elementor-element elementor-element-280032c1 elementor-widget elementor-widget-heading\" data-id=\"280032c1\" data-element_type=\"widget\" data-e-type=\"widget\" data-widget_type=\"heading.default\">\n\t\t\t\t<div class=\"elementor-widget-container\">\n\t\t\t\t\t<h2 class=\"elementor-heading-title elementor-size-default\">Onde encontrar e como chegar ao Miradouro da Eira do Serrado\n<\/h2>\t\t\t\t<\/div>\n\t\t\t\t<\/div>\n\t\t\t\t<div class=\"elementor-element elementor-element-6fb26897 elementor-widget elementor-widget-text-editor\" data-id=\"6fb26897\" data-element_type=\"widget\" data-e-type=\"widget\" data-widget_type=\"text-editor.default\">\n\t\t\t\t<div class=\"elementor-widget-container\">\n\t\t\t\t\t\t\t\t\t<p><span style=\"font-weight: 400;\">O Miradouro da Eira do Serrado situa-se a cerca de 20 a 30 minutos do Funchal, no alto das montanhas centrais, acima do Curral das Freiras. O percurso sobe de forma constante a partir da costa, com estradas sinuosas e uma mudan\u00e7a not\u00f3ria na temperatura \u00e0 medida que ganha altitude. <\/span><\/p><p><span style=\"font-weight: 400;\">Conduzir \u00e9 a forma mais direta de l\u00e1 chegar, com estacionamento gratuito dispon\u00edvel perto da entrada. Existe tamb\u00e9m uma op\u00e7\u00e3o fi\u00e1vel de transportes p\u00fablicos. O autocarro 81 parte do Funchal e para diretamente no miradouro, tornando-o um dos locais de montanha mais f\u00e1ceis de visitar sem carro.  <\/span><\/p><p><span style=\"font-weight: 400;\">Ao chegar, o acesso ao miradouro propriamente dito \u00e9 simples. Um curto caminho pavimentado sobe a partir do parque de estacionamento, demorando cerca de cinco minutos a um ritmo constante e terminando na plataforma de observa\u00e7\u00e3o principal. <\/span><\/p><p><span style=\"font-weight: 400;\">Se planeia mais do que uma paragem r\u00e1pida, \u00e9 tamb\u00e9m aqui que come\u00e7a o percurso de descida para o Curral das Freiras. O Caminho das Freiras \u00e9 um trilho de aproximadamente 2 km que desce de perto do parque de estacionamento at\u00e9 ao vale, num percurso em degraus e bem definido. A maioria das pessoas prefere descer a p\u00e9 do que tentar a subida de volta, utilizando depois o autocarro 81 na aldeia para regressar ao miradouro ou seguir para o Funchal.  <\/span><\/p><p><span style=\"font-weight: 400;\">Se j\u00e1 estiver a passar algum tempo na capital, esta visita encaixa-se facilmente num dia de passeio mais alargado, juntamente com ideias deste guia sobre <\/span><a href=\"https:\/\/www.atlanticholidayrentals.com\/blog\/pt\/coisas-fazer-funchal\/\"><span style=\"font-weight: 400;\">o que fazer no Funchal<\/span><\/a><span style=\"font-weight: 400;\">, especialmente se estiver a combinar miradouros com tempo nas montanhas.<\/span><\/p>\t\t\t\t\t\t\t\t<\/div>\n\t\t\t\t<\/div>\n\t\t\t\t<div class=\"elementor-element elementor-element-f9aca06 elementor-widget elementor-widget-google_maps\" data-id=\"f9aca06\" data-element_type=\"widget\" data-e-type=\"widget\" data-widget_type=\"google_maps.default\">\n\t\t\t\t<div class=\"elementor-widget-container\">\n\t\t\t\t\t\t\t<div class=\"elementor-custom-embed\">\n\t\t\t<iframe loading=\"lazy\"\n\t\t\t\t\tsrc=\"https:\/\/maps.google.com\/maps?q=Miradouro%20da%20Eira%20do%20Serrado&#038;t=m&#038;z=12&#038;output=embed&#038;iwloc=near\"\n\t\t\t\t\ttitle=\"Miradouro da Eira do Serrado\"\n\t\t\t\t\taria-label=\"Miradouro da Eira do Serrado\"\n\t\t\t><\/iframe>\n\t\t<\/div>\n\t\t\t\t\t\t<\/div>\n\t\t\t\t<\/div>\n\t\t\t\t\t<\/div>\n\t\t\t\t<\/div>\n\t\t<div class=\"elementor-element elementor-element-7ac514d e-flex e-con-boxed e-con e-parent\" data-id=\"7ac514d\" data-element_type=\"container\" data-e-type=\"container\">\n\t\t\t\t\t<div class=\"e-con-inner\">\n\t\t\t\t<div class=\"elementor-element elementor-element-b7c95bd elementor-widget elementor-widget-heading\" data-id=\"b7c95bd\" data-element_type=\"widget\" data-e-type=\"widget\" data-widget_type=\"heading.default\">\n\t\t\t\t<div class=\"elementor-widget-container\">\n\t\t\t\t\t<h2 class=\"elementor-heading-title elementor-size-default\">O que esperar das vistas no Miradouro da Eira do Serrado\n<\/h2>\t\t\t\t<\/div>\n\t\t\t\t<\/div>\n\t\t\t\t<div class=\"elementor-element elementor-element-b579f6e elementor-widget elementor-widget-text-editor\" data-id=\"b579f6e\" data-element_type=\"widget\" data-e-type=\"widget\" data-widget_type=\"text-editor.default\">\n\t\t\t\t<div class=\"elementor-widget-container\">\n\t\t\t\t\t\t\t\t\t<p><span style=\"font-weight: 400;\">A primeira coisa que se nota \u00e9 a profundidade. A uma altitude de 1.095 metros, esta n\u00e3o \u00e9 uma vista suave de encosta. O vale desce abruptamente abaixo de si, com a aldeia do Curral das Freiras situada l\u00e1 no fundo, rodeada por paredes de montanha \u00edngremes e quase envolventes.  <\/span><\/p><p><span style=\"font-weight: 400;\">Num dia limpo, a escala torna-se \u00f3bvia. Camadas de cumes verdes estendem-se em todas as dire\u00e7\u00f5es, com a aldeia a parecer pequena e distante, quase escondida do resto da ilha. <\/span><\/p><p><span style=\"font-weight: 400;\">A pr\u00f3pria plataforma de observa\u00e7\u00e3o \u00e9 simples mas bem posicionada. H\u00e1 uma pequena subida de degraus no final, mas nada de dif\u00edcil. \u00c9 suficientemente acess\u00edvel para a maioria dos visitantes, incluindo fam\u00edlias com carrinhos de beb\u00e9 at\u00e9 certo ponto, embora os degraus finais possam exigir um pouco de esfor\u00e7o.  <\/span><\/p><p><span style=\"font-weight: 400;\">O que se destaca aqui \u00e9 a rapidez com que as condi\u00e7\u00f5es podem mudar. Num minuto o vale est\u00e1 completamente vis\u00edvel, no seguinte est\u00e1 parcialmente coberto por nuvens que flutuam entre os picos. Isto aumenta a atmosfera, mas tamb\u00e9m significa que o momento da visita pode afetar o que v\u00ea. As manh\u00e3s trazem frequentemente vistas mais limpas, enquanto o final do dia pode ser mais imprevis\u00edvel.   <\/span><\/p>\t\t\t\t\t\t\t\t<\/div>\n\t\t\t\t<\/div>\n\t\t\t\t<div class=\"elementor-element elementor-element-1b488dc elementor-widget elementor-widget-image\" data-id=\"1b488dc\" data-element_type=\"widget\" data-e-type=\"widget\" data-widget_type=\"image.default\">\n\t\t\t\t<div class=\"elementor-widget-container\">\n\t\t\t\t\t\t\t\t\t\t\t\t\t\t\t<img fetchpriority=\"high\" decoding=\"async\" width=\"800\" height=\"389\" src=\"https:\/\/www.atlanticholidayrentals.com\/blog\/wp-content\/uploads\/2026\/04\/Miradouro-da-Eira-do-Serrado-Madeira-1024x498.webp\" class=\"attachment-large size-large wp-image-5975\" alt=\"\" srcset=\"https:\/\/www.atlanticholidayrentals.com\/blog\/wp-content\/uploads\/2026\/04\/Miradouro-da-Eira-do-Serrado-Madeira-1024x498.webp 1024w, https:\/\/www.atlanticholidayrentals.com\/blog\/wp-content\/uploads\/2026\/04\/Miradouro-da-Eira-do-Serrado-Madeira-300x146.webp 300w, https:\/\/www.atlanticholidayrentals.com\/blog\/wp-content\/uploads\/2026\/04\/Miradouro-da-Eira-do-Serrado-Madeira-768x373.webp 768w, https:\/\/www.atlanticholidayrentals.com\/blog\/wp-content\/uploads\/2026\/04\/Miradouro-da-Eira-do-Serrado-Madeira.webp 1360w\" sizes=\"(max-width: 800px) 100vw, 800px\" \/>\t\t\t\t\t\t\t\t\t\t\t\t\t\t\t<\/div>\n\t\t\t\t<\/div>\n\t\t\t\t\t<\/div>\n\t\t\t\t<\/div>\n\t\t<div class=\"elementor-element elementor-element-487e151 e-flex e-con-boxed e-con e-parent\" data-id=\"487e151\" data-element_type=\"container\" data-e-type=\"container\">\n\t\t\t\t\t<div class=\"e-con-inner\">\n\t\t\t\t<div class=\"elementor-element elementor-element-4058216 elementor-widget elementor-widget-heading\" data-id=\"4058216\" data-element_type=\"widget\" data-e-type=\"widget\" data-widget_type=\"heading.default\">\n\t\t\t\t<div class=\"elementor-widget-container\">\n\t\t\t\t\t<h2 class=\"elementor-heading-title elementor-size-default\">Informa\u00e7\u00f5es pr\u00e1ticas para visitar o Miradouro da Eira do Serrado\n<\/h2>\t\t\t\t<\/div>\n\t\t\t\t<\/div>\n\t\t\t\t<div class=\"elementor-element elementor-element-f15e041 elementor-widget elementor-widget-text-editor\" data-id=\"f15e041\" data-element_type=\"widget\" data-e-type=\"widget\" data-widget_type=\"text-editor.default\">\n\t\t\t\t<div class=\"elementor-widget-container\">\n\t\t\t\t\t\t\t\t\t<p><span style=\"font-weight: 400;\">Apesar do cen\u00e1rio dram\u00e1tico, visitar o Miradouro da Eira do Serrado \u00e9 simples. N\u00e3o h\u00e1 taxa de entrada e as instala\u00e7\u00f5es s\u00e3o melhores do que se poderia esperar para um miradouro de montanha. <\/span><\/p><p><span style=\"font-weight: 400;\">Perto do parque de estacionamento, encontrar\u00e1 um pequeno caf\u00e9, uma loja de recorda\u00e7\u00f5es e casas de banho. N\u00e3o \u00e9 um local onde passar\u00e1 horas, mas \u00e9 suficientemente confort\u00e1vel para fazer uma pausa, tomar uma bebida e apreciar os arredores sem pressas. <\/span><\/p><p><span style=\"font-weight: 400;\">O estacionamento est\u00e1 geralmente dispon\u00edvel, embora possa tornar-se escasso em horas de ponta. O meio da manh\u00e3 tende a ser mais movimentado, especialmente quando chegam os grupos de excurs\u00e3o. Chegar mais cedo ou mais tarde, \u00e0 tarde, significa normalmente uma experi\u00eancia mais tranquila.  <\/span><\/p><p><span style=\"font-weight: 400;\">Algo que muitas vezes apanha as pessoas desprevenidas \u00e9 a temperatura. Mesmo que esteja calor no Funchal, pode sentir-se consideravelmente mais fresco aqui devido \u00e0 altitude e \u00e0 exposi\u00e7\u00e3o ao vento. Trazer um casaco leve \u00e9 uma decis\u00e3o sensata, mesmo num dia de sol.  <\/span><\/p><p><span style=\"font-weight: 400;\">Em termos de tempo necess\u00e1rio, a maioria dos visitantes passa aqui cerca de 30 a 45 minutos. \u00c9 uma paragem curta, mas que se enquadra facilmente num dia mais amplo a explorar o interior da Madeira. <\/span><\/p><p><span style=\"font-weight: 400;\">Se estiver a planear a sua viagem de forma mais abrangente, vale a pena consultar este guia sobre a <\/span><a href=\"https:\/\/www.atlanticholidayrentals.com\/blog\/best-time-to-visit-madeira\/\"><span style=\"font-weight: 400;\">melhor altura para visitar a Madeira<\/span><\/a><span style=\"font-weight: 400;\"> para perceber como o tempo sazonal pode afetar a visibilidade nas montanhas.<\/span><\/p>\t\t\t\t\t\t\t\t<\/div>\n\t\t\t\t<\/div>\n\t\t\t\t<div class=\"elementor-element elementor-element-54b4be1 elementor-widget elementor-widget-image\" data-id=\"54b4be1\" data-element_type=\"widget\" data-e-type=\"widget\" data-widget_type=\"image.default\">\n\t\t\t\t<div class=\"elementor-widget-container\">\n\t\t\t\t\t\t\t\t\t\t\t\t\t\t\t<img decoding=\"async\" width=\"800\" height=\"451\" src=\"https:\/\/www.atlanticholidayrentals.com\/blog\/wp-content\/uploads\/2026\/04\/Miradouro-da-Eira-do-Serrado-views-1024x577.webp\" class=\"attachment-large size-large wp-image-5977\" alt=\"\" srcset=\"https:\/\/www.atlanticholidayrentals.com\/blog\/wp-content\/uploads\/2026\/04\/Miradouro-da-Eira-do-Serrado-views-1024x577.webp 1024w, https:\/\/www.atlanticholidayrentals.com\/blog\/wp-content\/uploads\/2026\/04\/Miradouro-da-Eira-do-Serrado-views-300x169.webp 300w, https:\/\/www.atlanticholidayrentals.com\/blog\/wp-content\/uploads\/2026\/04\/Miradouro-da-Eira-do-Serrado-views-768x433.webp 768w, https:\/\/www.atlanticholidayrentals.com\/blog\/wp-content\/uploads\/2026\/04\/Miradouro-da-Eira-do-Serrado-views.webp 1360w\" sizes=\"(max-width: 800px) 100vw, 800px\" \/>\t\t\t\t\t\t\t\t\t\t\t\t\t\t\t<\/div>\n\t\t\t\t<\/div>\n\t\t\t\t\t<\/div>\n\t\t\t\t<\/div>\n\t\t<div class=\"elementor-element elementor-element-7dda941 e-flex e-con-boxed e-con e-parent\" data-id=\"7dda941\" data-element_type=\"container\" data-e-type=\"container\">\n\t\t\t\t\t<div class=\"e-con-inner\">\n\t\t\t\t<div class=\"elementor-element elementor-element-2ce34ce elementor-widget elementor-widget-heading\" data-id=\"2ce34ce\" data-element_type=\"widget\" data-e-type=\"widget\" data-widget_type=\"heading.default\">\n\t\t\t\t<div class=\"elementor-widget-container\">\n\t\t\t\t\t<h2 class=\"elementor-heading-title elementor-size-default\">Outros locais a visitar perto do Miradouro da Eira do Serrado\n<\/h2>\t\t\t\t<\/div>\n\t\t\t\t<\/div>\n\t\t\t\t<div class=\"elementor-element elementor-element-189124a elementor-widget elementor-widget-text-editor\" data-id=\"189124a\" data-element_type=\"widget\" data-e-type=\"widget\" data-widget_type=\"text-editor.default\">\n\t\t\t\t<div class=\"elementor-widget-container\">\n\t\t\t\t\t\t\t\t\t<p><span style=\"font-weight: 400;\">O miradouro funciona melhor como parte de um roteiro maior do que como um destino isolado. Ap\u00f3s a visita, muitas pessoas continuam a descer at\u00e9 ao Curral das Freiras para ver o vale ao n\u00edvel do solo. O contraste entre as duas perspetivas d\u00e1 uma melhor no\u00e7\u00e3o da paisagem.  <\/span><\/p><p><span style=\"font-weight: 400;\">Se estiver interessado em mais miradouros, a Madeira n\u00e3o tem falta deles. O   <\/span><a href=\"https:\/\/www.atlanticholidayrentals.com\/blog\/pt\/pico-dos-barcelos-viewpoint-2\/\"><span style=\"font-weight: 400;\">Miradouro do Pico dos Barcelos<\/span><\/a><span style=\"font-weight: 400;\"> oferece um \u00e2ngulo completamente diferente sobre o Funchal, enquanto o <\/span><a href=\"https:\/\/www.atlanticholidayrentals.com\/blog\/pt\/miradouro-da-portela-2\/\"><span style=\"font-weight: 400;\">Miradouro da Portela<\/span><\/a><span style=\"font-weight: 400;\">, no lado leste da ilha, proporciona uma vista mais ampla da costa e do vale.<\/span><\/p><p><span style=\"font-weight: 400;\">Para quem prefere algo mais ativo, combinar miradouros com percursos pedestres \u00e9 uma boa op\u00e7\u00e3o. A rede de trilhos da Madeira \u00e9 bem conhecida, e este guia de   <\/span><a href=\"https:\/\/www.atlanticholidayrentals.com\/blog\/pt\/\"><span style=\"font-weight: 400;\">caminhadas na Madeira<\/span><\/a><span style=\"font-weight: 400;\"> \u00e9 um ponto de partida \u00fatil se quiser prolongar o seu tempo ao ar livre para al\u00e9m de paragens r\u00e1pidas.<\/span><\/p>\t\t\t\t\t\t\t\t<\/div>\n\t\t\t\t<\/div>\n\t\t\t\t<div class=\"elementor-element elementor-element-4508cb9 elementor-widget elementor-widget-image\" data-id=\"4508cb9\" data-element_type=\"widget\" data-e-type=\"widget\" data-widget_type=\"image.default\">\n\t\t\t\t<div class=\"elementor-widget-container\">\n\t\t\t\t\t\t\t\t\t\t\t\t\t\t\t<img decoding=\"async\" src=\"https:\/\/www.atlanticholidayrentals.com\/blog\/wp-content\/uploads\/elementor\/thumbs\/Miradouro-da-Eira-do-Serrado-rlf3g5hpgqkcj8p4em6kd390y3vb9e8dcpl9arnfjk.webp\" title=\"Miradouro-da-Eira-do-Serrado\" alt=\"Miradouro-da-Eira-do-Serrado\" loading=\"lazy\" \/>\t\t\t\t\t\t\t\t\t\t\t\t\t\t\t<\/div>\n\t\t\t\t<\/div>\n\t\t\t\t\t<\/div>\n\t\t\t\t<\/div>\n\t\t<div class=\"elementor-element elementor-element-cdc5c47 e-flex e-con-boxed e-con e-parent\" data-id=\"cdc5c47\" data-element_type=\"container\" data-e-type=\"container\">\n\t\t\t\t\t<div class=\"e-con-inner\">\n\t\t\t\t<div class=\"elementor-element elementor-element-810c0f5 elementor-widget elementor-widget-heading\" data-id=\"810c0f5\" data-element_type=\"widget\" data-e-type=\"widget\" data-widget_type=\"heading.default\">\n\t\t\t\t<div class=\"elementor-widget-container\">\n\t\t\t\t\t<h2 class=\"elementor-heading-title elementor-size-default\">Por que vale a pena incluir o Miradouro da Eira do Serrado na sua viagem \u00e0 Madeira\n<\/h2>\t\t\t\t<\/div>\n\t\t\t\t<\/div>\n\t\t\t\t<div class=\"elementor-element elementor-element-6641589 elementor-widget elementor-widget-text-editor\" data-id=\"6641589\" data-element_type=\"widget\" data-e-type=\"widget\" data-widget_type=\"text-editor.default\">\n\t\t\t\t<div class=\"elementor-widget-container\">\n\t\t\t\t\t\t\t\t\t<p><span style=\"font-weight: 400;\">O Miradouro da Eira do Serrado vale a pena visitar por uma raz\u00e3o simples: oferece-lhe uma vista clara e direta para o interior da Madeira sem precisar de se comprometer com uma longa caminhada ou um plano de dia inteiro. Chega, percorre um caminho curto e, em poucos minutos, est\u00e1 a olhar para uma das paisagens mais distintas da ilha. <\/span><\/p><p><span style=\"font-weight: 400;\">Enquadra-se facilmente num roteiro mais vasto, em vez de ter de ser o foco do seu dia. Combine-o com um passeio pelas montanhas ou uma paragem no Curral das Freiras, e tornar-se-\u00e1 parte de uma imagem mais completa da Madeira para al\u00e9m da linha costeira. <\/span><\/p><p><span style=\"font-weight: 400;\">Se estiver a planear onde ficar, ajuda estar sediado num local que mantenha tanto as montanhas como o Funchal ao seu alcance.  <\/span><\/p><p><span style=\"font-weight: 400;\">Pode <\/span><a href=\"https:\/\/www.atlanticholidayrentals.com\/pt\/\"><span style=\"font-weight: 400;\">consultar os alojamentos da Atlantic Holiday<\/span><\/a><span style=\"font-weight: 400;\"> para encontrar op\u00e7\u00f5es que tornem as desloca\u00e7\u00f5es simples, sem acrescentar tempo de viagem desnecess\u00e1rio aos seus dias.<\/span><\/p>\t\t\t\t\t\t\t\t<\/div>\n\t\t\t\t<\/div>\n\t\t\t\t\t<\/div>\n\t\t\t\t<\/div>\n\t\t\t\t<\/div>\n\t\t","protected":false},"excerpt":{"rendered":"<p>A maioria das pessoas visita o Miradouro da Eira do Serrado \u00e0 espera de uma paragem r\u00e1pida para tirar fotografias na passagem pelas montanhas. \u00c9 frequentemente descrito como um dos [&hellip;]<\/p>\n","protected":false},"author":6,"featured_media":5980,"comment_status":"open","ping_status":"closed","sticky":false,"template":"","format":"standard","meta":{"footnotes":""},"categories":[91],"tags":[],"class_list":["post-6004","post","type-post","status-publish","format-standard","has-post-thumbnail","hentry","category-miradouros"],"yoast_head":"<!-- This site is optimized with the Yoast SEO plugin v27.4 - https:\/\/yoast.com\/product\/yoast-seo-wordpress\/ -->\n<title>Miradouro da Eira do Serrado - Blog<\/title>\n<meta name=\"description\" content=\"Explore as vistas deslumbrantes do Miradouro da Eira do Serrado. Deleite-se com a paisagem \u00fanica da Madeira e planeie o seu roteiro ideal.\" \/>\n<meta name=\"robots\" content=\"index, follow, max-snippet:-1, max-image-preview:large, max-video-preview:-1\" \/>\n<link rel=\"canonical\" href=\"https:\/\/www.atlanticholidayrentals.com\/blog\/pt\/miradouro-da-eira-do-serrado\/\" \/>\n<meta property=\"og:locale\" content=\"pt_PT\" \/>\n<meta property=\"og:type\" content=\"article\" \/>\n<meta property=\"og:title\" content=\"Miradouro da Eira do Serrado - Blog\" \/>\n<meta property=\"og:description\" content=\"Explore as vistas deslumbrantes do Miradouro da Eira do Serrado. Deleite-se com a paisagem \u00fanica da Madeira e planeie o seu roteiro ideal.\" \/>\n<meta property=\"og:url\" content=\"https:\/\/www.atlanticholidayrentals.com\/blog\/pt\/miradouro-da-eira-do-serrado\/\" \/>\n<meta property=\"og:site_name\" content=\"Blog\" \/>\n<meta property=\"article:published_time\" content=\"2026-04-02T14:33:50+00:00\" \/>\n<meta property=\"article:modified_time\" content=\"2026-04-22T14:44:31+00:00\" \/>\n<meta property=\"og:image\" content=\"https:\/\/www.atlanticholidayrentals.com\/blog\/wp-content\/uploads\/2026\/04\/Miradouro-da-Eira-do-Serrado-valley.webp\" \/>\n\t<meta property=\"og:image:width\" content=\"1360\" \/>\n\t<meta property=\"og:image:height\" content=\"1020\" \/>\n\t<meta property=\"og:image:type\" content=\"image\/webp\" \/>\n<meta name=\"author\" content=\"Richard\" \/>\n<meta name=\"twitter:card\" content=\"summary_large_image\" \/>\n<meta name=\"twitter:label1\" content=\"Written by\" \/>\n\t<meta name=\"twitter:data1\" content=\"Richard\" \/>\n\t<meta name=\"twitter:label2\" content=\"Est. reading time\" \/>\n\t<meta name=\"twitter:data2\" content=\"6 minutos\" \/>\n<script type=\"application\/ld+json\" class=\"yoast-schema-graph\">{\"@context\":\"https:\\\/\\\/schema.org\",\"@graph\":[{\"@type\":\"Article\",\"@id\":\"https:\\\/\\\/www.atlanticholidayrentals.com\\\/blog\\\/pt\\\/miradouro-da-eira-do-serrado\\\/#article\",\"isPartOf\":{\"@id\":\"https:\\\/\\\/www.atlanticholidayrentals.com\\\/blog\\\/pt\\\/miradouro-da-eira-do-serrado\\\/\"},\"author\":{\"name\":\"Richard\",\"@id\":\"https:\\\/\\\/www.atlanticholidayrentals.com\\\/blog\\\/#\\\/schema\\\/person\\\/ad3cabdee1032b4f701c81e7b6959d44\"},\"headline\":\"Visitar o Miradouro da Eira do Serrado: A Melhor Vista do Vale da Madeira Explicada\",\"datePublished\":\"2026-04-02T14:33:50+00:00\",\"dateModified\":\"2026-04-22T14:44:31+00:00\",\"mainEntityOfPage\":{\"@id\":\"https:\\\/\\\/www.atlanticholidayrentals.com\\\/blog\\\/pt\\\/miradouro-da-eira-do-serrado\\\/\"},\"wordCount\":1187,\"commentCount\":0,\"image\":{\"@id\":\"https:\\\/\\\/www.atlanticholidayrentals.com\\\/blog\\\/pt\\\/miradouro-da-eira-do-serrado\\\/#primaryimage\"},\"thumbnailUrl\":\"https:\\\/\\\/www.atlanticholidayrentals.com\\\/blog\\\/wp-content\\\/uploads\\\/2026\\\/04\\\/Miradouro-da-Eira-do-Serrado-valley.webp\",\"articleSection\":[\"Miradouros\"],\"inLanguage\":\"pt-PT\",\"potentialAction\":[{\"@type\":\"CommentAction\",\"name\":\"Comment\",\"target\":[\"https:\\\/\\\/www.atlanticholidayrentals.com\\\/blog\\\/pt\\\/miradouro-da-eira-do-serrado\\\/#respond\"]}]},{\"@type\":\"WebPage\",\"@id\":\"https:\\\/\\\/www.atlanticholidayrentals.com\\\/blog\\\/pt\\\/miradouro-da-eira-do-serrado\\\/\",\"url\":\"https:\\\/\\\/www.atlanticholidayrentals.com\\\/blog\\\/pt\\\/miradouro-da-eira-do-serrado\\\/\",\"name\":\"Miradouro da Eira do Serrado - Blog\",\"isPartOf\":{\"@id\":\"https:\\\/\\\/www.atlanticholidayrentals.com\\\/blog\\\/#website\"},\"primaryImageOfPage\":{\"@id\":\"https:\\\/\\\/www.atlanticholidayrentals.com\\\/blog\\\/pt\\\/miradouro-da-eira-do-serrado\\\/#primaryimage\"},\"image\":{\"@id\":\"https:\\\/\\\/www.atlanticholidayrentals.com\\\/blog\\\/pt\\\/miradouro-da-eira-do-serrado\\\/#primaryimage\"},\"thumbnailUrl\":\"https:\\\/\\\/www.atlanticholidayrentals.com\\\/blog\\\/wp-content\\\/uploads\\\/2026\\\/04\\\/Miradouro-da-Eira-do-Serrado-valley.webp\",\"datePublished\":\"2026-04-02T14:33:50+00:00\",\"dateModified\":\"2026-04-22T14:44:31+00:00\",\"author\":{\"@id\":\"https:\\\/\\\/www.atlanticholidayrentals.com\\\/blog\\\/#\\\/schema\\\/person\\\/ad3cabdee1032b4f701c81e7b6959d44\"},\"description\":\"Explore as vistas deslumbrantes do Miradouro da Eira do Serrado. Deleite-se com a paisagem \u00fanica da Madeira e planeie o seu roteiro ideal.\",\"breadcrumb\":{\"@id\":\"https:\\\/\\\/www.atlanticholidayrentals.com\\\/blog\\\/pt\\\/miradouro-da-eira-do-serrado\\\/#breadcrumb\"},\"inLanguage\":\"pt-PT\",\"potentialAction\":[{\"@type\":\"ReadAction\",\"target\":[\"https:\\\/\\\/www.atlanticholidayrentals.com\\\/blog\\\/pt\\\/miradouro-da-eira-do-serrado\\\/\"]}]},{\"@type\":\"ImageObject\",\"inLanguage\":\"pt-PT\",\"@id\":\"https:\\\/\\\/www.atlanticholidayrentals.com\\\/blog\\\/pt\\\/miradouro-da-eira-do-serrado\\\/#primaryimage\",\"url\":\"https:\\\/\\\/www.atlanticholidayrentals.com\\\/blog\\\/wp-content\\\/uploads\\\/2026\\\/04\\\/Miradouro-da-Eira-do-Serrado-valley.webp\",\"contentUrl\":\"https:\\\/\\\/www.atlanticholidayrentals.com\\\/blog\\\/wp-content\\\/uploads\\\/2026\\\/04\\\/Miradouro-da-Eira-do-Serrado-valley.webp\",\"width\":1360,\"height\":1020},{\"@type\":\"BreadcrumbList\",\"@id\":\"https:\\\/\\\/www.atlanticholidayrentals.com\\\/blog\\\/pt\\\/miradouro-da-eira-do-serrado\\\/#breadcrumb\",\"itemListElement\":[{\"@type\":\"ListItem\",\"position\":1,\"name\":\"Home\",\"item\":\"https:\\\/\\\/www.atlanticholidayrentals.com\\\/blog\\\/es\\\/\"},{\"@type\":\"ListItem\",\"position\":2,\"name\":\"Visitar o Miradouro da Eira do Serrado: A Melhor Vista do Vale da Madeira Explicada\"}]},{\"@type\":\"WebSite\",\"@id\":\"https:\\\/\\\/www.atlanticholidayrentals.com\\\/blog\\\/#website\",\"url\":\"https:\\\/\\\/www.atlanticholidayrentals.com\\\/blog\\\/\",\"name\":\"Blog\",\"description\":\"Atlanticholidayrentals\",\"potentialAction\":[{\"@type\":\"SearchAction\",\"target\":{\"@type\":\"EntryPoint\",\"urlTemplate\":\"https:\\\/\\\/www.atlanticholidayrentals.com\\\/blog\\\/?s={search_term_string}\"},\"query-input\":{\"@type\":\"PropertyValueSpecification\",\"valueRequired\":true,\"valueName\":\"search_term_string\"}}],\"inLanguage\":\"pt-PT\"},{\"@type\":\"Person\",\"@id\":\"https:\\\/\\\/www.atlanticholidayrentals.com\\\/blog\\\/#\\\/schema\\\/person\\\/ad3cabdee1032b4f701c81e7b6959d44\",\"name\":\"Richard\",\"image\":{\"@type\":\"ImageObject\",\"inLanguage\":\"pt-PT\",\"@id\":\"https:\\\/\\\/secure.gravatar.com\\\/avatar\\\/63f7d63df8bc500b7b072100eb25897597ec962e6be3ac33cf5045633fb5702a?s=96&d=mm&r=g\",\"url\":\"https:\\\/\\\/secure.gravatar.com\\\/avatar\\\/63f7d63df8bc500b7b072100eb25897597ec962e6be3ac33cf5045633fb5702a?s=96&d=mm&r=g\",\"contentUrl\":\"https:\\\/\\\/secure.gravatar.com\\\/avatar\\\/63f7d63df8bc500b7b072100eb25897597ec962e6be3ac33cf5045633fb5702a?s=96&d=mm&r=g\",\"caption\":\"Richard\"},\"url\":\"https:\\\/\\\/www.atlanticholidayrentals.com\\\/blog\\\/pt\\\/author\\\/richard\\\/\"}]}<\/script>\n<!-- \/ Yoast SEO plugin. -->","yoast_head_json":{"title":"Miradouro da Eira do Serrado - Blog","description":"Explore as vistas deslumbrantes do Miradouro da Eira do Serrado. Deleite-se com a paisagem \u00fanica da Madeira e planeie o seu roteiro ideal.","robots":{"index":"index","follow":"follow","max-snippet":"max-snippet:-1","max-image-preview":"max-image-preview:large","max-video-preview":"max-video-preview:-1"},"canonical":"https:\/\/www.atlanticholidayrentals.com\/blog\/pt\/miradouro-da-eira-do-serrado\/","og_locale":"pt_PT","og_type":"article","og_title":"Miradouro da Eira do Serrado - Blog","og_description":"Explore as vistas deslumbrantes do Miradouro da Eira do Serrado. Deleite-se com a paisagem \u00fanica da Madeira e planeie o seu roteiro ideal.","og_url":"https:\/\/www.atlanticholidayrentals.com\/blog\/pt\/miradouro-da-eira-do-serrado\/","og_site_name":"Blog","article_published_time":"2026-04-02T14:33:50+00:00","article_modified_time":"2026-04-22T14:44:31+00:00","og_image":[{"width":1360,"height":1020,"url":"https:\/\/www.atlanticholidayrentals.com\/blog\/wp-content\/uploads\/2026\/04\/Miradouro-da-Eira-do-Serrado-valley.webp","type":"image\/webp"}],"author":"Richard","twitter_card":"summary_large_image","twitter_misc":{"Written by":"Richard","Est. reading time":"6 minutos"},"schema":{"@context":"https:\/\/schema.org","@graph":[{"@type":"Article","@id":"https:\/\/www.atlanticholidayrentals.com\/blog\/pt\/miradouro-da-eira-do-serrado\/#article","isPartOf":{"@id":"https:\/\/www.atlanticholidayrentals.com\/blog\/pt\/miradouro-da-eira-do-serrado\/"},"author":{"name":"Richard","@id":"https:\/\/www.atlanticholidayrentals.com\/blog\/#\/schema\/person\/ad3cabdee1032b4f701c81e7b6959d44"},"headline":"Visitar o Miradouro da Eira do Serrado: A Melhor Vista do Vale da Madeira Explicada","datePublished":"2026-04-02T14:33:50+00:00","dateModified":"2026-04-22T14:44:31+00:00","mainEntityOfPage":{"@id":"https:\/\/www.atlanticholidayrentals.com\/blog\/pt\/miradouro-da-eira-do-serrado\/"},"wordCount":1187,"commentCount":0,"image":{"@id":"https:\/\/www.atlanticholidayrentals.com\/blog\/pt\/miradouro-da-eira-do-serrado\/#primaryimage"},"thumbnailUrl":"https:\/\/www.atlanticholidayrentals.com\/blog\/wp-content\/uploads\/2026\/04\/Miradouro-da-Eira-do-Serrado-valley.webp","articleSection":["Miradouros"],"inLanguage":"pt-PT","potentialAction":[{"@type":"CommentAction","name":"Comment","target":["https:\/\/www.atlanticholidayrentals.com\/blog\/pt\/miradouro-da-eira-do-serrado\/#respond"]}]},{"@type":"WebPage","@id":"https:\/\/www.atlanticholidayrentals.com\/blog\/pt\/miradouro-da-eira-do-serrado\/","url":"https:\/\/www.atlanticholidayrentals.com\/blog\/pt\/miradouro-da-eira-do-serrado\/","name":"Miradouro da Eira do Serrado - Blog","isPartOf":{"@id":"https:\/\/www.atlanticholidayrentals.com\/blog\/#website"},"primaryImageOfPage":{"@id":"https:\/\/www.atlanticholidayrentals.com\/blog\/pt\/miradouro-da-eira-do-serrado\/#primaryimage"},"image":{"@id":"https:\/\/www.atlanticholidayrentals.com\/blog\/pt\/miradouro-da-eira-do-serrado\/#primaryimage"},"thumbnailUrl":"https:\/\/www.atlanticholidayrentals.com\/blog\/wp-content\/uploads\/2026\/04\/Miradouro-da-Eira-do-Serrado-valley.webp","datePublished":"2026-04-02T14:33:50+00:00","dateModified":"2026-04-22T14:44:31+00:00","author":{"@id":"https:\/\/www.atlanticholidayrentals.com\/blog\/#\/schema\/person\/ad3cabdee1032b4f701c81e7b6959d44"},"description":"Explore as vistas deslumbrantes do Miradouro da Eira do Serrado. Deleite-se com a paisagem \u00fanica da Madeira e planeie o seu roteiro ideal.","breadcrumb":{"@id":"https:\/\/www.atlanticholidayrentals.com\/blog\/pt\/miradouro-da-eira-do-serrado\/#breadcrumb"},"inLanguage":"pt-PT","potentialAction":[{"@type":"ReadAction","target":["https:\/\/www.atlanticholidayrentals.com\/blog\/pt\/miradouro-da-eira-do-serrado\/"]}]},{"@type":"ImageObject","inLanguage":"pt-PT","@id":"https:\/\/www.atlanticholidayrentals.com\/blog\/pt\/miradouro-da-eira-do-serrado\/#primaryimage","url":"https:\/\/www.atlanticholidayrentals.com\/blog\/wp-content\/uploads\/2026\/04\/Miradouro-da-Eira-do-Serrado-valley.webp","contentUrl":"https:\/\/www.atlanticholidayrentals.com\/blog\/wp-content\/uploads\/2026\/04\/Miradouro-da-Eira-do-Serrado-valley.webp","width":1360,"height":1020},{"@type":"BreadcrumbList","@id":"https:\/\/www.atlanticholidayrentals.com\/blog\/pt\/miradouro-da-eira-do-serrado\/#breadcrumb","itemListElement":[{"@type":"ListItem","position":1,"name":"Home","item":"https:\/\/www.atlanticholidayrentals.com\/blog\/es\/"},{"@type":"ListItem","position":2,"name":"Visitar o Miradouro da Eira do Serrado: A Melhor Vista do Vale da Madeira Explicada"}]},{"@type":"WebSite","@id":"https:\/\/www.atlanticholidayrentals.com\/blog\/#website","url":"https:\/\/www.atlanticholidayrentals.com\/blog\/","name":"Blog","description":"Atlanticholidayrentals","potentialAction":[{"@type":"SearchAction","target":{"@type":"EntryPoint","urlTemplate":"https:\/\/www.atlanticholidayrentals.com\/blog\/?s={search_term_string}"},"query-input":{"@type":"PropertyValueSpecification","valueRequired":true,"valueName":"search_term_string"}}],"inLanguage":"pt-PT"},{"@type":"Person","@id":"https:\/\/www.atlanticholidayrentals.com\/blog\/#\/schema\/person\/ad3cabdee1032b4f701c81e7b6959d44","name":"Richard","image":{"@type":"ImageObject","inLanguage":"pt-PT","@id":"https:\/\/secure.gravatar.com\/avatar\/63f7d63df8bc500b7b072100eb25897597ec962e6be3ac33cf5045633fb5702a?s=96&d=mm&r=g","url":"https:\/\/secure.gravatar.com\/avatar\/63f7d63df8bc500b7b072100eb25897597ec962e6be3ac33cf5045633fb5702a?s=96&d=mm&r=g","contentUrl":"https:\/\/secure.gravatar.com\/avatar\/63f7d63df8bc500b7b072100eb25897597ec962e6be3ac33cf5045633fb5702a?s=96&d=mm&r=g","caption":"Richard"},"url":"https:\/\/www.atlanticholidayrentals.com\/blog\/pt\/author\/richard\/"}]}},"_links":{"self":[{"href":"https:\/\/www.atlanticholidayrentals.com\/blog\/pt\/wp-json\/wp\/v2\/posts\/6004","targetHints":{"allow":["GET"]}}],"collection":[{"href":"https:\/\/www.atlanticholidayrentals.com\/blog\/pt\/wp-json\/wp\/v2\/posts"}],"about":[{"href":"https:\/\/www.atlanticholidayrentals.com\/blog\/pt\/wp-json\/wp\/v2\/types\/post"}],"author":[{"embeddable":true,"href":"https:\/\/www.atlanticholidayrentals.com\/blog\/pt\/wp-json\/wp\/v2\/users\/6"}],"replies":[{"embeddable":true,"href":"https:\/\/www.atlanticholidayrentals.com\/blog\/pt\/wp-json\/wp\/v2\/comments?post=6004"}],"version-history":[{"count":1,"href":"https:\/\/www.atlanticholidayrentals.com\/blog\/pt\/wp-json\/wp\/v2\/posts\/6004\/revisions"}],"predecessor-version":[{"id":6005,"href":"https:\/\/www.atlanticholidayrentals.com\/blog\/pt\/wp-json\/wp\/v2\/posts\/6004\/revisions\/6005"}],"wp:featuredmedia":[{"embeddable":true,"href":"https:\/\/www.atlanticholidayrentals.com\/blog\/pt\/wp-json\/wp\/v2\/media\/5980"}],"wp:attachment":[{"href":"https:\/\/www.atlanticholidayrentals.com\/blog\/pt\/wp-json\/wp\/v2\/media?parent=6004"}],"wp:term":[{"taxonomy":"category","embeddable":true,"href":"https:\/\/www.atlanticholidayrentals.com\/blog\/pt\/wp-json\/wp\/v2\/categories?post=6004"},{"taxonomy":"post_tag","embeddable":true,"href":"https:\/\/www.atlanticholidayrentals.com\/blog\/pt\/wp-json\/wp\/v2\/tags?post=6004"}],"curies":[{"name":"wp","href":"https:\/\/api.w.org\/{rel}","templated":true}]}}