{"id":5992,"date":"2026-04-02T14:19:07","date_gmt":"2026-04-02T14:19:07","guid":{"rendered":"https:\/\/www.atlanticholidayrentals.com\/blog\/miradouro-da-ponta-do-rosto-madeira\/"},"modified":"2026-04-22T14:42:35","modified_gmt":"2026-04-22T14:42:35","slug":"miradouro-da-ponta-do-rosto-madeira","status":"publish","type":"post","link":"https:\/\/www.atlanticholidayrentals.com\/blog\/pt\/miradouro-da-ponta-do-rosto-madeira\/","title":{"rendered":"Miradouro da Ponta do Rosto: Guia Completo do Miradouro do Leste da Madeira"},"content":{"rendered":"\t\t<div data-elementor-type=\"wp-post\" data-elementor-id=\"5992\" class=\"elementor elementor-5992 elementor-5562\" data-elementor-post-type=\"post\">\n\t\t\t\t<div class=\"elementor-element elementor-element-51a135d1 e-flex e-con-boxed e-con e-parent\" data-id=\"51a135d1\" data-element_type=\"container\" data-e-type=\"container\">\n\t\t\t\t\t<div class=\"e-con-inner\">\n\t\t\t\t<div class=\"elementor-element elementor-element-314bc905 elementor-widget elementor-widget-text-editor\" data-id=\"314bc905\" data-element_type=\"widget\" data-e-type=\"widget\" data-widget_type=\"text-editor.default\">\n\t\t\t\t<div class=\"elementor-widget-container\">\n\t\t\t\t\t\t\t\t\t<p><span style=\"font-weight: 400;\">Se se dirige para leste atrav\u00e9s da Madeira, o Miradouro da Ponta do Rosto \u00e9 um daqueles locais que parece um pouco fora de m\u00e3o at\u00e9 chegar e, de repente, percebe por que raz\u00e3o as pessoas se desviam para vir aqui. Situado na ponta mais oriental, perto do Cani\u00e7al, este miradouro permite observar as costas norte e sul em simult\u00e2neo, com nada al\u00e9m do Atl\u00e2ntico aberto pela frente. <\/span><\/p><p><span style=\"font-weight: 400;\">N\u00e3o \u00e9 exuberante como grande parte da Madeira. A paisagem aqui \u00e9 seca, exposta e moldada pelo vento e pela rocha vulc\u00e2nica. \u00c9 exatamente isso que o faz destacar-se. Em vez de vegeta\u00e7\u00e3o, encontrar\u00e1 fal\u00e9sias em estado bruto, cores estratificadas na pedra e uma linha de costa que parece ter sido esculpida em vez de ter crescido.   <\/span><\/p>\t\t\t\t\t\t\t\t<\/div>\n\t\t\t\t<\/div>\n\t\t\t\t\t<\/div>\n\t\t\t\t<\/div>\n\t\t<div class=\"elementor-element elementor-element-5a2a2ff5 e-flex e-con-boxed e-con e-parent\" data-id=\"5a2a2ff5\" data-element_type=\"container\" data-e-type=\"container\">\n\t\t\t\t\t<div class=\"e-con-inner\">\n\t\t\t\t<div class=\"elementor-element elementor-element-4470cd33 elementor-widget elementor-widget-table-of-contents\" data-id=\"4470cd33\" data-element_type=\"widget\" data-e-type=\"widget\" data-settings=\"{&quot;headings_by_tags&quot;:[&quot;h2&quot;],&quot;exclude_headings_by_selector&quot;:[],&quot;marker_view&quot;:&quot;bullets&quot;,&quot;icon&quot;:{&quot;value&quot;:&quot;&quot;,&quot;library&quot;:&quot;&quot;},&quot;no_headings_message&quot;:&quot;No headings were found on this page.&quot;,&quot;hierarchical_view&quot;:&quot;yes&quot;,&quot;min_height&quot;:{&quot;unit&quot;:&quot;px&quot;,&quot;size&quot;:&quot;&quot;,&quot;sizes&quot;:[]},&quot;min_height_tablet&quot;:{&quot;unit&quot;:&quot;px&quot;,&quot;size&quot;:&quot;&quot;,&quot;sizes&quot;:[]},&quot;min_height_mobile&quot;:{&quot;unit&quot;:&quot;px&quot;,&quot;size&quot;:&quot;&quot;,&quot;sizes&quot;:[]}}\" data-widget_type=\"table-of-contents.default\">\n\t\t\t\t<div class=\"elementor-widget-container\">\n\t\t\t\t\t\t\t\t\t<div class=\"elementor-toc__header\">\n\t\t\t\t\t\t<div class=\"elementor-toc__header-title\">\n\t\t\t\t\u00cdndice\t\t\t<\/div>\n\t\t\t\t\t\t\t\t<\/div>\n\t\t\t\t<div id=\"elementor-toc__4470cd33\" class=\"elementor-toc__body\">\n\t\t\t<div class=\"elementor-toc__spinner-container\">\n\t\t\t\t<svg class=\"elementor-toc__spinner eicon-animation-spin e-font-icon-svg e-eicon-loading\" aria-hidden=\"true\" viewBox=\"0 0 1000 1000\" xmlns=\"http:\/\/www.w3.org\/2000\/svg\"><path d=\"M500 975V858C696 858 858 696 858 500S696 142 500 142 142 304 142 500H25C25 237 238 25 500 25S975 237 975 500 763 975 500 975Z\"><\/path><\/svg>\t\t\t<\/div>\n\t\t<\/div>\n\t\t\t\t\t\t<\/div>\n\t\t\t\t<\/div>\n\t\t\t\t\t<\/div>\n\t\t\t\t<\/div>\n\t\t<div class=\"elementor-element elementor-element-74e80485 e-flex e-con-boxed e-con e-parent\" data-id=\"74e80485\" data-element_type=\"container\" data-e-type=\"container\">\n\t\t\t\t\t<div class=\"e-con-inner\">\n\t\t\t\t<div class=\"elementor-element elementor-element-da958ca elementor-widget elementor-widget-heading\" data-id=\"da958ca\" data-element_type=\"widget\" data-e-type=\"widget\" data-widget_type=\"heading.default\">\n\t\t\t\t<div class=\"elementor-widget-container\">\n\t\t\t\t\t<h2 class=\"elementor-heading-title elementor-size-default\">O que ver e fazer no Miradouro da Ponta do Rosto Madeira\n<\/h2>\t\t\t\t<\/div>\n\t\t\t\t<\/div>\n\t\t\t\t<div class=\"elementor-element elementor-element-680ac0c elementor-widget elementor-widget-text-editor\" data-id=\"680ac0c\" data-element_type=\"widget\" data-e-type=\"widget\" data-widget_type=\"text-editor.default\">\n\t\t\t\t<div class=\"elementor-widget-container\">\n\t\t\t\t\t\t\t\t\t<p><span style=\"font-weight: 400;\">A primeira coisa que se nota no Miradouro da Ponta do Rosto \u00e9 a sensa\u00e7\u00e3o de amplitude. N\u00e3o h\u00e1 \u00e1rvores a bloquear a vista, nem edif\u00edcios a competir pela aten\u00e7\u00e3o, apenas fal\u00e9sias que mergulham no oceano e longas cristas que se estendem em ambas as dire\u00e7\u00f5es. <\/span><\/p><p><span style=\"font-weight: 400;\">Olhe para norte e ver\u00e1 uma costa mais acidentada e escura, muitas vezes com ondas a bater com mais for\u00e7a contra as fal\u00e9sias. Vire-se para sul e a \u00e1gua tende a estar mais calma e o horizonte mais limpo. Num dia bom, o contraste entre os dois lados \u00e9 evidente.  <\/span><\/p><p><span style=\"font-weight: 400;\">A geologia \u00e9 o que mais se destaca. As fal\u00e9sias apresentam estrias de vermelho, castanho e amarelo e, se olhar com aten\u00e7\u00e3o, poder\u00e1 ver as linhas e forma\u00e7\u00f5es que d\u00e3o pistas sobre como a ilha foi constru\u00edda. \u00c9 o tipo de lugar onde n\u00e3o precisa de um guia para perceber que a Madeira \u00e9 vulc\u00e2nica; est\u00e1 escrito na paisagem.  <\/span><\/p><p><span style=\"font-weight: 400;\">H\u00e1 tamb\u00e9m espa\u00e7o para se movimentar. Mesmo quando aparecem alguns grupos para tirar fotografias, raramente se sente sobrelotado. Pode caminhar um pouco mais ao longo dos trilhos e encontrar o seu pr\u00f3prio \u00e2ngulo sem grande esfor\u00e7o. Apenas tenha em aten\u00e7\u00e3o que existem muito poucas barreiras, pelo que n\u00e3o \u00e9 um local para andar despreocupadamente, especialmente com crian\u00e7as.   <\/span><\/p><p><span style=\"font-weight: 400;\">O vento \u00e9 um fator constante aqui. Em alguns dias \u00e9 apenas uma brisa, noutros \u00e9 suficientemente forte para o fazer caminhar com cuidado. Contribui para a atmosfera, mas vale a pena ter isto em conta ao planear a sua visita.  <\/span><\/p>\t\t\t\t\t\t\t\t<\/div>\n\t\t\t\t<\/div>\n\t\t\t\t<div class=\"elementor-element elementor-element-9bd4006 elementor-widget elementor-widget-image\" data-id=\"9bd4006\" data-element_type=\"widget\" data-e-type=\"widget\" data-widget_type=\"image.default\">\n\t\t\t\t<div class=\"elementor-widget-container\">\n\t\t\t\t\t\t\t\t\t\t\t\t\t\t\t<img fetchpriority=\"high\" decoding=\"async\" width=\"1360\" height=\"910\" src=\"https:\/\/www.atlanticholidayrentals.com\/blog\/wp-content\/uploads\/2026\/04\/Miradouro-da-Ponta-do-Rosto-Madeira.webp\" class=\"attachment-full size-full wp-image-5961\" alt=\"\" srcset=\"https:\/\/www.atlanticholidayrentals.com\/blog\/wp-content\/uploads\/2026\/04\/Miradouro-da-Ponta-do-Rosto-Madeira.webp 1360w, https:\/\/www.atlanticholidayrentals.com\/blog\/wp-content\/uploads\/2026\/04\/Miradouro-da-Ponta-do-Rosto-Madeira-300x201.webp 300w, https:\/\/www.atlanticholidayrentals.com\/blog\/wp-content\/uploads\/2026\/04\/Miradouro-da-Ponta-do-Rosto-Madeira-1024x685.webp 1024w, https:\/\/www.atlanticholidayrentals.com\/blog\/wp-content\/uploads\/2026\/04\/Miradouro-da-Ponta-do-Rosto-Madeira-768x514.webp 768w\" sizes=\"(max-width: 1360px) 100vw, 1360px\" \/>\t\t\t\t\t\t\t\t\t\t\t\t\t\t\t<\/div>\n\t\t\t\t<\/div>\n\t\t\t\t\t<\/div>\n\t\t\t\t<\/div>\n\t\t<div class=\"elementor-element elementor-element-3408181 e-flex e-con-boxed e-con e-parent\" data-id=\"3408181\" data-element_type=\"container\" data-e-type=\"container\">\n\t\t\t\t\t<div class=\"e-con-inner\">\n\t\t\t\t<div class=\"elementor-element elementor-element-675ea7a elementor-widget elementor-widget-heading\" data-id=\"675ea7a\" data-element_type=\"widget\" data-e-type=\"widget\" data-widget_type=\"heading.default\">\n\t\t\t\t<div class=\"elementor-widget-container\">\n\t\t\t\t\t<h2 class=\"elementor-heading-title elementor-size-default\">Como chegar ao Miradouro da Ponta do Rosto no Cani\u00e7al\n<\/h2>\t\t\t\t<\/div>\n\t\t\t\t<\/div>\n\t\t\t\t<div class=\"elementor-element elementor-element-20ddd3a elementor-widget elementor-widget-text-editor\" data-id=\"20ddd3a\" data-element_type=\"widget\" data-e-type=\"widget\" data-widget_type=\"text-editor.default\">\n\t\t\t\t<div class=\"elementor-widget-container\">\n\t\t\t\t\t\t\t\t\t<p><span style=\"font-weight: 400;\">Chegar ao Miradouro da Ponta do Rosto no Cani\u00e7al \u00e9 simples se tiver carro, que \u00e9, realisticamente, a melhor forma de o alcan\u00e7ar. A partir do Funchal, a viagem demora cerca de 30 a 40 minutos, seguindo para leste em dire\u00e7\u00e3o a Machico e continuando depois para o Cani\u00e7al. <\/span><\/p><p><span style=\"font-weight: 400;\">Se j\u00e1 estiver a explorar o leste da ilha, combina bem com uma paragem em <\/span><a href=\"https:\/\/www.atlanticholidayrentals.com\/blog\/pt\/praia-machico\/\"><span style=\"font-weight: 400;\">Machico<\/span><\/a><span style=\"font-weight: 400;\"> ou uma visita \u00e0 <\/span><a href=\"https:\/\/www.atlanticholidayrentals.com\/blog\/pt\/praia-machico\/\"><span style=\"font-weight: 400;\">Praia de Machico<\/span><\/a><span style=\"font-weight: 400;\">, ambos no caminho.<\/span><\/p><p><span style=\"font-weight: 400;\">O \u00faltimo tro\u00e7o da estrada estreita ligeiramente, mas \u00e9 alcatroado e acess\u00edvel. N\u00e3o precisa de um 4&#215;4 ou de algo especializado, apenas de um pouco de paci\u00eancia se vier outro carro no sentido oposto. <\/span><\/p><p><span style=\"font-weight: 400;\">Os transportes p\u00fablicos s\u00e3o limitados nesta zona, pelo que depender de autocarros pode tornar a visita mais complicada do que o necess\u00e1rio.<\/span><\/p>\t\t\t\t\t\t\t\t<\/div>\n\t\t\t\t<\/div>\n\t\t\t\t<div class=\"elementor-element elementor-element-05cd012 elementor-widget elementor-widget-google_maps\" data-id=\"05cd012\" data-element_type=\"widget\" data-e-type=\"widget\" data-widget_type=\"google_maps.default\">\n\t\t\t\t<div class=\"elementor-widget-container\">\n\t\t\t\t\t\t\t<div class=\"elementor-custom-embed\">\n\t\t\t<iframe loading=\"lazy\"\n\t\t\t\t\tsrc=\"https:\/\/maps.google.com\/maps?q=Miradouro%20da%20Ponta%20do%20Rosto%20Madeira&#038;t=m&#038;z=10&#038;output=embed&#038;iwloc=near\"\n\t\t\t\t\ttitle=\"Miradouro da Ponta do Rosto Madeira\"\n\t\t\t\t\taria-label=\"Miradouro da Ponta do Rosto Madeira\"\n\t\t\t><\/iframe>\n\t\t<\/div>\n\t\t\t\t\t\t<\/div>\n\t\t\t\t<\/div>\n\t\t\t\t\t<\/div>\n\t\t\t\t<\/div>\n\t\t<div class=\"elementor-element elementor-element-17cef17 e-flex e-con-boxed e-con e-parent\" data-id=\"17cef17\" data-element_type=\"container\" data-e-type=\"container\">\n\t\t\t\t\t<div class=\"e-con-inner\">\n\t\t\t\t<div class=\"elementor-element elementor-element-23dc06e elementor-widget elementor-widget-heading\" data-id=\"23dc06e\" data-element_type=\"widget\" data-e-type=\"widget\" data-widget_type=\"heading.default\">\n\t\t\t\t<div class=\"elementor-widget-container\">\n\t\t\t\t\t<h2 class=\"elementor-heading-title elementor-size-default\">Informa\u00e7\u00f5es pr\u00e1ticas: acesso, estacionamento e hor\u00e1rios\n<\/h2>\t\t\t\t<\/div>\n\t\t\t\t<\/div>\n\t\t\t\t<div class=\"elementor-element elementor-element-9c4e3f6 elementor-widget elementor-widget-text-editor\" data-id=\"9c4e3f6\" data-element_type=\"widget\" data-e-type=\"widget\" data-widget_type=\"text-editor.default\">\n\t\t\t\t<div class=\"elementor-widget-container\">\n\t\t\t\t\t\t\t\t\t<p><span style=\"font-weight: 400;\">O acesso ao miradouro \u00e9 gratuito e existe uma pequena zona de estacionamento logo \u00e0 entrada. No entanto, n\u00e3o s\u00e3o precisos muitos carros para a encher, por isso o hor\u00e1rio \u00e9 importante. O in\u00edcio da manh\u00e3 ou o final da tarde tendem a ser per\u00edodos mais calmos.  <\/span><\/p><p><span style=\"font-weight: 400;\">Existe um pequeno snack-bar e uma loja b\u00e1sica nas proximidades, o que \u00e9 \u00fatil dada a sensa\u00e7\u00e3o de isolamento do local. N\u00e3o \u00e9 um s\u00edtio onde planearia uma paragem longa para comer, mas \u00e9 suficiente para uma bebida ou uma pausa r\u00e1pida. <\/span><\/p><p><span style=\"font-weight: 400;\">O p\u00f4r do sol \u00e9 uma das melhores alturas para visitar. As cores nas fal\u00e9sias tornam-se mais pronunciadas e a luz sobre o oceano suaviza tudo. Esteja apenas preparado para o vento aumentar \u00e0 medida que o dia arrefece.  <\/span><\/p><p><span style=\"font-weight: 400;\">As condi\u00e7\u00f5es deste lado da ilha podem ser bastante diferentes das do Funchal, especialmente no que toca ao vento, pelo que vale a pena verificar a meteorologia antes de sair.<\/span><\/p>\t\t\t\t\t\t\t\t<\/div>\n\t\t\t\t<\/div>\n\t\t\t\t<div class=\"elementor-element elementor-element-36fdfeb elementor-widget elementor-widget-image\" data-id=\"36fdfeb\" data-element_type=\"widget\" data-e-type=\"widget\" data-widget_type=\"image.default\">\n\t\t\t\t<div class=\"elementor-widget-container\">\n\t\t\t\t\t\t\t\t\t\t\t\t\t\t\t<img decoding=\"async\" width=\"800\" height=\"450\" src=\"https:\/\/www.atlanticholidayrentals.com\/blog\/wp-content\/uploads\/2026\/04\/Ponta-do-Rosto-Madeira-1024x576.webp\" class=\"attachment-large size-large wp-image-5962\" alt=\"\" srcset=\"https:\/\/www.atlanticholidayrentals.com\/blog\/wp-content\/uploads\/2026\/04\/Ponta-do-Rosto-Madeira-1024x576.webp 1024w, https:\/\/www.atlanticholidayrentals.com\/blog\/wp-content\/uploads\/2026\/04\/Ponta-do-Rosto-Madeira-300x169.webp 300w, https:\/\/www.atlanticholidayrentals.com\/blog\/wp-content\/uploads\/2026\/04\/Ponta-do-Rosto-Madeira-768x432.webp 768w, https:\/\/www.atlanticholidayrentals.com\/blog\/wp-content\/uploads\/2026\/04\/Ponta-do-Rosto-Madeira.webp 1360w\" sizes=\"(max-width: 800px) 100vw, 800px\" \/>\t\t\t\t\t\t\t\t\t\t\t\t\t\t\t<\/div>\n\t\t\t\t<\/div>\n\t\t\t\t\t<\/div>\n\t\t\t\t<\/div>\n\t\t<div class=\"elementor-element elementor-element-297c512 e-flex e-con-boxed e-con e-parent\" data-id=\"297c512\" data-element_type=\"container\" data-e-type=\"container\">\n\t\t\t\t\t<div class=\"e-con-inner\">\n\t\t\t\t<div class=\"elementor-element elementor-element-b0fc3ba elementor-widget elementor-widget-heading\" data-id=\"b0fc3ba\" data-element_type=\"widget\" data-e-type=\"widget\" data-widget_type=\"heading.default\">\n\t\t\t\t<div class=\"elementor-widget-container\">\n\t\t\t\t\t<h2 class=\"elementor-heading-title elementor-size-default\">Pontos de interesse perto do Miradouro da Ponta do Rosto\n<\/h2>\t\t\t\t<\/div>\n\t\t\t\t<\/div>\n\t\t\t\t<div class=\"elementor-element elementor-element-8d368ff elementor-widget elementor-widget-text-editor\" data-id=\"8d368ff\" data-element_type=\"widget\" data-e-type=\"widget\" data-widget_type=\"text-editor.default\">\n\t\t\t\t<div class=\"elementor-widget-container\">\n\t\t\t\t\t\t\t\t\t<p><span style=\"font-weight: 400;\">A maioria das pessoas combina o miradouro com uma viagem mais alargada pelo lado leste da Madeira. Um dos complementos mais pr\u00f3ximos e \u00f3bvios \u00e9 o trilho da Vereda da Ponta de S\u00e3o Louren\u00e7o, que come\u00e7a n\u00e3o muito longe daqui. O trilho tem cerca de 3 quil\u00f3metros para cada lado e leva \u00e0 ponta oriental da Madeira. Mesmo que n\u00e3o planeie fazer o percurso completo, o cen\u00e1rio ao longo da primeira sec\u00e7\u00e3o oferece mais da mesma costa acidentada.   <\/span><\/p><p><span style=\"font-weight: 400;\">Se estiver interessado em miradouros, tamb\u00e9m combina naturalmente com o <\/span><a href=\"https:\/\/www.atlanticholidayrentals.com\/blog\/pt\/pico-do-facho-2\/\"><span style=\"font-weight: 400;\">Miradouro do Pico do Facho<\/span><\/a><span style=\"font-weight: 400;\">, que tem vista sobre Machico e oferece uma perspetiva completamente diferente.<\/span><\/p><p><span style=\"font-weight: 400;\">Mais atr\u00e1s, em dire\u00e7\u00e3o ao Funchal, zonas como o <\/span><a href=\"https:\/\/www.atlanticholidayrentals.com\/blog\/pt\/canico-madeira\/\"><span style=\"font-weight: 400;\">Cani\u00e7o<\/span><\/a><span style=\"font-weight: 400;\"> ou o <\/span><a href=\"https:\/\/www.atlanticholidayrentals.com\/blog\/pt\/canico-de-baixo\/\"><span style=\"font-weight: 400;\">Cani\u00e7o de Baixo<\/span><\/a><span style=\"font-weight: 400;\"> s\u00e3o bons locais para ficar se quiser acesso f\u00e1cil tanto ao leste como \u00e0 capital.<\/span><\/p><p><span style=\"font-weight: 400;\">Para um plano mais abrangente, guias como <\/span><a href=\"https:\/\/www.atlanticholidayrentals.com\/blog\/things-to-do-in-madeira\/\"><span style=\"font-weight: 400;\">o que fazer na Madeira<\/span><\/a><span style=\"font-weight: 400;\"> ou <\/span><a href=\"https:\/\/www.atlanticholidayrentals.com\/blog\/pt\/\"><span style=\"font-weight: 400;\">levadas e trilhos na Madeira<\/span><\/a><span style=\"font-weight: 400;\"> ajudam a enquadrar a Ponta do Rosto num itiner\u00e1rio completo, em vez de a tratar como uma paragem isolada.<\/span><\/p>\t\t\t\t\t\t\t\t<\/div>\n\t\t\t\t<\/div>\n\t\t\t\t\t<\/div>\n\t\t\t\t<\/div>\n\t\t<div class=\"elementor-element elementor-element-66879ab e-flex e-con-boxed e-con e-parent\" data-id=\"66879ab\" data-element_type=\"container\" data-e-type=\"container\">\n\t\t\t\t\t<div class=\"e-con-inner\">\n\t\t\t\t<div class=\"elementor-element elementor-element-9b65e66 elementor-widget elementor-widget-heading\" data-id=\"9b65e66\" data-element_type=\"widget\" data-e-type=\"widget\" data-widget_type=\"heading.default\">\n\t\t\t\t<div class=\"elementor-widget-container\">\n\t\t\t\t\t<h2 class=\"elementor-heading-title elementor-size-default\">Por que raz\u00e3o o Miradouro da Ponta do Rosto merece estar no seu itiner\u00e1rio na Madeira\n<\/h2>\t\t\t\t<\/div>\n\t\t\t\t<\/div>\n\t\t\t\t<div class=\"elementor-element elementor-element-3dd8e44 elementor-widget elementor-widget-text-editor\" data-id=\"3dd8e44\" data-element_type=\"widget\" data-e-type=\"widget\" data-widget_type=\"text-editor.default\">\n\t\t\t\t<div class=\"elementor-widget-container\">\n\t\t\t\t\t\t\t\t\t<p><span style=\"font-weight: 400;\">O Miradouro da Ponta do Rosto \u00e9 a Madeira no seu estado mais exposto. Sem distra\u00e7\u00f5es, apenas fal\u00e9sias, oceano e vento. \u00c9 uma paragem r\u00e1pida que fica na mem\u00f3ria, especialmente depois de ver ambos os lados da ilha a partir de um \u00fanico ponto.  <\/span><\/p><p><span style=\"font-weight: 400;\">Funciona melhor como parte de um circuito mais amplo pelo leste, combinado com Machico ou S\u00e3o Louren\u00e7o, e equilibrado com tempo passado no Funchal.<\/span><\/p><p><span style=\"font-weight: 400;\">Para a viagem em si, a sua base \u00e9 importante. A Atlantic Holiday oferece desde apartamentos \u00e0 beira-mar a moradias maiores com espa\u00e7o e vistas, proporcionando-lhe acesso f\u00e1cil a locais como a Ponta do Rosto sem sobrecarregar demasiado os seus dias.  <\/span><\/p><p><a href=\"https:\/\/www.atlanticholidayrentals.com\/pt\/\"><span style=\"font-weight: 400;\">Explore as op\u00e7\u00f5es<\/span><\/a><span style=\"font-weight: 400;\"> e escolha um lugar que lhe permita explorar devidamente, e n\u00e3o apenas estar de passagem.<\/span><\/p>\t\t\t\t\t\t\t\t<\/div>\n\t\t\t\t<\/div>\n\t\t\t\t\t<\/div>\n\t\t\t\t<\/div>\n\t\t\t\t<\/div>\n\t\t","protected":false},"excerpt":{"rendered":"<p>Se se dirige para leste atrav\u00e9s da Madeira, o Miradouro da Ponta do Rosto \u00e9 um daqueles locais que parece um pouco fora de m\u00e3o at\u00e9 chegar e, de repente, [&hellip;]<\/p>\n","protected":false},"author":6,"featured_media":5963,"comment_status":"open","ping_status":"closed","sticky":false,"template":"","format":"standard","meta":{"footnotes":""},"categories":[91],"tags":[],"class_list":["post-5992","post","type-post","status-publish","format-standard","has-post-thumbnail","hentry","category-miradouros"],"yoast_head":"<!-- This site is optimized with the Yoast SEO plugin v27.4 - https:\/\/yoast.com\/product\/yoast-seo-wordpress\/ -->\n<title>Miradouro da Ponta do Rosto, Madeira - Blog<\/title>\n<meta name=\"description\" content=\"Explore os segredos do Miradouro da Ponta do Rosto. Deleite-se com as suas paisagens \u00fanicas e planeie a sua escapadinha perfeita na Madeira. Visite-o agora!\" \/>\n<meta name=\"robots\" content=\"index, follow, max-snippet:-1, max-image-preview:large, max-video-preview:-1\" \/>\n<link rel=\"canonical\" href=\"https:\/\/www.atlanticholidayrentals.com\/blog\/pt\/miradouro-da-ponta-do-rosto-madeira\/\" \/>\n<meta property=\"og:locale\" content=\"pt_PT\" \/>\n<meta property=\"og:type\" content=\"article\" \/>\n<meta property=\"og:title\" content=\"Miradouro da Ponta do Rosto, Madeira - Blog\" \/>\n<meta property=\"og:description\" content=\"Explore os segredos do Miradouro da Ponta do Rosto. Deleite-se com as suas paisagens \u00fanicas e planeie a sua escapadinha perfeita na Madeira. Visite-o agora!\" \/>\n<meta property=\"og:url\" content=\"https:\/\/www.atlanticholidayrentals.com\/blog\/pt\/miradouro-da-ponta-do-rosto-madeira\/\" \/>\n<meta property=\"og:site_name\" content=\"Blog\" \/>\n<meta property=\"article:published_time\" content=\"2026-04-02T14:19:07+00:00\" \/>\n<meta property=\"article:modified_time\" content=\"2026-04-22T14:42:35+00:00\" \/>\n<meta property=\"og:image\" content=\"https:\/\/www.atlanticholidayrentals.com\/blog\/wp-content\/uploads\/2026\/04\/Miradouro-da-Ponta-do-Rosto-in-Madeira.webp\" \/>\n\t<meta property=\"og:image:width\" content=\"1360\" \/>\n\t<meta property=\"og:image:height\" content=\"1020\" \/>\n\t<meta property=\"og:image:type\" content=\"image\/webp\" \/>\n<meta name=\"author\" content=\"Richard\" \/>\n<meta name=\"twitter:card\" content=\"summary_large_image\" \/>\n<meta name=\"twitter:label1\" content=\"Written by\" \/>\n\t<meta name=\"twitter:data1\" content=\"Richard\" \/>\n\t<meta name=\"twitter:label2\" content=\"Est. reading time\" \/>\n\t<meta name=\"twitter:data2\" content=\"5 minutos\" \/>\n<script type=\"application\/ld+json\" class=\"yoast-schema-graph\">{\"@context\":\"https:\\\/\\\/schema.org\",\"@graph\":[{\"@type\":\"Article\",\"@id\":\"https:\\\/\\\/www.atlanticholidayrentals.com\\\/blog\\\/pt\\\/miradouro-da-ponta-do-rosto-madeira\\\/#article\",\"isPartOf\":{\"@id\":\"https:\\\/\\\/www.atlanticholidayrentals.com\\\/blog\\\/pt\\\/miradouro-da-ponta-do-rosto-madeira\\\/\"},\"author\":{\"name\":\"Richard\",\"@id\":\"https:\\\/\\\/www.atlanticholidayrentals.com\\\/blog\\\/#\\\/schema\\\/person\\\/ad3cabdee1032b4f701c81e7b6959d44\"},\"headline\":\"Miradouro da Ponta do Rosto: Guia Completo do Miradouro do Leste da Madeira\",\"datePublished\":\"2026-04-02T14:19:07+00:00\",\"dateModified\":\"2026-04-22T14:42:35+00:00\",\"mainEntityOfPage\":{\"@id\":\"https:\\\/\\\/www.atlanticholidayrentals.com\\\/blog\\\/pt\\\/miradouro-da-ponta-do-rosto-madeira\\\/\"},\"wordCount\":1088,\"commentCount\":0,\"image\":{\"@id\":\"https:\\\/\\\/www.atlanticholidayrentals.com\\\/blog\\\/pt\\\/miradouro-da-ponta-do-rosto-madeira\\\/#primaryimage\"},\"thumbnailUrl\":\"https:\\\/\\\/www.atlanticholidayrentals.com\\\/blog\\\/wp-content\\\/uploads\\\/2026\\\/04\\\/Miradouro-da-Ponta-do-Rosto-in-Madeira.webp\",\"articleSection\":[\"Miradouros\"],\"inLanguage\":\"pt-PT\",\"potentialAction\":[{\"@type\":\"CommentAction\",\"name\":\"Comment\",\"target\":[\"https:\\\/\\\/www.atlanticholidayrentals.com\\\/blog\\\/pt\\\/miradouro-da-ponta-do-rosto-madeira\\\/#respond\"]}]},{\"@type\":\"WebPage\",\"@id\":\"https:\\\/\\\/www.atlanticholidayrentals.com\\\/blog\\\/pt\\\/miradouro-da-ponta-do-rosto-madeira\\\/\",\"url\":\"https:\\\/\\\/www.atlanticholidayrentals.com\\\/blog\\\/pt\\\/miradouro-da-ponta-do-rosto-madeira\\\/\",\"name\":\"Miradouro da Ponta do Rosto, Madeira - Blog\",\"isPartOf\":{\"@id\":\"https:\\\/\\\/www.atlanticholidayrentals.com\\\/blog\\\/#website\"},\"primaryImageOfPage\":{\"@id\":\"https:\\\/\\\/www.atlanticholidayrentals.com\\\/blog\\\/pt\\\/miradouro-da-ponta-do-rosto-madeira\\\/#primaryimage\"},\"image\":{\"@id\":\"https:\\\/\\\/www.atlanticholidayrentals.com\\\/blog\\\/pt\\\/miradouro-da-ponta-do-rosto-madeira\\\/#primaryimage\"},\"thumbnailUrl\":\"https:\\\/\\\/www.atlanticholidayrentals.com\\\/blog\\\/wp-content\\\/uploads\\\/2026\\\/04\\\/Miradouro-da-Ponta-do-Rosto-in-Madeira.webp\",\"datePublished\":\"2026-04-02T14:19:07+00:00\",\"dateModified\":\"2026-04-22T14:42:35+00:00\",\"author\":{\"@id\":\"https:\\\/\\\/www.atlanticholidayrentals.com\\\/blog\\\/#\\\/schema\\\/person\\\/ad3cabdee1032b4f701c81e7b6959d44\"},\"description\":\"Explore os segredos do Miradouro da Ponta do Rosto. Deleite-se com as suas paisagens \u00fanicas e planeie a sua escapadinha perfeita na Madeira. Visite-o agora!\",\"breadcrumb\":{\"@id\":\"https:\\\/\\\/www.atlanticholidayrentals.com\\\/blog\\\/pt\\\/miradouro-da-ponta-do-rosto-madeira\\\/#breadcrumb\"},\"inLanguage\":\"pt-PT\",\"potentialAction\":[{\"@type\":\"ReadAction\",\"target\":[\"https:\\\/\\\/www.atlanticholidayrentals.com\\\/blog\\\/pt\\\/miradouro-da-ponta-do-rosto-madeira\\\/\"]}]},{\"@type\":\"ImageObject\",\"inLanguage\":\"pt-PT\",\"@id\":\"https:\\\/\\\/www.atlanticholidayrentals.com\\\/blog\\\/pt\\\/miradouro-da-ponta-do-rosto-madeira\\\/#primaryimage\",\"url\":\"https:\\\/\\\/www.atlanticholidayrentals.com\\\/blog\\\/wp-content\\\/uploads\\\/2026\\\/04\\\/Miradouro-da-Ponta-do-Rosto-in-Madeira.webp\",\"contentUrl\":\"https:\\\/\\\/www.atlanticholidayrentals.com\\\/blog\\\/wp-content\\\/uploads\\\/2026\\\/04\\\/Miradouro-da-Ponta-do-Rosto-in-Madeira.webp\",\"width\":1360,\"height\":1020},{\"@type\":\"BreadcrumbList\",\"@id\":\"https:\\\/\\\/www.atlanticholidayrentals.com\\\/blog\\\/pt\\\/miradouro-da-ponta-do-rosto-madeira\\\/#breadcrumb\",\"itemListElement\":[{\"@type\":\"ListItem\",\"position\":1,\"name\":\"Home\",\"item\":\"https:\\\/\\\/www.atlanticholidayrentals.com\\\/blog\\\/es\\\/\"},{\"@type\":\"ListItem\",\"position\":2,\"name\":\"Miradouro da Ponta do Rosto: Guia Completo do Miradouro do Leste da Madeira\"}]},{\"@type\":\"WebSite\",\"@id\":\"https:\\\/\\\/www.atlanticholidayrentals.com\\\/blog\\\/#website\",\"url\":\"https:\\\/\\\/www.atlanticholidayrentals.com\\\/blog\\\/\",\"name\":\"Blog\",\"description\":\"Atlanticholidayrentals\",\"potentialAction\":[{\"@type\":\"SearchAction\",\"target\":{\"@type\":\"EntryPoint\",\"urlTemplate\":\"https:\\\/\\\/www.atlanticholidayrentals.com\\\/blog\\\/?s={search_term_string}\"},\"query-input\":{\"@type\":\"PropertyValueSpecification\",\"valueRequired\":true,\"valueName\":\"search_term_string\"}}],\"inLanguage\":\"pt-PT\"},{\"@type\":\"Person\",\"@id\":\"https:\\\/\\\/www.atlanticholidayrentals.com\\\/blog\\\/#\\\/schema\\\/person\\\/ad3cabdee1032b4f701c81e7b6959d44\",\"name\":\"Richard\",\"image\":{\"@type\":\"ImageObject\",\"inLanguage\":\"pt-PT\",\"@id\":\"https:\\\/\\\/secure.gravatar.com\\\/avatar\\\/63f7d63df8bc500b7b072100eb25897597ec962e6be3ac33cf5045633fb5702a?s=96&d=mm&r=g\",\"url\":\"https:\\\/\\\/secure.gravatar.com\\\/avatar\\\/63f7d63df8bc500b7b072100eb25897597ec962e6be3ac33cf5045633fb5702a?s=96&d=mm&r=g\",\"contentUrl\":\"https:\\\/\\\/secure.gravatar.com\\\/avatar\\\/63f7d63df8bc500b7b072100eb25897597ec962e6be3ac33cf5045633fb5702a?s=96&d=mm&r=g\",\"caption\":\"Richard\"},\"url\":\"https:\\\/\\\/www.atlanticholidayrentals.com\\\/blog\\\/pt\\\/author\\\/richard\\\/\"}]}<\/script>\n<!-- \/ Yoast SEO plugin. -->","yoast_head_json":{"title":"Miradouro da Ponta do Rosto, Madeira - Blog","description":"Explore os segredos do Miradouro da Ponta do Rosto. Deleite-se com as suas paisagens \u00fanicas e planeie a sua escapadinha perfeita na Madeira. Visite-o agora!","robots":{"index":"index","follow":"follow","max-snippet":"max-snippet:-1","max-image-preview":"max-image-preview:large","max-video-preview":"max-video-preview:-1"},"canonical":"https:\/\/www.atlanticholidayrentals.com\/blog\/pt\/miradouro-da-ponta-do-rosto-madeira\/","og_locale":"pt_PT","og_type":"article","og_title":"Miradouro da Ponta do Rosto, Madeira - Blog","og_description":"Explore os segredos do Miradouro da Ponta do Rosto. Deleite-se com as suas paisagens \u00fanicas e planeie a sua escapadinha perfeita na Madeira. Visite-o agora!","og_url":"https:\/\/www.atlanticholidayrentals.com\/blog\/pt\/miradouro-da-ponta-do-rosto-madeira\/","og_site_name":"Blog","article_published_time":"2026-04-02T14:19:07+00:00","article_modified_time":"2026-04-22T14:42:35+00:00","og_image":[{"width":1360,"height":1020,"url":"https:\/\/www.atlanticholidayrentals.com\/blog\/wp-content\/uploads\/2026\/04\/Miradouro-da-Ponta-do-Rosto-in-Madeira.webp","type":"image\/webp"}],"author":"Richard","twitter_card":"summary_large_image","twitter_misc":{"Written by":"Richard","Est. reading time":"5 minutos"},"schema":{"@context":"https:\/\/schema.org","@graph":[{"@type":"Article","@id":"https:\/\/www.atlanticholidayrentals.com\/blog\/pt\/miradouro-da-ponta-do-rosto-madeira\/#article","isPartOf":{"@id":"https:\/\/www.atlanticholidayrentals.com\/blog\/pt\/miradouro-da-ponta-do-rosto-madeira\/"},"author":{"name":"Richard","@id":"https:\/\/www.atlanticholidayrentals.com\/blog\/#\/schema\/person\/ad3cabdee1032b4f701c81e7b6959d44"},"headline":"Miradouro da Ponta do Rosto: Guia Completo do Miradouro do Leste da Madeira","datePublished":"2026-04-02T14:19:07+00:00","dateModified":"2026-04-22T14:42:35+00:00","mainEntityOfPage":{"@id":"https:\/\/www.atlanticholidayrentals.com\/blog\/pt\/miradouro-da-ponta-do-rosto-madeira\/"},"wordCount":1088,"commentCount":0,"image":{"@id":"https:\/\/www.atlanticholidayrentals.com\/blog\/pt\/miradouro-da-ponta-do-rosto-madeira\/#primaryimage"},"thumbnailUrl":"https:\/\/www.atlanticholidayrentals.com\/blog\/wp-content\/uploads\/2026\/04\/Miradouro-da-Ponta-do-Rosto-in-Madeira.webp","articleSection":["Miradouros"],"inLanguage":"pt-PT","potentialAction":[{"@type":"CommentAction","name":"Comment","target":["https:\/\/www.atlanticholidayrentals.com\/blog\/pt\/miradouro-da-ponta-do-rosto-madeira\/#respond"]}]},{"@type":"WebPage","@id":"https:\/\/www.atlanticholidayrentals.com\/blog\/pt\/miradouro-da-ponta-do-rosto-madeira\/","url":"https:\/\/www.atlanticholidayrentals.com\/blog\/pt\/miradouro-da-ponta-do-rosto-madeira\/","name":"Miradouro da Ponta do Rosto, Madeira - Blog","isPartOf":{"@id":"https:\/\/www.atlanticholidayrentals.com\/blog\/#website"},"primaryImageOfPage":{"@id":"https:\/\/www.atlanticholidayrentals.com\/blog\/pt\/miradouro-da-ponta-do-rosto-madeira\/#primaryimage"},"image":{"@id":"https:\/\/www.atlanticholidayrentals.com\/blog\/pt\/miradouro-da-ponta-do-rosto-madeira\/#primaryimage"},"thumbnailUrl":"https:\/\/www.atlanticholidayrentals.com\/blog\/wp-content\/uploads\/2026\/04\/Miradouro-da-Ponta-do-Rosto-in-Madeira.webp","datePublished":"2026-04-02T14:19:07+00:00","dateModified":"2026-04-22T14:42:35+00:00","author":{"@id":"https:\/\/www.atlanticholidayrentals.com\/blog\/#\/schema\/person\/ad3cabdee1032b4f701c81e7b6959d44"},"description":"Explore os segredos do Miradouro da Ponta do Rosto. Deleite-se com as suas paisagens \u00fanicas e planeie a sua escapadinha perfeita na Madeira. Visite-o agora!","breadcrumb":{"@id":"https:\/\/www.atlanticholidayrentals.com\/blog\/pt\/miradouro-da-ponta-do-rosto-madeira\/#breadcrumb"},"inLanguage":"pt-PT","potentialAction":[{"@type":"ReadAction","target":["https:\/\/www.atlanticholidayrentals.com\/blog\/pt\/miradouro-da-ponta-do-rosto-madeira\/"]}]},{"@type":"ImageObject","inLanguage":"pt-PT","@id":"https:\/\/www.atlanticholidayrentals.com\/blog\/pt\/miradouro-da-ponta-do-rosto-madeira\/#primaryimage","url":"https:\/\/www.atlanticholidayrentals.com\/blog\/wp-content\/uploads\/2026\/04\/Miradouro-da-Ponta-do-Rosto-in-Madeira.webp","contentUrl":"https:\/\/www.atlanticholidayrentals.com\/blog\/wp-content\/uploads\/2026\/04\/Miradouro-da-Ponta-do-Rosto-in-Madeira.webp","width":1360,"height":1020},{"@type":"BreadcrumbList","@id":"https:\/\/www.atlanticholidayrentals.com\/blog\/pt\/miradouro-da-ponta-do-rosto-madeira\/#breadcrumb","itemListElement":[{"@type":"ListItem","position":1,"name":"Home","item":"https:\/\/www.atlanticholidayrentals.com\/blog\/es\/"},{"@type":"ListItem","position":2,"name":"Miradouro da Ponta do Rosto: Guia Completo do Miradouro do Leste da Madeira"}]},{"@type":"WebSite","@id":"https:\/\/www.atlanticholidayrentals.com\/blog\/#website","url":"https:\/\/www.atlanticholidayrentals.com\/blog\/","name":"Blog","description":"Atlanticholidayrentals","potentialAction":[{"@type":"SearchAction","target":{"@type":"EntryPoint","urlTemplate":"https:\/\/www.atlanticholidayrentals.com\/blog\/?s={search_term_string}"},"query-input":{"@type":"PropertyValueSpecification","valueRequired":true,"valueName":"search_term_string"}}],"inLanguage":"pt-PT"},{"@type":"Person","@id":"https:\/\/www.atlanticholidayrentals.com\/blog\/#\/schema\/person\/ad3cabdee1032b4f701c81e7b6959d44","name":"Richard","image":{"@type":"ImageObject","inLanguage":"pt-PT","@id":"https:\/\/secure.gravatar.com\/avatar\/63f7d63df8bc500b7b072100eb25897597ec962e6be3ac33cf5045633fb5702a?s=96&d=mm&r=g","url":"https:\/\/secure.gravatar.com\/avatar\/63f7d63df8bc500b7b072100eb25897597ec962e6be3ac33cf5045633fb5702a?s=96&d=mm&r=g","contentUrl":"https:\/\/secure.gravatar.com\/avatar\/63f7d63df8bc500b7b072100eb25897597ec962e6be3ac33cf5045633fb5702a?s=96&d=mm&r=g","caption":"Richard"},"url":"https:\/\/www.atlanticholidayrentals.com\/blog\/pt\/author\/richard\/"}]}},"_links":{"self":[{"href":"https:\/\/www.atlanticholidayrentals.com\/blog\/pt\/wp-json\/wp\/v2\/posts\/5992","targetHints":{"allow":["GET"]}}],"collection":[{"href":"https:\/\/www.atlanticholidayrentals.com\/blog\/pt\/wp-json\/wp\/v2\/posts"}],"about":[{"href":"https:\/\/www.atlanticholidayrentals.com\/blog\/pt\/wp-json\/wp\/v2\/types\/post"}],"author":[{"embeddable":true,"href":"https:\/\/www.atlanticholidayrentals.com\/blog\/pt\/wp-json\/wp\/v2\/users\/6"}],"replies":[{"embeddable":true,"href":"https:\/\/www.atlanticholidayrentals.com\/blog\/pt\/wp-json\/wp\/v2\/comments?post=5992"}],"version-history":[{"count":1,"href":"https:\/\/www.atlanticholidayrentals.com\/blog\/pt\/wp-json\/wp\/v2\/posts\/5992\/revisions"}],"predecessor-version":[{"id":5993,"href":"https:\/\/www.atlanticholidayrentals.com\/blog\/pt\/wp-json\/wp\/v2\/posts\/5992\/revisions\/5993"}],"wp:featuredmedia":[{"embeddable":true,"href":"https:\/\/www.atlanticholidayrentals.com\/blog\/pt\/wp-json\/wp\/v2\/media\/5963"}],"wp:attachment":[{"href":"https:\/\/www.atlanticholidayrentals.com\/blog\/pt\/wp-json\/wp\/v2\/media?parent=5992"}],"wp:term":[{"taxonomy":"category","embeddable":true,"href":"https:\/\/www.atlanticholidayrentals.com\/blog\/pt\/wp-json\/wp\/v2\/categories?post=5992"},{"taxonomy":"post_tag","embeddable":true,"href":"https:\/\/www.atlanticholidayrentals.com\/blog\/pt\/wp-json\/wp\/v2\/tags?post=5992"}],"curies":[{"name":"wp","href":"https:\/\/api.w.org\/{rel}","templated":true}]}}