{"id":6096,"date":"2026-04-24T11:48:11","date_gmt":"2026-04-24T11:48:11","guid":{"rendered":"https:\/\/www.atlanticholidayrentals.com\/blog\/vacances-luxe-madere\/"},"modified":"2026-04-24T12:49:54","modified_gmt":"2026-04-24T12:49:54","slug":"vacances-luxe-madere","status":"publish","type":"post","link":"https:\/\/www.atlanticholidayrentals.com\/blog\/fr\/vacances-luxe-madere\/","title":{"rendered":"Vacances de luxe \u00e0 Mad\u00e8re"},"content":{"rendered":"\t\t<div data-elementor-type=\"wp-post\" data-elementor-id=\"6096\" class=\"elementor elementor-6096 elementor-6070\" data-elementor-post-type=\"post\">\n\t\t\t\t<div class=\"elementor-element elementor-element-3b12a6e3 e-con-full e-flex e-con e-parent\" data-id=\"3b12a6e3\" data-element_type=\"container\" data-e-type=\"container\" data-settings=\"{&quot;background_background&quot;:&quot;classic&quot;}\">\n\t\t\t\t<div class=\"elementor-element elementor-element-34a7a333 elementor-widget elementor-widget-heading\" data-id=\"34a7a333\" data-element_type=\"widget\" data-e-type=\"widget\" data-widget_type=\"heading.default\">\n\t\t\t\t<div class=\"elementor-widget-container\">\n\t\t\t\t\t<h1 class=\"elementor-heading-title elementor-size-default\">Vacances de luxe \u00e0 Mad\u00e8re <\/h1>\t\t\t\t<\/div>\n\t\t\t\t<\/div>\n\t\t\t\t<div class=\"elementor-element elementor-element-382cb935 elementor-widget elementor-widget-heading\" data-id=\"382cb935\" data-element_type=\"widget\" data-e-type=\"widget\" data-widget_type=\"heading.default\">\n\t\t\t\t<div class=\"elementor-widget-container\">\n\t\t\t\t\t<h3 class=\"elementor-heading-title elementor-size-default\">S\u00e9jours en villa exclusifs pour votre escapade \u00e0 Mad\u00e8re<\/h3>\t\t\t\t<\/div>\n\t\t\t\t<\/div>\n\t\t\t\t<\/div>\n\t\t<div class=\"elementor-element elementor-element-66afa0dd e-flex e-con-boxed e-con e-parent\" data-id=\"66afa0dd\" data-element_type=\"container\" data-e-type=\"container\">\n\t\t\t\t\t<div class=\"e-con-inner\">\n\t\t<div class=\"elementor-element elementor-element-51296082 e-grid e-con-full e-con e-child\" data-id=\"51296082\" data-element_type=\"container\" data-e-type=\"container\">\n\t\t<div class=\"elementor-element elementor-element-6d12940e e-con-full e-flex e-con e-child\" data-id=\"6d12940e\" data-element_type=\"container\" data-e-type=\"container\">\n\t\t\t\t<div class=\"elementor-element elementor-element-3c0c79e3 elementor-widget elementor-widget-heading\" data-id=\"3c0c79e3\" data-element_type=\"widget\" data-e-type=\"widget\" data-widget_type=\"heading.default\">\n\t\t\t\t<div class=\"elementor-widget-container\">\n\t\t\t\t\t<h2 class=\"elementor-heading-title elementor-size-default\"><a href=\"https:\/\/www.atlanticholidayrentals.com\/fr\/location-villa-luxe-madere\/\">Luxe<\/a><\/h2>\t\t\t\t<\/div>\n\t\t\t\t<\/div>\n\t\t\t\t<\/div>\n\t\t<div class=\"elementor-element elementor-element-10fa623 e-con-full e-flex e-con e-child\" data-id=\"10fa623\" data-element_type=\"container\" data-e-type=\"container\">\n\t\t\t\t<div class=\"elementor-element elementor-element-1e62a7d0 elementor-widget elementor-widget-heading\" data-id=\"1e62a7d0\" data-element_type=\"widget\" data-e-type=\"widget\" data-widget_type=\"heading.default\">\n\t\t\t\t<div class=\"elementor-widget-container\">\n\t\t\t\t\t<h2 class=\"elementor-heading-title elementor-size-default\"><a href=\"https:\/\/www.atlanticholidayrentals.com\/fr\/location-villa-madere-avec-piscine\/\">Piscine<\/a><\/h2>\t\t\t\t<\/div>\n\t\t\t\t<\/div>\n\t\t\t\t<\/div>\n\t\t<div class=\"elementor-element elementor-element-ce334ed e-con-full e-flex e-con e-child\" data-id=\"ce334ed\" data-element_type=\"container\" data-e-type=\"container\">\n\t\t\t\t<div class=\"elementor-element elementor-element-5d0ab0c3 elementor-widget elementor-widget-heading\" data-id=\"5d0ab0c3\" data-element_type=\"widget\" data-e-type=\"widget\" data-widget_type=\"heading.default\">\n\t\t\t\t<div class=\"elementor-widget-container\">\n\t\t\t\t\t<h2 class=\"elementor-heading-title elementor-size-default\"><a href=\"https:\/\/www.atlanticholidayrentals.com\/fr\/madere-en-amoureux\/\">Couples<\/a><\/h2>\t\t\t\t<\/div>\n\t\t\t\t<\/div>\n\t\t\t\t<\/div>\n\t\t<div class=\"elementor-element elementor-element-8efad25 e-con-full e-flex e-con e-child\" data-id=\"8efad25\" data-element_type=\"container\" data-e-type=\"container\">\n\t\t\t\t<div class=\"elementor-element elementor-element-462b33c0 elementor-widget elementor-widget-heading\" data-id=\"462b33c0\" data-element_type=\"widget\" data-e-type=\"widget\" data-widget_type=\"heading.default\">\n\t\t\t\t<div class=\"elementor-widget-container\">\n\t\t\t\t\t<h2 class=\"elementor-heading-title elementor-size-default\"><a href=\"https:\/\/www.atlanticholidayrentals.com\/fr\/madere-en-famille-vacances-location\/\">Familles<\/a><\/h2>\t\t\t\t<\/div>\n\t\t\t\t<\/div>\n\t\t\t\t<\/div>\n\t\t\t\t<\/div>\n\t\t\t\t\t<\/div>\n\t\t\t\t<\/div>\n\t\t<div class=\"elementor-element elementor-element-5b12b317 e-flex e-con-boxed e-con e-parent\" data-id=\"5b12b317\" data-element_type=\"container\" data-e-type=\"container\">\n\t\t\t\t\t<div class=\"e-con-inner\">\n\t\t\t\t<div class=\"elementor-element elementor-element-400dda2c elementor-widget elementor-widget-heading\" data-id=\"400dda2c\" data-element_type=\"widget\" data-e-type=\"widget\" data-widget_type=\"heading.default\">\n\t\t\t\t<div class=\"elementor-widget-container\">\n\t\t\t\t\t<h2 class=\"elementor-heading-title elementor-size-default\">Notre s\u00e9lection de villas pour des vacances de luxe \u00e0 Mad\u00e8re<\/h2>\t\t\t\t<\/div>\n\t\t\t\t<\/div>\n\t\t\t\t<div class=\"elementor-element elementor-element-209ff4ec elementor-widget elementor-widget-grid\" data-id=\"209ff4ec\" data-element_type=\"widget\" data-e-type=\"widget\" data-widget_type=\"grid.default\">\n\t\t\t\t<div class=\"elementor-widget-container\">\n\t\t\t\t\t\t\t<div class=\"its--row alojamientos-recomendados\">\n\n\t\t\t<div class=\"alojamientos-recomendados-container\">\n\n\t\t\t\t\t\n\t\t\t\t\t<a href=\"https:\/\/www.atlanticholidayrentals.com\/fr\/location\/villa-estreito-calheta-villa-de-la-ponte-383781.html\" rel=\"nofollow\" style=\"width: 23%;\">\n\t\t\t\t\t\t<div class=\"apartamento-box\">\n\t\t\t\t\t\t\t<div class=\"imagen_recomendados\">\n\t\t\t\t\t\t\t\t<img decoding=\"async\" src=\"https:\/\/crs.avantio.com\/fotos\/2\/164795331146283ae6e4074994c60d1a5cb87e4dfb\/big167941330031db8d9c0a359622176e5fa8ee7cc8e5.jpg\" alt=\"Villa de la Ponte by Atlantic Holiday\">\n\t\t\t\t\t\t\t<\/div>\n\t\t\t\t\t\t\t<div class=\"info\">\n\t\t\t\t\t\t\t\t<div class=\"ubicacion\">\n\t\t\t\t\t\t\t\t\t<i class=\"fa-solid fa-location-dot icono-mapa\"><\/i><span class=\"ubicacion-texto\">Estreito Calheta - Ilha da Madeira<\/span>\n\t\t\t\t\t\t\t\t<\/div>\n\t\t\t\t\t\t\t\t<H3 class=\"titulo-alojamiento\">\n\t\t\t\t\t\t\t\t\tVilla de la Ponte by Atlantic Holiday\t\t\t\t\t\t\t\t<\/H3>\n\t\t\t\t\t\t\t\t<p class=\"precio-alojamiento\">\u00c0 partir de <span class=\"precio\">196.00\u20ac<\/span> par nuit<\/p>\n\t\t\t\t\t\t\t<\/div>\n\t\t\t\t\t\t<\/div>\n\t\t\t\t\t<\/a> \n\t\t\t\t\t\t\n\t\t\t\t\t<a href=\"https:\/\/www.atlanticholidayrentals.com\/fr\/location\/villa-ribeira-brava-villa-ocean-haven-402035.html\" rel=\"nofollow\" style=\"width: 23%;\">\n\t\t\t\t\t\t<div class=\"apartamento-box\">\n\t\t\t\t\t\t\t<div class=\"imagen_recomendados\">\n\t\t\t\t\t\t\t\t<img decoding=\"async\" src=\"https:\/\/crs.avantio.com\/fotos\/2\/166307210658ff47228a0975da0993bf5cd7150ebd\/big16789971756d0822b0ebae19d2e0d9560729dcd140.jpg\" alt=\"Villa Ocean Haven by Atlantic Holiday\">\n\t\t\t\t\t\t\t<\/div>\n\t\t\t\t\t\t\t<div class=\"info\">\n\t\t\t\t\t\t\t\t<div class=\"ubicacion\">\n\t\t\t\t\t\t\t\t\t<i class=\"fa-solid fa-location-dot icono-mapa\"><\/i><span class=\"ubicacion-texto\">Ribeira Brava - Ilha da Madeira<\/span>\n\t\t\t\t\t\t\t\t<\/div>\n\t\t\t\t\t\t\t\t<H3 class=\"titulo-alojamiento\">\n\t\t\t\t\t\t\t\t\tVilla Ocean Haven by Atlantic Holiday\t\t\t\t\t\t\t\t<\/H3>\n\t\t\t\t\t\t\t\t<p class=\"precio-alojamiento\">\u00c0 partir de <span class=\"precio\">209.00\u20ac<\/span> par nuit<\/p>\n\t\t\t\t\t\t\t<\/div>\n\t\t\t\t\t\t<\/div>\n\t\t\t\t\t<\/a> \n\t\t\t\t\t\t\n\t\t\t\t\t<a href=\"https:\/\/www.atlanticholidayrentals.com\/fr\/location\/villa-ponta-delgada-dream-house-413838.html\" rel=\"nofollow\" style=\"width: 23%;\">\n\t\t\t\t\t\t<div class=\"apartamento-box\">\n\t\t\t\t\t\t\t<div class=\"imagen_recomendados\">\n\t\t\t\t\t\t\t\t<img decoding=\"async\" src=\"https:\/\/crs.avantio.com\/fotos\/2\/167337004606c792194e4b25ea4e550c2fddc0dedb\/big171622401831124355f34212c0d7349df3b3396a91.jpg\" alt=\"Dream House by Atlantic Holiday\">\n\t\t\t\t\t\t\t<\/div>\n\t\t\t\t\t\t\t<div class=\"info\">\n\t\t\t\t\t\t\t\t<div class=\"ubicacion\">\n\t\t\t\t\t\t\t\t\t<i class=\"fa-solid fa-location-dot icono-mapa\"><\/i><span class=\"ubicacion-texto\">Ponta Delgada - Ilha da Madeira<\/span>\n\t\t\t\t\t\t\t\t<\/div>\n\t\t\t\t\t\t\t\t<H3 class=\"titulo-alojamiento\">\n\t\t\t\t\t\t\t\t\tDream House by Atlantic Holiday\t\t\t\t\t\t\t\t<\/H3>\n\t\t\t\t\t\t\t\t<p class=\"precio-alojamiento\">\u00c0 partir de <span class=\"precio\">150.00\u20ac<\/span> par nuit<\/p>\n\t\t\t\t\t\t\t<\/div>\n\t\t\t\t\t\t<\/div>\n\t\t\t\t\t<\/a> \n\t\t\t\t\t\t\n\t\t\t\t\t<a href=\"https:\/\/www.atlanticholidayrentals.com\/fr\/location\/villa-calheta-villa-primavera-517840.html\" rel=\"nofollow\" style=\"width: 23%;\">\n\t\t\t\t\t\t<div class=\"apartamento-box\">\n\t\t\t\t\t\t\t<div class=\"imagen_recomendados\">\n\t\t\t\t\t\t\t\t<img decoding=\"async\" src=\"https:\/\/crs.avantio.com\/fotos\/3\/1742470117f80c4a35972ee4eeb6eb528f8186c20a\/big1742470247980e40b96d6e50e6a992c9815ced188e.jpg\" alt=\"Villa Primavera by Atlantic Holiday\">\n\t\t\t\t\t\t\t<\/div>\n\t\t\t\t\t\t\t<div class=\"info\">\n\t\t\t\t\t\t\t\t<div class=\"ubicacion\">\n\t\t\t\t\t\t\t\t\t<i class=\"fa-solid fa-location-dot icono-mapa\"><\/i><span class=\"ubicacion-texto\">Calheta - Ilha da Madeira<\/span>\n\t\t\t\t\t\t\t\t<\/div>\n\t\t\t\t\t\t\t\t<H3 class=\"titulo-alojamiento\">\n\t\t\t\t\t\t\t\t\tVilla Primavera by Atlantic Holiday\t\t\t\t\t\t\t\t<\/H3>\n\t\t\t\t\t\t\t\t<p class=\"precio-alojamiento\">\u00c0 partir de <span class=\"precio\">247.00\u20ac<\/span> par nuit<\/p>\n\t\t\t\t\t\t\t<\/div>\n\t\t\t\t\t\t<\/div>\n\t\t\t\t\t<\/a> \n\t\t\t\t\t\t\n\t\t\t\t\t<a href=\"https:\/\/www.atlanticholidayrentals.com\/fr\/location\/appartement-funchal-mpr-the-finnest-517842.html\" rel=\"nofollow\" style=\"width: 23%;\">\n\t\t\t\t\t\t<div class=\"apartamento-box\">\n\t\t\t\t\t\t\t<div class=\"imagen_recomendados\">\n\t\t\t\t\t\t\t\t<img decoding=\"async\" src=\"https:\/\/crs.avantio.com\/fotos\/3\/17424689834119a1f5920e4371c09ef4377278c265\/big1742644677de92a6c611542b708451dae3291f4ec7.jpg\" alt=\"MPR The Finnest by Atlantic Holiday\">\n\t\t\t\t\t\t\t<\/div>\n\t\t\t\t\t\t\t<div class=\"info\">\n\t\t\t\t\t\t\t\t<div class=\"ubicacion\">\n\t\t\t\t\t\t\t\t\t<i class=\"fa-solid fa-location-dot icono-mapa\"><\/i><span class=\"ubicacion-texto\">Funchal - Ilha da Madeira<\/span>\n\t\t\t\t\t\t\t\t<\/div>\n\t\t\t\t\t\t\t\t<H3 class=\"titulo-alojamiento\">\n\t\t\t\t\t\t\t\t\tMPR The Finnest by Atlantic Holiday\t\t\t\t\t\t\t\t<\/H3>\n\t\t\t\t\t\t\t\t<p class=\"precio-alojamiento\">\u00c0 partir de <span class=\"precio\">155.00\u20ac<\/span> par nuit<\/p>\n\t\t\t\t\t\t\t<\/div>\n\t\t\t\t\t\t<\/div>\n\t\t\t\t\t<\/a> \n\t\t\t\t\t\t\n\t\t\t\t\t<a href=\"https:\/\/www.atlanticholidayrentals.com\/fr\/location\/villa-camara-de-lobos-palm-paradise-villa-517848.html\" rel=\"nofollow\" style=\"width: 23%;\">\n\t\t\t\t\t\t<div class=\"apartamento-box\">\n\t\t\t\t\t\t\t<div class=\"imagen_recomendados\">\n\t\t\t\t\t\t\t\t<img decoding=\"async\" src=\"https:\/\/crs.avantio.com\/fotos\/3\/17442158246cbb904cfc7354359e4c64f22bd89c25\/big174556961073ede870b21208a4bb551b34f8fa2c07.jpg\" alt=\"Palm Paradise by Atlantic Holiday\">\n\t\t\t\t\t\t\t<\/div>\n\t\t\t\t\t\t\t<div class=\"info\">\n\t\t\t\t\t\t\t\t<div class=\"ubicacion\">\n\t\t\t\t\t\t\t\t\t<i class=\"fa-solid fa-location-dot icono-mapa\"><\/i><span class=\"ubicacion-texto\">C\u00e2mara de Lobos - Ilha da Madeira<\/span>\n\t\t\t\t\t\t\t\t<\/div>\n\t\t\t\t\t\t\t\t<H3 class=\"titulo-alojamiento\">\n\t\t\t\t\t\t\t\t\tPalm Paradise by Atlantic Holiday\t\t\t\t\t\t\t\t<\/H3>\n\t\t\t\t\t\t\t\t<p class=\"precio-alojamiento\">\u00c0 partir de <span class=\"precio\">150.00\u20ac<\/span> par nuit<\/p>\n\t\t\t\t\t\t\t<\/div>\n\t\t\t\t\t\t<\/div>\n\t\t\t\t\t<\/a> \n\t\t\t\t\t\t\n\t\t\t\t\t<a href=\"https:\/\/www.atlanticholidayrentals.com\/fr\/location\/appartement-funchal-glamorous-apartment-528158.html\" rel=\"nofollow\" style=\"width: 23%;\">\n\t\t\t\t\t\t<div class=\"apartamento-box\">\n\t\t\t\t\t\t\t<div class=\"imagen_recomendados\">\n\t\t\t\t\t\t\t\t<img decoding=\"async\" src=\"https:\/\/crs.avantio.com\/fotos\/3\/17419635915af444c8575f0bd62bf4fd43cc875b00\/big1743188132537041c7c0bcb71cecb64425b4497e4f.jpg\" alt=\"Glamorous Apartment Funchal by Atlantic Holiday\">\n\t\t\t\t\t\t\t<\/div>\n\t\t\t\t\t\t\t<div class=\"info\">\n\t\t\t\t\t\t\t\t<div class=\"ubicacion\">\n\t\t\t\t\t\t\t\t\t<i class=\"fa-solid fa-location-dot icono-mapa\"><\/i><span class=\"ubicacion-texto\">Funchal - Ilha da Madeira<\/span>\n\t\t\t\t\t\t\t\t<\/div>\n\t\t\t\t\t\t\t\t<H3 class=\"titulo-alojamiento\">\n\t\t\t\t\t\t\t\t\tGlamorous Apartment Funchal by Atlantic Holiday\t\t\t\t\t\t\t\t<\/H3>\n\t\t\t\t\t\t\t\t<p class=\"precio-alojamiento\">\u00c0 partir de <span class=\"precio\">140.00\u20ac<\/span> par nuit<\/p>\n\t\t\t\t\t\t\t<\/div>\n\t\t\t\t\t\t<\/div>\n\t\t\t\t\t<\/a> \n\t\t\t\t\t\t\n\t\t\t\t\t<a href=\"https:\/\/www.atlanticholidayrentals.com\/fr\/location\/villa-calheta-villa-alegria-529719.html\" rel=\"nofollow\" style=\"width: 23%;\">\n\t\t\t\t\t\t<div class=\"apartamento-box\">\n\t\t\t\t\t\t\t<div class=\"imagen_recomendados\">\n\t\t\t\t\t\t\t\t<img decoding=\"async\" src=\"https:\/\/crs.avantio.com\/fotos\/3\/1752508658b13c2fcf2ef92c6d2d1c5b869d523755\/big1753719685ba7768ce66d84e85d2d9e38626254d29.jpg\" alt=\"Villa Alegria by Atlantic Holiday\">\n\t\t\t\t\t\t\t<\/div>\n\t\t\t\t\t\t\t<div class=\"info\">\n\t\t\t\t\t\t\t\t<div class=\"ubicacion\">\n\t\t\t\t\t\t\t\t\t<i class=\"fa-solid fa-location-dot icono-mapa\"><\/i><span class=\"ubicacion-texto\">Calheta - Ilha da Madeira<\/span>\n\t\t\t\t\t\t\t\t<\/div>\n\t\t\t\t\t\t\t\t<H3 class=\"titulo-alojamiento\">\n\t\t\t\t\t\t\t\t\tVilla Alegria by Atlantic Holiday\t\t\t\t\t\t\t\t<\/H3>\n\t\t\t\t\t\t\t\t<p class=\"precio-alojamiento\">\u00c0 partir de <span class=\"precio\">170.00\u20ac<\/span> par nuit<\/p>\n\t\t\t\t\t\t\t<\/div>\n\t\t\t\t\t\t<\/div>\n\t\t\t\t\t<\/a> \n\t\t\t\t\t\t\t\t<\/div>\n\t\t\t<\/div>\n\t\t\t\t\t\t<\/div>\n\t\t\t\t<\/div>\n\t\t\t\t\t<\/div>\n\t\t\t\t<\/div>\n\t\t<div class=\"elementor-element elementor-element-3349a452 e-flex e-con-boxed e-con e-parent\" data-id=\"3349a452\" data-element_type=\"container\" data-e-type=\"container\" data-settings=\"{&quot;background_background&quot;:&quot;classic&quot;}\">\n\t\t\t\t\t<div class=\"e-con-inner\">\n\t\t<div class=\"elementor-element elementor-element-df239ce e-con-full e-flex e-con e-child\" data-id=\"df239ce\" data-element_type=\"container\" data-e-type=\"container\">\n\t\t\t\t<div class=\"elementor-element elementor-element-42e5bd22 elementor-widget elementor-widget-heading\" data-id=\"42e5bd22\" data-element_type=\"widget\" data-e-type=\"widget\" data-widget_type=\"heading.default\">\n\t\t\t\t<div class=\"elementor-widget-container\">\n\t\t\t\t\t<h2 class=\"elementor-heading-title elementor-size-default\">Vacances de luxe \u00e0 Mad\u00e8re : des s\u00e9jours exclusifs sur l'\u00eele<\/h2>\t\t\t\t<\/div>\n\t\t\t\t<\/div>\n\t\t\t\t<div class=\"elementor-element elementor-element-25733201 elementor-widget elementor-widget-text-editor\" data-id=\"25733201\" data-element_type=\"widget\" data-e-type=\"widget\" data-widget_type=\"text-editor.default\">\n\t\t\t\t<div class=\"elementor-widget-container\">\n\t\t\t\t\t\t\t\t\t<p>Vivez des vacances de luxe \u00e0 Mad\u00e8re v\u00e9ritablement exceptionnels \u00e0 Mad\u00e8re avec Atlantic Location saisonni\u00e8re, o\u00f9 des villas soigneusement s\u00e9lectionn\u00e9es offrent intimit\u00e9, confort et design raffin\u00e9. Notre portefeuille comprend des propri\u00e9t\u00e9s spacieuses avec piscines priv\u00e9es, jardins paysagers et int\u00e9rieurs \u00e9l\u00e9gants, id\u00e9ales pour les voyageurs en qu\u00eate d&rsquo;une escapade insulaire haut de gamme. <\/p><p>Que vous planifiiez une retraite relaxante ou une c\u00e9l\u00e9bration sp\u00e9ciale, nos villas offrent le cadre id\u00e9al.<\/p><p>Les vacances de luxe \u00e0 Mad\u00e8re combinent beaut\u00e9 naturelle, h\u00e9bergements haut de gamme et exp\u00e9riences personnalis\u00e9es. <strong>Nos villas sont situ\u00e9es dans les zones les plus pris\u00e9es de l&rsquo;\u00eele<\/strong>, offrant des vues imprenables et un acc\u00e8s facile aux principales attractions.<\/p><p>Chaque propri\u00e9t\u00e9 est choisie pour garantir un s\u00e9jour sans faille, vous permettant de profiter de la vie int\u00e9rieure et ext\u00e9rieure tout en \u00e9tant <strong>entour\u00e9 par les paysages uniques de Mad\u00e8re<\/strong>.<\/p><p>Choisir des vacances de luxe \u00e0 Mad\u00e8re avec Atlantic Location saisonni\u00e8re, c&rsquo;est profiter d&rsquo;une attention aux d\u00e9tails, du confort et de l&rsquo;exclusivit\u00e9.<\/p><p>Des <strong>matins paisibles au bord de la piscine<\/strong> aux exp\u00e9riences insulaires organis\u00e9es, votre s\u00e9jour est con\u00e7u pour vous offrir des moments inoubliables dans l&rsquo;une des destinations les plus captivantes d&rsquo;Europe.<\/p>\t\t\t\t\t\t\t\t<\/div>\n\t\t\t\t<\/div>\n\t\t\t\t<\/div>\n\t\t<div class=\"elementor-element elementor-element-4051007a e-con-full e-flex e-con e-child\" data-id=\"4051007a\" data-element_type=\"container\" data-e-type=\"container\">\n\t\t\t\t<div class=\"elementor-element elementor-element-5b4d108a elementor-widget elementor-widget-image\" data-id=\"5b4d108a\" data-element_type=\"widget\" data-e-type=\"widget\" data-widget_type=\"image.default\">\n\t\t\t\t<div class=\"elementor-widget-container\">\n\t\t\t\t\t\t\t\t\t\t\t\t\t\t\t<img fetchpriority=\"high\" decoding=\"async\" width=\"600\" height=\"600\" src=\"https:\/\/www.atlanticholidayrentals.com\/blog\/wp-content\/uploads\/2026\/04\/luxury-holidays-to-madeira.webp\" class=\"attachment-large size-large wp-image-6094\" alt=\"\" srcset=\"https:\/\/www.atlanticholidayrentals.com\/blog\/wp-content\/uploads\/2026\/04\/luxury-holidays-to-madeira.webp 600w, https:\/\/www.atlanticholidayrentals.com\/blog\/wp-content\/uploads\/2026\/04\/luxury-holidays-to-madeira-300x300.webp 300w, https:\/\/www.atlanticholidayrentals.com\/blog\/wp-content\/uploads\/2026\/04\/luxury-holidays-to-madeira-150x150.webp 150w\" sizes=\"(max-width: 600px) 100vw, 600px\" \/>\t\t\t\t\t\t\t\t\t\t\t\t\t\t\t<\/div>\n\t\t\t\t<\/div>\n\t\t\t\t<div class=\"elementor-element elementor-element-5d270ce4 elementor-widget elementor-widget-image\" data-id=\"5d270ce4\" data-element_type=\"widget\" data-e-type=\"widget\" data-widget_type=\"image.default\">\n\t\t\t\t<div class=\"elementor-widget-container\">\n\t\t\t\t\t\t\t\t\t\t\t\t\t\t\t<img decoding=\"async\" width=\"600\" height=\"600\" src=\"https:\/\/www.atlanticholidayrentals.com\/blog\/wp-content\/uploads\/2026\/04\/madeira-island.webp\" class=\"attachment-large size-large wp-image-6095\" alt=\"\u00eele de mad\u00e8re\" srcset=\"https:\/\/www.atlanticholidayrentals.com\/blog\/wp-content\/uploads\/2026\/04\/madeira-island.webp 600w, https:\/\/www.atlanticholidayrentals.com\/blog\/wp-content\/uploads\/2026\/04\/madeira-island-300x300.webp 300w, https:\/\/www.atlanticholidayrentals.com\/blog\/wp-content\/uploads\/2026\/04\/madeira-island-150x150.webp 150w\" sizes=\"(max-width: 600px) 100vw, 600px\" \/>\t\t\t\t\t\t\t\t\t\t\t\t\t\t\t<\/div>\n\t\t\t\t<\/div>\n\t\t\t\t<\/div>\n\t\t\t\t\t<\/div>\n\t\t\t\t<\/div>\n\t\t<div class=\"elementor-element elementor-element-3f4f9eab e-flex e-con-boxed e-con e-parent\" data-id=\"3f4f9eab\" data-element_type=\"container\" data-e-type=\"container\">\n\t\t\t\t\t<div class=\"e-con-inner\">\n\t\t\t\t<div class=\"elementor-element elementor-element-27b24e92 elementor-widget elementor-widget-heading\" data-id=\"27b24e92\" data-element_type=\"widget\" data-e-type=\"widget\" data-widget_type=\"heading.default\">\n\t\t\t\t<div class=\"elementor-widget-container\">\n\t\t\t\t\t<h2 class=\"elementor-heading-title elementor-size-default\">H\u00e9bergements avec vue sur la mer<\/h2>\t\t\t\t<\/div>\n\t\t\t\t<\/div>\n\t\t\t\t<div class=\"elementor-element elementor-element-729f063d elementor-widget elementor-widget-grid\" data-id=\"729f063d\" data-element_type=\"widget\" data-e-type=\"widget\" data-widget_type=\"grid.default\">\n\t\t\t\t<div class=\"elementor-widget-container\">\n\t\t\t\t\t\t\t<div class=\"its--row alojamientos-recomendados\">\n\n\t\t\t<div class=\"alojamientos-recomendados-container\">\n\n\t\t\t\t\t\n\t\t\t\t\t<a href=\"https:\/\/www.atlanticholidayrentals.com\/fr\/location\/appartement-gaula-belle-vue-residence-378367.html\" rel=\"nofollow\" style=\"width: 23%;\">\n\t\t\t\t\t\t<div class=\"apartamento-box\">\n\t\t\t\t\t\t\t<div class=\"imagen_recomendados\">\n\t\t\t\t\t\t\t\t<img decoding=\"async\" src=\"https:\/\/crs.avantio.com\/fotos\/2\/16439118110a3dde09b01647926c49f38a880ab371\/big1760439336f17a4938c47c95525da5bdbc69def639.jpg\" alt=\"Belle Vue R\u00e9sidence by Atlantic Holiday\">\n\t\t\t\t\t\t\t<\/div>\n\t\t\t\t\t\t\t<div class=\"info\">\n\t\t\t\t\t\t\t\t<div class=\"ubicacion\">\n\t\t\t\t\t\t\t\t\t<i class=\"fa-solid fa-location-dot icono-mapa\"><\/i><span class=\"ubicacion-texto\">Gaula - Ilha da Madeira<\/span>\n\t\t\t\t\t\t\t\t<\/div>\n\t\t\t\t\t\t\t\t<H3 class=\"titulo-alojamiento\">\n\t\t\t\t\t\t\t\t\tBelle Vue R\u00e9sidence by Atlantic Holiday\t\t\t\t\t\t\t\t<\/H3>\n\t\t\t\t\t\t\t\t<p class=\"precio-alojamiento\">\u00c0 partir de <span class=\"precio\">111.00\u20ac<\/span> par nuit<\/p>\n\t\t\t\t\t\t\t<\/div>\n\t\t\t\t\t\t<\/div>\n\t\t\t\t\t<\/a> \n\t\t\t\t\t\t\n\t\t\t\t\t<a href=\"https:\/\/www.atlanticholidayrentals.com\/fr\/location\/appartement-funchal-banana-lodge-379026.html\" rel=\"nofollow\" style=\"width: 23%;\">\n\t\t\t\t\t\t<div class=\"apartamento-box\">\n\t\t\t\t\t\t\t<div class=\"imagen_recomendados\">\n\t\t\t\t\t\t\t\t<img decoding=\"async\" src=\"https:\/\/crs.avantio.com\/fotos\/2\/16444080983ae05b8522345da5c2cf8e65e13acfba\/big1672944402c643b4eb912fc272dfddd4467f763d42.jpg\" alt=\"Banana Lodge by Atlantic Holiday\">\n\t\t\t\t\t\t\t<\/div>\n\t\t\t\t\t\t\t<div class=\"info\">\n\t\t\t\t\t\t\t\t<div class=\"ubicacion\">\n\t\t\t\t\t\t\t\t\t<i class=\"fa-solid fa-location-dot icono-mapa\"><\/i><span class=\"ubicacion-texto\">Funchal - Ilha da Madeira<\/span>\n\t\t\t\t\t\t\t\t<\/div>\n\t\t\t\t\t\t\t\t<H3 class=\"titulo-alojamiento\">\n\t\t\t\t\t\t\t\t\tBanana Lodge by Atlantic Holiday\t\t\t\t\t\t\t\t<\/H3>\n\t\t\t\t\t\t\t\t<p class=\"precio-alojamiento\">\u00c0 partir de <span class=\"precio\">100.00\u20ac<\/span> par nuit<\/p>\n\t\t\t\t\t\t\t<\/div>\n\t\t\t\t\t\t<\/div>\n\t\t\t\t\t<\/a> \n\t\t\t\t\t\t\n\t\t\t\t\t<a href=\"https:\/\/www.atlanticholidayrentals.com\/fr\/location\/appartement-canico-savana-apartment-379129.html\" rel=\"nofollow\" style=\"width: 23%;\">\n\t\t\t\t\t\t<div class=\"apartamento-box\">\n\t\t\t\t\t\t\t<div class=\"imagen_recomendados\">\n\t\t\t\t\t\t\t\t<img decoding=\"async\" src=\"https:\/\/crs.avantio.com\/fotos\/2\/1644413089052b4b20c147797280036725630e03ea\/big16444130900add9346d245f3554c7c611220d5de2e.jpg\" alt=\"Savana Apartment by Atlantic Holiday\">\n\t\t\t\t\t\t\t<\/div>\n\t\t\t\t\t\t\t<div class=\"info\">\n\t\t\t\t\t\t\t\t<div class=\"ubicacion\">\n\t\t\t\t\t\t\t\t\t<i class=\"fa-solid fa-location-dot icono-mapa\"><\/i><span class=\"ubicacion-texto\">Cani\u00e7o - Ilha da Madeira<\/span>\n\t\t\t\t\t\t\t\t<\/div>\n\t\t\t\t\t\t\t\t<H3 class=\"titulo-alojamiento\">\n\t\t\t\t\t\t\t\t\tSavana Apartment by Atlantic Holiday\t\t\t\t\t\t\t\t<\/H3>\n\t\t\t\t\t\t\t\t<p class=\"precio-alojamiento\">\u00c0 partir de <span class=\"precio\">57.00\u20ac<\/span> par nuit<\/p>\n\t\t\t\t\t\t\t<\/div>\n\t\t\t\t\t\t<\/div>\n\t\t\t\t\t<\/a> \n\t\t\t\t\t\t\n\t\t\t\t\t<a href=\"https:\/\/www.atlanticholidayrentals.com\/fr\/location\/appartement-canico-sea-view-379213.html\" rel=\"nofollow\" style=\"width: 23%;\">\n\t\t\t\t\t\t<div class=\"apartamento-box\">\n\t\t\t\t\t\t\t<div class=\"imagen_recomendados\">\n\t\t\t\t\t\t\t\t<img decoding=\"async\" src=\"https:\/\/crs.avantio.com\/fotos\/2\/164441379833be3e642971f3e72d9bca30d6fa3d9d\/big1644413800e6f570e76a27258044755ac3840c7bd2.jpg\" alt=\"Sea View by Atlantic Holiday\">\n\t\t\t\t\t\t\t<\/div>\n\t\t\t\t\t\t\t<div class=\"info\">\n\t\t\t\t\t\t\t\t<div class=\"ubicacion\">\n\t\t\t\t\t\t\t\t\t<i class=\"fa-solid fa-location-dot icono-mapa\"><\/i><span class=\"ubicacion-texto\">Cani\u00e7o - Ilha da Madeira<\/span>\n\t\t\t\t\t\t\t\t<\/div>\n\t\t\t\t\t\t\t\t<H3 class=\"titulo-alojamiento\">\n\t\t\t\t\t\t\t\t\tSea View by Atlantic Holiday\t\t\t\t\t\t\t\t<\/H3>\n\t\t\t\t\t\t\t\t<p class=\"precio-alojamiento\">\u00c0 partir de <span class=\"precio\">55.00\u20ac<\/span> par nuit<\/p>\n\t\t\t\t\t\t\t<\/div>\n\t\t\t\t\t\t<\/div>\n\t\t\t\t\t<\/a> \n\t\t\t\t\t\t\t\t<\/div>\n\t\t\t<\/div>\n\t\t\t\t\t\t<\/div>\n\t\t\t\t<\/div>\n\t\t\t\t\t<\/div>\n\t\t\t\t<\/div>\n\t\t<div class=\"elementor-element elementor-element-583fd309 e-flex e-con-boxed e-con e-parent\" data-id=\"583fd309\" data-element_type=\"container\" data-e-type=\"container\">\n\t\t\t\t\t<div class=\"e-con-inner\">\n\t\t\t\t<div class=\"elementor-element elementor-element-78bd4f68 elementor-widget elementor-widget-heading\" data-id=\"78bd4f68\" data-element_type=\"widget\" data-e-type=\"widget\" data-widget_type=\"heading.default\">\n\t\t\t\t<div class=\"elementor-widget-container\">\n\t\t\t\t\t<h2 class=\"elementor-heading-title elementor-size-default\">H\u00e9bergements avec piscine<\/h2>\t\t\t\t<\/div>\n\t\t\t\t<\/div>\n\t\t\t\t<div class=\"elementor-element elementor-element-1cedb9fb elementor-widget elementor-widget-grid\" data-id=\"1cedb9fb\" data-element_type=\"widget\" data-e-type=\"widget\" data-widget_type=\"grid.default\">\n\t\t\t\t<div class=\"elementor-widget-container\">\n\t\t\t\t\t\t\t<div class=\"its--row alojamientos-recomendados\">\n\n\t\t\t<div class=\"alojamientos-recomendados-container\">\n\n\t\t\t\t\t\n\t\t\t\t\t<a href=\"https:\/\/www.atlanticholidayrentals.com\/fr\/location\/villa-estreito-calheta-villa-de-la-ponte-383781.html\" rel=\"nofollow\" style=\"width: 23%;\">\n\t\t\t\t\t\t<div class=\"apartamento-box\">\n\t\t\t\t\t\t\t<div class=\"imagen_recomendados\">\n\t\t\t\t\t\t\t\t<img decoding=\"async\" src=\"https:\/\/crs.avantio.com\/fotos\/2\/164795331146283ae6e4074994c60d1a5cb87e4dfb\/big167941330031db8d9c0a359622176e5fa8ee7cc8e5.jpg\" alt=\"Villa de la Ponte by Atlantic Holiday\">\n\t\t\t\t\t\t\t<\/div>\n\t\t\t\t\t\t\t<div class=\"info\">\n\t\t\t\t\t\t\t\t<div class=\"ubicacion\">\n\t\t\t\t\t\t\t\t\t<i class=\"fa-solid fa-location-dot icono-mapa\"><\/i><span class=\"ubicacion-texto\">Estreito Calheta - Ilha da Madeira<\/span>\n\t\t\t\t\t\t\t\t<\/div>\n\t\t\t\t\t\t\t\t<H3 class=\"titulo-alojamiento\">\n\t\t\t\t\t\t\t\t\tVilla de la Ponte by Atlantic Holiday\t\t\t\t\t\t\t\t<\/H3>\n\t\t\t\t\t\t\t\t<p class=\"precio-alojamiento\">\u00c0 partir de <span class=\"precio\">196.00\u20ac<\/span> par nuit<\/p>\n\t\t\t\t\t\t\t<\/div>\n\t\t\t\t\t\t<\/div>\n\t\t\t\t\t<\/a> \n\t\t\t\t\t\t\n\t\t\t\t\t<a href=\"https:\/\/www.atlanticholidayrentals.com\/fr\/location\/appartement-funchal-terrace-apartment-386814.html\" rel=\"nofollow\" style=\"width: 23%;\">\n\t\t\t\t\t\t<div class=\"apartamento-box\">\n\t\t\t\t\t\t\t<div class=\"imagen_recomendados\">\n\t\t\t\t\t\t\t\t<img decoding=\"async\" src=\"https:\/\/crs.avantio.com\/fotos\/2\/1650295103c6c793f9c7ef4868374359580ab69e32\/big17639799558e370b545d604d241db4ea507507c403.jpg\" alt=\"Terrace Apartment by Atlantic Holiday\">\n\t\t\t\t\t\t\t<\/div>\n\t\t\t\t\t\t\t<div class=\"info\">\n\t\t\t\t\t\t\t\t<div class=\"ubicacion\">\n\t\t\t\t\t\t\t\t\t<i class=\"fa-solid fa-location-dot icono-mapa\"><\/i><span class=\"ubicacion-texto\">Funchal - Ilha da Madeira<\/span>\n\t\t\t\t\t\t\t\t<\/div>\n\t\t\t\t\t\t\t\t<H3 class=\"titulo-alojamiento\">\n\t\t\t\t\t\t\t\t\tTerrace Apartment by Atlantic Holiday\t\t\t\t\t\t\t\t<\/H3>\n\t\t\t\t\t\t\t\t<p class=\"precio-alojamiento\">\u00c0 partir de <span class=\"precio\">75.00\u20ac<\/span> par nuit<\/p>\n\t\t\t\t\t\t\t<\/div>\n\t\t\t\t\t\t<\/div>\n\t\t\t\t\t<\/a> \n\t\t\t\t\t\t\n\t\t\t\t\t<a href=\"https:\/\/www.atlanticholidayrentals.com\/fr\/location\/villa-ribeira-brava-villa-ocean-haven-402035.html\" rel=\"nofollow\" style=\"width: 23%;\">\n\t\t\t\t\t\t<div class=\"apartamento-box\">\n\t\t\t\t\t\t\t<div class=\"imagen_recomendados\">\n\t\t\t\t\t\t\t\t<img decoding=\"async\" src=\"https:\/\/crs.avantio.com\/fotos\/2\/166307210658ff47228a0975da0993bf5cd7150ebd\/big16789971756d0822b0ebae19d2e0d9560729dcd140.jpg\" alt=\"Villa Ocean Haven by Atlantic Holiday\">\n\t\t\t\t\t\t\t<\/div>\n\t\t\t\t\t\t\t<div class=\"info\">\n\t\t\t\t\t\t\t\t<div class=\"ubicacion\">\n\t\t\t\t\t\t\t\t\t<i class=\"fa-solid fa-location-dot icono-mapa\"><\/i><span class=\"ubicacion-texto\">Ribeira Brava - Ilha da Madeira<\/span>\n\t\t\t\t\t\t\t\t<\/div>\n\t\t\t\t\t\t\t\t<H3 class=\"titulo-alojamiento\">\n\t\t\t\t\t\t\t\t\tVilla Ocean Haven by Atlantic Holiday\t\t\t\t\t\t\t\t<\/H3>\n\t\t\t\t\t\t\t\t<p class=\"precio-alojamiento\">\u00c0 partir de <span class=\"precio\">209.00\u20ac<\/span> par nuit<\/p>\n\t\t\t\t\t\t\t<\/div>\n\t\t\t\t\t\t<\/div>\n\t\t\t\t\t<\/a> \n\t\t\t\t\t\t\n\t\t\t\t\t<a href=\"https:\/\/www.atlanticholidayrentals.com\/fr\/location\/appartement-funchal-monumental-living-412999.html\" rel=\"nofollow\" style=\"width: 23%;\">\n\t\t\t\t\t\t<div class=\"apartamento-box\">\n\t\t\t\t\t\t\t<div class=\"imagen_recomendados\">\n\t\t\t\t\t\t\t\t<img decoding=\"async\" src=\"https:\/\/crs.avantio.com\/fotos\/2\/1671792342a9abfeabbecc60cfb4072896fb1b815c\/big1723368710f8c8bf796723a9c82c753aa9ab88e4af.jpg\" alt=\"Monumental Living by Atlantic Holiday\">\n\t\t\t\t\t\t\t<\/div>\n\t\t\t\t\t\t\t<div class=\"info\">\n\t\t\t\t\t\t\t\t<div class=\"ubicacion\">\n\t\t\t\t\t\t\t\t\t<i class=\"fa-solid fa-location-dot icono-mapa\"><\/i><span class=\"ubicacion-texto\">Funchal - Ilha da Madeira<\/span>\n\t\t\t\t\t\t\t\t<\/div>\n\t\t\t\t\t\t\t\t<H3 class=\"titulo-alojamiento\">\n\t\t\t\t\t\t\t\t\tMonumental Living by Atlantic Holiday\t\t\t\t\t\t\t\t<\/H3>\n\t\t\t\t\t\t\t\t<p class=\"precio-alojamiento\">\u00c0 partir de <span class=\"precio\">126.00\u20ac<\/span> par nuit<\/p>\n\t\t\t\t\t\t\t<\/div>\n\t\t\t\t\t\t<\/div>\n\t\t\t\t\t<\/a> \n\t\t\t\t\t\t\t\t<\/div>\n\t\t\t<\/div>\n\t\t\t\t\t\t<\/div>\n\t\t\t\t<\/div>\n\t\t\t\t\t<\/div>\n\t\t\t\t<\/div>\n\t\t<div class=\"elementor-element elementor-element-5c5421d8 e-flex e-con-boxed e-con e-parent\" data-id=\"5c5421d8\" data-element_type=\"container\" data-e-type=\"container\">\n\t\t\t\t\t<div class=\"e-con-inner\">\n\t\t\t\t<div class=\"elementor-element elementor-element-b3d628c elementor-widget elementor-widget-heading\" data-id=\"b3d628c\" data-element_type=\"widget\" data-e-type=\"widget\" data-widget_type=\"heading.default\">\n\t\t\t\t<div class=\"elementor-widget-container\">\n\t\t\t\t\t<h2 class=\"elementor-heading-title elementor-size-default\">H\u00e9bergements adapt\u00e9s aux familles<\/h2>\t\t\t\t<\/div>\n\t\t\t\t<\/div>\n\t\t\t\t<div class=\"elementor-element elementor-element-415c464f elementor-widget elementor-widget-grid\" data-id=\"415c464f\" data-element_type=\"widget\" data-e-type=\"widget\" data-widget_type=\"grid.default\">\n\t\t\t\t<div class=\"elementor-widget-container\">\n\t\t\t\t\t\t\t<div class=\"its--row alojamientos-recomendados\">\n\n\t\t\t<div class=\"alojamientos-recomendados-container\">\n\n\t\t\t\t\t\n\t\t\t\t\t<a href=\"https:\/\/www.atlanticholidayrentals.com\/fr\/location\/appartement-funchal-banana-lodge-379026.html\" rel=\"nofollow\" style=\"width: 23%;\">\n\t\t\t\t\t\t<div class=\"apartamento-box\">\n\t\t\t\t\t\t\t<div class=\"imagen_recomendados\">\n\t\t\t\t\t\t\t\t<img decoding=\"async\" src=\"https:\/\/crs.avantio.com\/fotos\/2\/16444080983ae05b8522345da5c2cf8e65e13acfba\/big1672944402c643b4eb912fc272dfddd4467f763d42.jpg\" alt=\"Banana Lodge by Atlantic Holiday\">\n\t\t\t\t\t\t\t<\/div>\n\t\t\t\t\t\t\t<div class=\"info\">\n\t\t\t\t\t\t\t\t<div class=\"ubicacion\">\n\t\t\t\t\t\t\t\t\t<i class=\"fa-solid fa-location-dot icono-mapa\"><\/i><span class=\"ubicacion-texto\">Funchal - Ilha da Madeira<\/span>\n\t\t\t\t\t\t\t\t<\/div>\n\t\t\t\t\t\t\t\t<H3 class=\"titulo-alojamiento\">\n\t\t\t\t\t\t\t\t\tBanana Lodge by Atlantic Holiday\t\t\t\t\t\t\t\t<\/H3>\n\t\t\t\t\t\t\t\t<p class=\"precio-alojamiento\">\u00c0 partir de <span class=\"precio\">100.00\u20ac<\/span> par nuit<\/p>\n\t\t\t\t\t\t\t<\/div>\n\t\t\t\t\t\t<\/div>\n\t\t\t\t\t<\/a> \n\t\t\t\t\t\t\n\t\t\t\t\t<a href=\"https:\/\/www.atlanticholidayrentals.com\/fr\/location\/appartement-funchal-elena-apartment-379078.html\" rel=\"nofollow\" style=\"width: 23%;\">\n\t\t\t\t\t\t<div class=\"apartamento-box\">\n\t\t\t\t\t\t\t<div class=\"imagen_recomendados\">\n\t\t\t\t\t\t\t\t<img decoding=\"async\" src=\"https:\/\/crs.avantio.com\/fotos\/2\/1644409436cc7e7d5e9d11cf86d7ec3734cd54fd26\/big1731497837157828092993fdf9c07bc972d16e1edb.jpg\" alt=\"Elena Apartment by Atlantic Holiday\">\n\t\t\t\t\t\t\t<\/div>\n\t\t\t\t\t\t\t<div class=\"info\">\n\t\t\t\t\t\t\t\t<div class=\"ubicacion\">\n\t\t\t\t\t\t\t\t\t<i class=\"fa-solid fa-location-dot icono-mapa\"><\/i><span class=\"ubicacion-texto\">Funchal - Ilha da Madeira<\/span>\n\t\t\t\t\t\t\t\t<\/div>\n\t\t\t\t\t\t\t\t<H3 class=\"titulo-alojamiento\">\n\t\t\t\t\t\t\t\t\tElena Apartment by Atlantic Holiday\t\t\t\t\t\t\t\t<\/H3>\n\t\t\t\t\t\t\t\t<p class=\"precio-alojamiento\">\u00c0 partir de <span class=\"precio\">136.00\u20ac<\/span> par nuit<\/p>\n\t\t\t\t\t\t\t<\/div>\n\t\t\t\t\t\t<\/div>\n\t\t\t\t\t<\/a> \n\t\t\t\t\t\t\n\t\t\t\t\t<a href=\"https:\/\/www.atlanticholidayrentals.com\/fr\/location\/appartement-canico-savana-apartment-379129.html\" rel=\"nofollow\" style=\"width: 23%;\">\n\t\t\t\t\t\t<div class=\"apartamento-box\">\n\t\t\t\t\t\t\t<div class=\"imagen_recomendados\">\n\t\t\t\t\t\t\t\t<img decoding=\"async\" src=\"https:\/\/crs.avantio.com\/fotos\/2\/1644413089052b4b20c147797280036725630e03ea\/big16444130900add9346d245f3554c7c611220d5de2e.jpg\" alt=\"Savana Apartment by Atlantic Holiday\">\n\t\t\t\t\t\t\t<\/div>\n\t\t\t\t\t\t\t<div class=\"info\">\n\t\t\t\t\t\t\t\t<div class=\"ubicacion\">\n\t\t\t\t\t\t\t\t\t<i class=\"fa-solid fa-location-dot icono-mapa\"><\/i><span class=\"ubicacion-texto\">Cani\u00e7o - Ilha da Madeira<\/span>\n\t\t\t\t\t\t\t\t<\/div>\n\t\t\t\t\t\t\t\t<H3 class=\"titulo-alojamiento\">\n\t\t\t\t\t\t\t\t\tSavana Apartment by Atlantic Holiday\t\t\t\t\t\t\t\t<\/H3>\n\t\t\t\t\t\t\t\t<p class=\"precio-alojamiento\">\u00c0 partir de <span class=\"precio\">57.00\u20ac<\/span> par nuit<\/p>\n\t\t\t\t\t\t\t<\/div>\n\t\t\t\t\t\t<\/div>\n\t\t\t\t\t<\/a> \n\t\t\t\t\t\t\n\t\t\t\t\t<a href=\"https:\/\/www.atlanticholidayrentals.com\/fr\/location\/appartement-machico-rose-house-379215.html\" rel=\"nofollow\" style=\"width: 23%;\">\n\t\t\t\t\t\t<div class=\"apartamento-box\">\n\t\t\t\t\t\t\t<div class=\"imagen_recomendados\">\n\t\t\t\t\t\t\t\t<img decoding=\"async\" src=\"https:\/\/crs.avantio.com\/fotos\/2\/164442615024272eb91fcd6c189016cd95f38d82fa\/big16729433570cd294208cb7e168927417b163d37445.jpg\" alt=\"Rose House by Atlantic Holiday\">\n\t\t\t\t\t\t\t<\/div>\n\t\t\t\t\t\t\t<div class=\"info\">\n\t\t\t\t\t\t\t\t<div class=\"ubicacion\">\n\t\t\t\t\t\t\t\t\t<i class=\"fa-solid fa-location-dot icono-mapa\"><\/i><span class=\"ubicacion-texto\">Machico - Ilha da Madeira<\/span>\n\t\t\t\t\t\t\t\t<\/div>\n\t\t\t\t\t\t\t\t<H3 class=\"titulo-alojamiento\">\n\t\t\t\t\t\t\t\t\tRose House by Atlantic Holiday\t\t\t\t\t\t\t\t<\/H3>\n\t\t\t\t\t\t\t\t<p class=\"precio-alojamiento\">\u00c0 partir de <span class=\"precio\">93.00\u20ac<\/span> par nuit<\/p>\n\t\t\t\t\t\t\t<\/div>\n\t\t\t\t\t\t<\/div>\n\t\t\t\t\t<\/a> \n\t\t\t\t\t\t\t\t<\/div>\n\t\t\t<\/div>\n\t\t\t\t\t\t<\/div>\n\t\t\t\t<\/div>\n\t\t\t\t\t<\/div>\n\t\t\t\t<\/div>\n\t\t<div class=\"elementor-element elementor-element-64f1d102 e-flex e-con-boxed e-con e-parent\" data-id=\"64f1d102\" data-element_type=\"container\" data-e-type=\"container\">\n\t\t\t\t\t<div class=\"e-con-inner\">\n\t\t\t\t<div class=\"elementor-element elementor-element-78dfb375 elementor-widget elementor-widget-heading\" data-id=\"78dfb375\" data-element_type=\"widget\" data-e-type=\"widget\" data-widget_type=\"heading.default\">\n\t\t\t\t<div class=\"elementor-widget-container\">\n\t\t\t\t\t<h2 class=\"elementor-heading-title elementor-size-default\">D\u00e9couvrez l'\u00eele de Mad\u00e8re<\/h2>\t\t\t\t<\/div>\n\t\t\t\t<\/div>\n\t\t\t\t<div class=\"elementor-element elementor-element-17cd827d e-n-tabs-mobile elementor-widget elementor-widget-n-tabs\" data-id=\"17cd827d\" data-element_type=\"widget\" data-e-type=\"widget\" data-settings=\"{&quot;tabs_justify_horizontal&quot;:&quot;start&quot;,&quot;horizontal_scroll&quot;:&quot;disable&quot;}\" data-widget_type=\"nested-tabs.default\">\n\t\t\t\t<div class=\"elementor-widget-container\">\n\t\t\t\t\t\t\t<div class=\"e-n-tabs\" data-widget-number=\"399344253\" aria-label=\"Onglets. Ouvrez des \u00e9l\u00e9ments avec Entrer ou Espace, fermez-les avec Echape et naviguez \u00e0 l&#039;aide des touches fl\u00e9ch\u00e9es.\">\n\t\t\t<div class=\"e-n-tabs-heading\" role=\"tablist\">\n\t\t\t\t\t<button id=\"e-n-tab-title-3993442531\" data-tab-title-id=\"e-n-tab-title-3993442531\" class=\"e-n-tab-title\" aria-selected=\"true\" data-tab-index=\"1\" role=\"tab\" tabindex=\"0\" aria-controls=\"e-n-tab-content-3993442531\" style=\"--n-tabs-title-order: 1;\">\n\t\t\t\t\t\t<span class=\"e-n-tab-title-text\">\n\t\t\t\tPourquoi Mad\u00e8re vaut-elle le d\u00e9tour ?\t\t\t<\/span>\n\t\t<\/button>\n\t\t\t\t<button id=\"e-n-tab-title-3993442532\" data-tab-title-id=\"e-n-tab-title-3993442532\" class=\"e-n-tab-title\" aria-selected=\"false\" data-tab-index=\"2\" role=\"tab\" tabindex=\"-1\" aria-controls=\"e-n-tab-content-3993442532\" style=\"--n-tabs-title-order: 2;\">\n\t\t\t\t\t\t<span class=\"e-n-tab-title-text\">\n\t\t\t\tQue faire pendant vos s\u00e9jours de luxe \u00e0 Mad\u00e8re\t\t\t<\/span>\n\t\t<\/button>\n\t\t\t\t<button id=\"e-n-tab-title-3993442533\" data-tab-title-id=\"e-n-tab-title-3993442533\" class=\"e-n-tab-title\" aria-selected=\"false\" data-tab-index=\"3\" role=\"tab\" tabindex=\"-1\" aria-controls=\"e-n-tab-content-3993442533\" style=\"--n-tabs-title-order: 3;\">\n\t\t\t\t\t\t<span class=\"e-n-tab-title-text\">\n\t\t\t\tExp\u00e9riences &amp; activit\u00e9s de luxe \u00e0 Mad\u00e8re\t\t\t<\/span>\n\t\t<\/button>\n\t\t\t\t<button id=\"e-n-tab-title-3993442534\" data-tab-title-id=\"e-n-tab-title-3993442534\" class=\"e-n-tab-title\" aria-selected=\"false\" data-tab-index=\"4\" role=\"tab\" tabindex=\"-1\" aria-controls=\"e-n-tab-content-3993442534\" style=\"--n-tabs-title-order: 4;\">\n\t\t\t\t\t\t<span class=\"e-n-tab-title-text\">\n\t\t\t\tRestaurants de luxe &amp; exp\u00e9riences gastronomiques\t\t\t<\/span>\n\t\t<\/button>\n\t\t\t\t\t<\/div>\n\t\t\t<div class=\"e-n-tabs-content\">\n\t\t\t\t<div id=\"e-n-tab-content-3993442531\" role=\"tabpanel\" aria-labelledby=\"e-n-tab-title-3993442531\" data-tab-index=\"1\" style=\"--n-tabs-title-order: 1;\" class=\"e-active elementor-element elementor-element-7a87ee64 e-con-full e-flex e-con e-child\" data-id=\"7a87ee64\" data-element_type=\"container\" data-e-type=\"container\">\n\t\t\t\t<div class=\"elementor-element elementor-element-61ce3176 elementor-widget elementor-widget-heading\" data-id=\"61ce3176\" data-element_type=\"widget\" data-e-type=\"widget\" data-widget_type=\"heading.default\">\n\t\t\t\t<div class=\"elementor-widget-container\">\n\t\t\t\t\t<h3 class=\"elementor-heading-title elementor-size-default\">Nous vous recommandons les meilleures choses \u00e0 faire \u00e0 Mad\u00e8re<\/h3>\t\t\t\t<\/div>\n\t\t\t\t<\/div>\n\t\t\t\t<div class=\"elementor-element elementor-element-4bd6d008 elementor-widget elementor-widget-text-editor\" data-id=\"4bd6d008\" data-element_type=\"widget\" data-e-type=\"widget\" data-widget_type=\"text-editor.default\">\n\t\t\t\t<div class=\"elementor-widget-container\">\n\t\t\t\t\t\t\t\t\t<p data-start=\"2362\" data-end=\"2669\">Mad\u00e8re est une destination insulaire unique, r\u00e9put\u00e9e pour ses paysages spectaculaires, son atmosph\u00e8re raffin\u00e9e et ses exp\u00e9riences vari\u00e9es. Des vues c\u00f4ti\u00e8res aux paysages montagneux, elle offre le cadre id\u00e9al pour les voyageurs en qu\u00eate de d\u00e9tente et d&rsquo;exploration dans un environnement haut de gamme. <\/p><p data-start=\"2802\" data-end=\"2849\"> <\/p>\t\t\t\t\t\t\t\t<\/div>\n\t\t\t\t<\/div>\n\t\t\t\t<\/div>\n\t\t<div id=\"e-n-tab-content-3993442532\" role=\"tabpanel\" aria-labelledby=\"e-n-tab-title-3993442532\" data-tab-index=\"2\" style=\"--n-tabs-title-order: 2;\" class=\" elementor-element elementor-element-480bcdae e-con-full e-flex e-con e-child\" data-id=\"480bcdae\" data-element_type=\"container\" data-e-type=\"container\">\n\t\t\t\t<div class=\"elementor-element elementor-element-260c0ada elementor-widget elementor-widget-heading\" data-id=\"260c0ada\" data-element_type=\"widget\" data-e-type=\"widget\" data-widget_type=\"heading.default\">\n\t\t\t\t<div class=\"elementor-widget-container\">\n\t\t\t\t\t<h3 class=\"elementor-heading-title elementor-size-default\">Activit\u00e9s pour tous<\/h3>\t\t\t\t<\/div>\n\t\t\t\t<\/div>\n\t\t\t\t<div class=\"elementor-element elementor-element-5237b14d elementor-widget elementor-widget-text-editor\" data-id=\"5237b14d\" data-element_type=\"widget\" data-e-type=\"widget\" data-widget_type=\"text-editor.default\">\n\t\t\t\t<div class=\"elementor-widget-container\">\n\t\t\t\t\t\t\t\t\t<p>Profitez au maximum de votre s\u00e9jour en d\u00e9couvrant les points forts de l&rsquo;\u00eele et les exp\u00e9riences organis\u00e9es :<\/p><ul><li>Explorez les <a href=\"https:\/\/www.atlanticholidayrentals.com\/blog\/fr\/category\/madeira-fr\/\">points forts de l&rsquo;\u00eele de Mad\u00e8re<\/a><\/li><li>D\u00e9couvrez les <a href=\"https:\/\/www.atlanticholidayrentals.com\/blog\/fr\/madeira-golf-parcours\/\">terrains de golf de Mad\u00e8re<\/a><\/li><li>Visitez le <a href=\"https:\/\/www.atlanticholidayrentals.com\/blog\/fr\/funchal-port\/\">port de Funchal<\/a><\/li><li>Promenez-vous dans la <a href=\"https:\/\/www.atlanticholidayrentals.com\/blog\/funchal-old-town\/\">vieille ville de Funchal<\/a><\/li><li>Profitez de balades en bateau priv\u00e9es et d&rsquo;excursions c\u00f4ti\u00e8res<\/li><li>D\u00e9couvrez des points de vue panoramiques et des visites exclusives de l&rsquo;\u00eele<\/li><\/ul>\t\t\t\t\t\t\t\t<\/div>\n\t\t\t\t<\/div>\n\t\t\t\t<\/div>\n\t\t<div id=\"e-n-tab-content-3993442533\" role=\"tabpanel\" aria-labelledby=\"e-n-tab-title-3993442533\" data-tab-index=\"3\" style=\"--n-tabs-title-order: 3;\" class=\" elementor-element elementor-element-49a054b5 e-con-full e-flex e-con e-child\" data-id=\"49a054b5\" data-element_type=\"container\" data-e-type=\"container\">\n\t\t\t\t<div class=\"elementor-element elementor-element-1e4faf7c elementor-widget elementor-widget-heading\" data-id=\"1e4faf7c\" data-element_type=\"widget\" data-e-type=\"widget\" data-widget_type=\"heading.default\">\n\t\t\t\t<div class=\"elementor-widget-container\">\n\t\t\t\t\t<h3 class=\"elementor-heading-title elementor-size-default\">Exp\u00e9riences haut de gamme sur l'\u00eele <\/h3>\t\t\t\t<\/div>\n\t\t\t\t<\/div>\n\t\t\t\t<div class=\"elementor-element elementor-element-67c118b3 elementor-widget elementor-widget-text-editor\" data-id=\"67c118b3\" data-element_type=\"widget\" data-e-type=\"widget\" data-widget_type=\"text-editor.default\">\n\t\t\t\t<div class=\"elementor-widget-container\">\n\t\t\t\t\t\t\t\t\t<p data-start=\"3254\" data-end=\"3471\">Mad\u00e8re offre un large \u00e9ventail d&rsquo;exp\u00e9riences haut de gamme, des visites guid\u00e9es priv\u00e9es aux aventures en plein air sur mesure. Les clients peuvent profiter de locations de yachts, de tours en h\u00e9licopt\u00e8re et d&rsquo;excursions personnalis\u00e9es qui mettent en valeur la beaut\u00e9 naturelle de l&rsquo;\u00eele d&rsquo;une mani\u00e8re unique et m\u00e9morable. <\/p>\t\t\t\t\t\t\t\t<\/div>\n\t\t\t\t<\/div>\n\t\t\t\t<\/div>\n\t\t<div id=\"e-n-tab-content-3993442534\" role=\"tabpanel\" aria-labelledby=\"e-n-tab-title-3993442534\" data-tab-index=\"4\" style=\"--n-tabs-title-order: 4;\" class=\" elementor-element elementor-element-720daa62 e-con-full e-flex e-con e-child\" data-id=\"720daa62\" data-element_type=\"container\" data-e-type=\"container\">\n\t\t\t\t<div class=\"elementor-element elementor-element-6d3e22da elementor-widget elementor-widget-heading\" data-id=\"6d3e22da\" data-element_type=\"widget\" data-e-type=\"widget\" data-widget_type=\"heading.default\">\n\t\t\t\t<div class=\"elementor-widget-container\">\n\t\t\t\t\t<h3 class=\"elementor-heading-title elementor-size-default\">Savourez les saveurs de l'\u00eele<\/h3>\t\t\t\t<\/div>\n\t\t\t\t<\/div>\n\t\t\t\t<div class=\"elementor-element elementor-element-91a2fb6 elementor-widget elementor-widget-text-editor\" data-id=\"91a2fb6\" data-element_type=\"widget\" data-e-type=\"widget\" data-widget_type=\"text-editor.default\">\n\t\t\t\t<div class=\"elementor-widget-container\">\n\t\t\t\t\t\t\t\t\t<p class=\"ds-markdown-paragraph\">La sc\u00e8ne culinaire de l&rsquo;\u00eele est un \u00e9l\u00e9ment cl\u00e9 de l&rsquo;exp\u00e9rience, offrant tout, des restaurants gastronomiques aux \u00e9l\u00e9gants \u00e9tablissements en bord de mer. Les clients peuvent d\u00e9guster des fruits de mer frais, une cuisine portugaise innovante et des menus d\u00e9gustation \u00e9labor\u00e9s, le tout accompagn\u00e9 de vin de Mad\u00e8re et d&rsquo;un service exceptionnel. <\/p>\t\t\t\t\t\t\t\t<\/div>\n\t\t\t\t<\/div>\n\t\t\t\t<\/div>\n\t\t\t\t\t<\/div>\n\t\t<\/div>\n\t\t\t\t\t\t<\/div>\n\t\t\t\t<\/div>\n\t\t\t\t\t<\/div>\n\t\t\t\t<\/div>\n\t\t<div class=\"elementor-element elementor-element-47a5f6dc e-flex e-con-boxed e-con e-parent\" data-id=\"47a5f6dc\" data-element_type=\"container\" data-e-type=\"container\">\n\t\t\t\t\t<div class=\"e-con-inner\">\n\t\t<div class=\"elementor-element elementor-element-66036712 e-con-full e-flex e-con e-child\" data-id=\"66036712\" data-element_type=\"container\" data-e-type=\"container\">\n\t\t\t\t<div class=\"elementor-element elementor-element-5723ce04 elementor-widget elementor-widget-heading\" data-id=\"5723ce04\" data-element_type=\"widget\" data-e-type=\"widget\" data-widget_type=\"heading.default\">\n\t\t\t\t<div class=\"elementor-widget-container\">\n\t\t\t\t\t<h2 class=\"elementor-heading-title elementor-size-default\">Explorez notre blog sur Mad\u00e8re<\/h2>\t\t\t\t<\/div>\n\t\t\t\t<\/div>\n\t\t\t\t<div class=\"elementor-element elementor-element-54ea84f5 elementor-grid-3 elementor-grid-tablet-2 elementor-grid-mobile-1 elementor-posts--thumbnail-top elementor-widget elementor-widget-posts\" data-id=\"54ea84f5\" data-element_type=\"widget\" data-e-type=\"widget\" data-settings=\"{&quot;classic_row_gap&quot;:{&quot;unit&quot;:&quot;px&quot;,&quot;size&quot;:30,&quot;sizes&quot;:[]},&quot;classic_columns&quot;:&quot;3&quot;,&quot;classic_columns_tablet&quot;:&quot;2&quot;,&quot;classic_columns_mobile&quot;:&quot;1&quot;,&quot;classic_row_gap_tablet&quot;:{&quot;unit&quot;:&quot;px&quot;,&quot;size&quot;:&quot;&quot;,&quot;sizes&quot;:[]},&quot;classic_row_gap_mobile&quot;:{&quot;unit&quot;:&quot;px&quot;,&quot;size&quot;:&quot;&quot;,&quot;sizes&quot;:[]}}\" data-widget_type=\"posts.classic\">\n\t\t\t\t<div class=\"elementor-widget-container\">\n\t\t\t\t\t\t\t<div class=\"elementor-posts-container elementor-posts elementor-posts--skin-classic elementor-grid\" role=\"list\">\n\t\t\t\t<article class=\"elementor-post elementor-grid-item post-6096 post type-post status-publish format-standard has-post-thumbnail hentry category-logement-saisonniere\" role=\"listitem\">\n\t\t\t\t<a class=\"elementor-post__thumbnail__link\" href=\"https:\/\/www.atlanticholidayrentals.com\/blog\/fr\/vacances-luxe-madere\/\" tabindex=\"-1\" >\n\t\t\t<div class=\"elementor-post__thumbnail\"><img decoding=\"async\" width=\"768\" height=\"260\" src=\"https:\/\/www.atlanticholidayrentals.com\/blog\/wp-content\/uploads\/2026\/04\/luxury-holidays-madeira-768x260.webp\" class=\"attachment-medium_large size-medium_large wp-image-6093\" alt=\"s\u00e9jours de luxe mad\u00e8re\" srcset=\"https:\/\/www.atlanticholidayrentals.com\/blog\/wp-content\/uploads\/2026\/04\/luxury-holidays-madeira-768x260.webp 768w, https:\/\/www.atlanticholidayrentals.com\/blog\/wp-content\/uploads\/2026\/04\/luxury-holidays-madeira-300x102.webp 300w, https:\/\/www.atlanticholidayrentals.com\/blog\/wp-content\/uploads\/2026\/04\/luxury-holidays-madeira-1024x347.webp 1024w, https:\/\/www.atlanticholidayrentals.com\/blog\/wp-content\/uploads\/2026\/04\/luxury-holidays-madeira-1536x520.webp 1536w, https:\/\/www.atlanticholidayrentals.com\/blog\/wp-content\/uploads\/2026\/04\/luxury-holidays-madeira.webp 1920w\" sizes=\"(max-width: 768px) 100vw, 768px\" \/><\/div>\n\t\t<\/a>\n\t\t\t\t<div class=\"elementor-post__text\">\n\t\t\t\t<h3 class=\"elementor-post__title\">\n\t\t\t<a href=\"https:\/\/www.atlanticholidayrentals.com\/blog\/fr\/vacances-luxe-madere\/\" >\n\t\t\t\tVacances de luxe \u00e0 Mad\u00e8re\t\t\t<\/a>\n\t\t<\/h3>\n\t\t\t\t<div class=\"elementor-post__meta-data\">\n\t\t\t\t\t<span class=\"elementor-post-date\">\n\t\t\t24 avril 2026\t\t<\/span>\n\t\t\t\t<\/div>\n\t\t\n\t\t<a class=\"elementor-post__read-more\" href=\"https:\/\/www.atlanticholidayrentals.com\/blog\/fr\/vacances-luxe-madere\/\" aria-label=\"En savoir plus sur Vacances de luxe \u00e0 Mad\u00e8re\" tabindex=\"-1\" >\n\t\t\tLire la suite\t\t<\/a>\n\n\t\t\t\t<\/div>\n\t\t\t\t<\/article>\n\t\t\t\t<article class=\"elementor-post elementor-grid-item post-6037 post type-post status-publish format-standard has-post-thumbnail hentry category-logement-saisonniere\" role=\"listitem\">\n\t\t\t\t<a class=\"elementor-post__thumbnail__link\" href=\"https:\/\/www.atlanticholidayrentals.com\/blog\/fr\/location-vacances-calheta\/\" tabindex=\"-1\" >\n\t\t\t<div class=\"elementor-post__thumbnail\"><img loading=\"lazy\" decoding=\"async\" width=\"768\" height=\"260\" src=\"https:\/\/www.atlanticholidayrentals.com\/blog\/wp-content\/uploads\/2026\/04\/calheta-holiday-houses\u200b-768x260.webp\" class=\"attachment-medium_large size-medium_large wp-image-6036\" alt=\"maisons de vacances calheta\" srcset=\"https:\/\/www.atlanticholidayrentals.com\/blog\/wp-content\/uploads\/2026\/04\/calheta-holiday-houses\u200b-768x260.webp 768w, https:\/\/www.atlanticholidayrentals.com\/blog\/wp-content\/uploads\/2026\/04\/calheta-holiday-houses\u200b-300x102.webp 300w, https:\/\/www.atlanticholidayrentals.com\/blog\/wp-content\/uploads\/2026\/04\/calheta-holiday-houses\u200b-1024x347.webp 1024w, https:\/\/www.atlanticholidayrentals.com\/blog\/wp-content\/uploads\/2026\/04\/calheta-holiday-houses\u200b-1536x520.webp 1536w, https:\/\/www.atlanticholidayrentals.com\/blog\/wp-content\/uploads\/2026\/04\/calheta-holiday-houses\u200b.webp 1920w\" sizes=\"(max-width: 768px) 100vw, 768px\" \/><\/div>\n\t\t<\/a>\n\t\t\t\t<div class=\"elementor-post__text\">\n\t\t\t\t<h3 class=\"elementor-post__title\">\n\t\t\t<a href=\"https:\/\/www.atlanticholidayrentals.com\/blog\/fr\/location-vacances-calheta\/\" >\n\t\t\t\tLocation de vacances \u00e0 Calheta\t\t\t<\/a>\n\t\t<\/h3>\n\t\t\t\t<div class=\"elementor-post__meta-data\">\n\t\t\t\t\t<span class=\"elementor-post-date\">\n\t\t\t23 avril 2026\t\t<\/span>\n\t\t\t\t<\/div>\n\t\t\n\t\t<a class=\"elementor-post__read-more\" href=\"https:\/\/www.atlanticholidayrentals.com\/blog\/fr\/location-vacances-calheta\/\" aria-label=\"En savoir plus sur Location de vacances \u00e0 Calheta\" tabindex=\"-1\" >\n\t\t\tLire la suite\t\t<\/a>\n\n\t\t\t\t<\/div>\n\t\t\t\t<\/article>\n\t\t\t\t<article class=\"elementor-post elementor-grid-item post-5994 post type-post status-publish format-standard has-post-thumbnail hentry category-points-de-vue\" role=\"listitem\">\n\t\t\t\t<a class=\"elementor-post__thumbnail__link\" href=\"https:\/\/www.atlanticholidayrentals.com\/blog\/fr\/miradouro-da-eira-do-serrado\/\" tabindex=\"-1\" >\n\t\t\t<div class=\"elementor-post__thumbnail\"><img loading=\"lazy\" decoding=\"async\" width=\"768\" height=\"576\" src=\"https:\/\/www.atlanticholidayrentals.com\/blog\/wp-content\/uploads\/2026\/04\/Miradouro-da-Eira-do-Serrado-valley-768x576.webp\" class=\"attachment-medium_large size-medium_large wp-image-5970\" alt=\"\" srcset=\"https:\/\/www.atlanticholidayrentals.com\/blog\/wp-content\/uploads\/2026\/04\/Miradouro-da-Eira-do-Serrado-valley-768x576.webp 768w, https:\/\/www.atlanticholidayrentals.com\/blog\/wp-content\/uploads\/2026\/04\/Miradouro-da-Eira-do-Serrado-valley-300x225.webp 300w, https:\/\/www.atlanticholidayrentals.com\/blog\/wp-content\/uploads\/2026\/04\/Miradouro-da-Eira-do-Serrado-valley-1024x768.webp 1024w, https:\/\/www.atlanticholidayrentals.com\/blog\/wp-content\/uploads\/2026\/04\/Miradouro-da-Eira-do-Serrado-valley.webp 1360w\" sizes=\"(max-width: 768px) 100vw, 768px\" \/><\/div>\n\t\t<\/a>\n\t\t\t\t<div class=\"elementor-post__text\">\n\t\t\t\t<h3 class=\"elementor-post__title\">\n\t\t\t<a href=\"https:\/\/www.atlanticholidayrentals.com\/blog\/fr\/miradouro-da-eira-do-serrado\/\" >\n\t\t\t\tVisiter le Miradouro da Eira do Serrado : la meilleure vue sur la vall\u00e9e de Mad\u00e8re expliqu\u00e9e\t\t\t<\/a>\n\t\t<\/h3>\n\t\t\t\t<div class=\"elementor-post__meta-data\">\n\t\t\t\t\t<span class=\"elementor-post-date\">\n\t\t\t2 avril 2026\t\t<\/span>\n\t\t\t\t<\/div>\n\t\t\n\t\t<a class=\"elementor-post__read-more\" href=\"https:\/\/www.atlanticholidayrentals.com\/blog\/fr\/miradouro-da-eira-do-serrado\/\" aria-label=\"En savoir plus sur Visiter le Miradouro da Eira do Serrado : la meilleure vue sur la vall\u00e9e de Mad\u00e8re expliqu\u00e9e\" tabindex=\"-1\" >\n\t\t\tLire la suite\t\t<\/a>\n\n\t\t\t\t<\/div>\n\t\t\t\t<\/article>\n\t\t\t\t<article class=\"elementor-post elementor-grid-item post-5987 post type-post status-publish format-standard has-post-thumbnail hentry category-points-de-vue\" role=\"listitem\">\n\t\t\t\t<a class=\"elementor-post__thumbnail__link\" href=\"https:\/\/www.atlanticholidayrentals.com\/blog\/fr\/miradouro-da-ponta-do-rosto-madeira\/\" tabindex=\"-1\" >\n\t\t\t<div class=\"elementor-post__thumbnail\"><img loading=\"lazy\" decoding=\"async\" width=\"768\" height=\"576\" src=\"https:\/\/www.atlanticholidayrentals.com\/blog\/wp-content\/uploads\/2026\/04\/Miradouro-da-Ponta-do-Rosto-in-Madeira-768x576.webp\" class=\"attachment-medium_large size-medium_large wp-image-5960\" alt=\"\" srcset=\"https:\/\/www.atlanticholidayrentals.com\/blog\/wp-content\/uploads\/2026\/04\/Miradouro-da-Ponta-do-Rosto-in-Madeira-768x576.webp 768w, https:\/\/www.atlanticholidayrentals.com\/blog\/wp-content\/uploads\/2026\/04\/Miradouro-da-Ponta-do-Rosto-in-Madeira-300x225.webp 300w, https:\/\/www.atlanticholidayrentals.com\/blog\/wp-content\/uploads\/2026\/04\/Miradouro-da-Ponta-do-Rosto-in-Madeira-1024x768.webp 1024w, https:\/\/www.atlanticholidayrentals.com\/blog\/wp-content\/uploads\/2026\/04\/Miradouro-da-Ponta-do-Rosto-in-Madeira.webp 1360w\" sizes=\"(max-width: 768px) 100vw, 768px\" \/><\/div>\n\t\t<\/a>\n\t\t\t\t<div class=\"elementor-post__text\">\n\t\t\t\t<h3 class=\"elementor-post__title\">\n\t\t\t<a href=\"https:\/\/www.atlanticholidayrentals.com\/blog\/fr\/miradouro-da-ponta-do-rosto-madeira\/\" >\n\t\t\t\tMiradouro da Ponta do Rosto : guide complet du point de vue de l&rsquo;est de Mad\u00e8re\t\t\t<\/a>\n\t\t<\/h3>\n\t\t\t\t<div class=\"elementor-post__meta-data\">\n\t\t\t\t\t<span class=\"elementor-post-date\">\n\t\t\t2 avril 2026\t\t<\/span>\n\t\t\t\t<\/div>\n\t\t\n\t\t<a class=\"elementor-post__read-more\" href=\"https:\/\/www.atlanticholidayrentals.com\/blog\/fr\/miradouro-da-ponta-do-rosto-madeira\/\" aria-label=\"En savoir plus sur Miradouro da Ponta do Rosto : guide complet du point de vue de l&rsquo;est de Mad\u00e8re\" tabindex=\"-1\" >\n\t\t\tLire la suite\t\t<\/a>\n\n\t\t\t\t<\/div>\n\t\t\t\t<\/article>\n\t\t\t\t<article class=\"elementor-post elementor-grid-item post-5558 post type-post status-publish format-standard has-post-thumbnail hentry category-promenades-et-sentiers\" role=\"listitem\">\n\t\t\t\t<a class=\"elementor-post__thumbnail__link\" href=\"https:\/\/www.atlanticholidayrentals.com\/blog\/fr\/pico-grande-pr12-madeira\/\" tabindex=\"-1\" >\n\t\t\t<div class=\"elementor-post__thumbnail\"><img loading=\"lazy\" decoding=\"async\" width=\"768\" height=\"576\" src=\"https:\/\/www.atlanticholidayrentals.com\/blog\/wp-content\/uploads\/2026\/03\/pico-grande-pr12-madeira-768x576.webp\" class=\"attachment-medium_large size-medium_large wp-image-5545\" alt=\"pico grande pr12 mad\u00e8re\" srcset=\"https:\/\/www.atlanticholidayrentals.com\/blog\/wp-content\/uploads\/2026\/03\/pico-grande-pr12-madeira-768x576.webp 768w, https:\/\/www.atlanticholidayrentals.com\/blog\/wp-content\/uploads\/2026\/03\/pico-grande-pr12-madeira-300x225.webp 300w, https:\/\/www.atlanticholidayrentals.com\/blog\/wp-content\/uploads\/2026\/03\/pico-grande-pr12-madeira-1024x768.webp 1024w, https:\/\/www.atlanticholidayrentals.com\/blog\/wp-content\/uploads\/2026\/03\/pico-grande-pr12-madeira.webp 1360w\" sizes=\"(max-width: 768px) 100vw, 768px\" \/><\/div>\n\t\t<\/a>\n\t\t\t\t<div class=\"elementor-post__text\">\n\t\t\t\t<h3 class=\"elementor-post__title\">\n\t\t\t<a href=\"https:\/\/www.atlanticholidayrentals.com\/blog\/fr\/pico-grande-pr12-madeira\/\" >\n\t\t\t\tPico Grande : ce qu\u2019il faut savoir avant de randonner sur la PR12 \u00e0 Mad\u00e8re\t\t\t<\/a>\n\t\t<\/h3>\n\t\t\t\t<div class=\"elementor-post__meta-data\">\n\t\t\t\t\t<span class=\"elementor-post-date\">\n\t\t\t9 mars 2026\t\t<\/span>\n\t\t\t\t<\/div>\n\t\t\n\t\t<a class=\"elementor-post__read-more\" href=\"https:\/\/www.atlanticholidayrentals.com\/blog\/fr\/pico-grande-pr12-madeira\/\" aria-label=\"En savoir plus sur Pico Grande : ce qu\u2019il faut savoir avant de randonner sur la PR12 \u00e0 Mad\u00e8re\" tabindex=\"-1\" >\n\t\t\tLire la suite\t\t<\/a>\n\n\t\t\t\t<\/div>\n\t\t\t\t<\/article>\n\t\t\t\t<article class=\"elementor-post elementor-grid-item post-5549 post type-post status-publish format-standard has-post-thumbnail hentry category-points-de-vue\" role=\"listitem\">\n\t\t\t\t<a class=\"elementor-post__thumbnail__link\" href=\"https:\/\/www.atlanticholidayrentals.com\/blog\/fr\/miradouro-do-veu-da-noiva\/\" tabindex=\"-1\" >\n\t\t\t<div class=\"elementor-post__thumbnail\"><img loading=\"lazy\" decoding=\"async\" width=\"768\" height=\"576\" src=\"https:\/\/www.atlanticholidayrentals.com\/blog\/wp-content\/uploads\/2026\/03\/Miradouro-do-Veu-da-Noiva-madeira-768x576.webp\" class=\"attachment-medium_large size-medium_large wp-image-5533\" alt=\"Miradouro do V\u00e9u da Noiva madere\" srcset=\"https:\/\/www.atlanticholidayrentals.com\/blog\/wp-content\/uploads\/2026\/03\/Miradouro-do-Veu-da-Noiva-madeira-768x576.webp 768w, https:\/\/www.atlanticholidayrentals.com\/blog\/wp-content\/uploads\/2026\/03\/Miradouro-do-Veu-da-Noiva-madeira-300x225.webp 300w, https:\/\/www.atlanticholidayrentals.com\/blog\/wp-content\/uploads\/2026\/03\/Miradouro-do-Veu-da-Noiva-madeira-1024x768.webp 1024w, https:\/\/www.atlanticholidayrentals.com\/blog\/wp-content\/uploads\/2026\/03\/Miradouro-do-Veu-da-Noiva-madeira.webp 1360w\" sizes=\"(max-width: 768px) 100vw, 768px\" \/><\/div>\n\t\t<\/a>\n\t\t\t\t<div class=\"elementor-post__text\">\n\t\t\t\t<h3 class=\"elementor-post__title\">\n\t\t\t<a href=\"https:\/\/www.atlanticholidayrentals.com\/blog\/fr\/miradouro-do-veu-da-noiva\/\" >\n\t\t\t\tMiradouro do V\u00e9u da Noiva : Ce qu\u2019il faut savoir avant de s\u2019arr\u00eater au point de vue du Voile de la Mari\u00e9e\t\t\t<\/a>\n\t\t<\/h3>\n\t\t\t\t<div class=\"elementor-post__meta-data\">\n\t\t\t\t\t<span class=\"elementor-post-date\">\n\t\t\t9 mars 2026\t\t<\/span>\n\t\t\t\t<\/div>\n\t\t\n\t\t<a class=\"elementor-post__read-more\" href=\"https:\/\/www.atlanticholidayrentals.com\/blog\/fr\/miradouro-do-veu-da-noiva\/\" aria-label=\"En savoir plus sur Miradouro do V\u00e9u da Noiva : Ce qu\u2019il faut savoir avant de s\u2019arr\u00eater au point de vue du Voile de la Mari\u00e9e\" tabindex=\"-1\" >\n\t\t\tLire la suite\t\t<\/a>\n\n\t\t\t\t<\/div>\n\t\t\t\t<\/article>\n\t\t\t\t<\/div>\n\t\t\n\t\t\t\t\t\t<\/div>\n\t\t\t\t<\/div>\n\t\t\t\t<div class=\"elementor-element elementor-element-3899b90c elementor-align-center elementor-widget elementor-widget-button\" data-id=\"3899b90c\" data-element_type=\"widget\" data-e-type=\"widget\" data-widget_type=\"button.default\">\n\t\t\t\t<div class=\"elementor-widget-container\">\n\t\t\t\t\t\t\t\t\t<div class=\"elementor-button-wrapper\">\n\t\t\t\t\t<a class=\"elementor-button elementor-button-link elementor-size-sm\" href=\"https:\/\/www.atlanticholidayrentals.com\/fr\/blog\/\">\n\t\t\t\t\t\t<span class=\"elementor-button-content-wrapper\">\n\t\t\t\t\t\t\t\t\t<span class=\"elementor-button-text\">Blog de tourisme sur Mad\u00e8re<\/span>\n\t\t\t\t\t<\/span>\n\t\t\t\t\t<\/a>\n\t\t\t\t<\/div>\n\t\t\t\t\t\t\t\t<\/div>\n\t\t\t\t<\/div>\n\t\t\t\t<\/div>\n\t\t\t\t\t<\/div>\n\t\t\t\t<\/div>\n\t\t<div class=\"elementor-element elementor-element-5b7ab0ba e-flex e-con-boxed e-con e-parent\" data-id=\"5b7ab0ba\" data-element_type=\"container\" data-e-type=\"container\">\n\t\t\t\t\t<div class=\"e-con-inner\">\n\t\t<div class=\"elementor-element elementor-element-623cab84 e-con-full e-flex e-con e-child\" data-id=\"623cab84\" data-element_type=\"container\" data-e-type=\"container\">\n\t\t\t\t<div class=\"elementor-element elementor-element-4e50be7a elementor-widget elementor-widget-heading\" data-id=\"4e50be7a\" data-element_type=\"widget\" data-e-type=\"widget\" data-widget_type=\"heading.default\">\n\t\t\t\t<div class=\"elementor-widget-container\">\n\t\t\t\t\t<h2 class=\"elementor-heading-title elementor-size-default\">Foire aux questions sur les vacances de luxe \u00e0 Mad\u00e8re<\/h2>\t\t\t\t<\/div>\n\t\t\t\t<\/div>\n\t\t\t\t<div class=\"elementor-element elementor-element-58193681 elementor-widget elementor-widget-n-accordion\" data-id=\"58193681\" data-element_type=\"widget\" data-e-type=\"widget\" data-settings=\"{&quot;default_state&quot;:&quot;expanded&quot;,&quot;max_items_expended&quot;:&quot;one&quot;,&quot;n_accordion_animation_duration&quot;:{&quot;unit&quot;:&quot;ms&quot;,&quot;size&quot;:400,&quot;sizes&quot;:[]}}\" data-widget_type=\"nested-accordion.default\">\n\t\t\t\t<div class=\"elementor-widget-container\">\n\t\t\t\t\t\t\t<div class=\"e-n-accordion\" aria-label=\"Accordion. Open links with Enter or Space, close with Escape, and navigate with Arrow Keys\">\n\t\t\t\t\t\t<details id=\"e-n-accordion-item-1470\" class=\"e-n-accordion-item\" open>\n\t\t\t\t<summary class=\"e-n-accordion-item-title\" data-accordion-index=\"1\" tabindex=\"0\" aria-expanded=\"true\" aria-controls=\"e-n-accordion-item-1470\" >\n\t\t\t\t\t<span class='e-n-accordion-item-title-header'><div class=\"e-n-accordion-item-title-text\"> Qu'est-ce qui rend Mad\u00e8re id\u00e9ale pour des s\u00e9jours de luxe ? <\/div><\/span>\n\t\t\t\t\t\t\t<span class='e-n-accordion-item-title-icon'>\n\t\t\t<span class='e-opened' ><svg aria-hidden=\"true\" class=\"e-font-icon-svg e-fas-minus\" viewBox=\"0 0 448 512\" xmlns=\"http:\/\/www.w3.org\/2000\/svg\"><path d=\"M416 208H32c-17.67 0-32 14.33-32 32v32c0 17.67 14.33 32 32 32h384c17.67 0 32-14.33 32-32v-32c0-17.67-14.33-32-32-32z\"><\/path><\/svg><\/span>\n\t\t\t<span class='e-closed'><svg aria-hidden=\"true\" class=\"e-font-icon-svg e-fas-plus\" viewBox=\"0 0 448 512\" xmlns=\"http:\/\/www.w3.org\/2000\/svg\"><path d=\"M416 208H272V64c0-17.67-14.33-32-32-32h-32c-17.67 0-32 14.33-32 32v144H32c-17.67 0-32 14.33-32 32v32c0 17.67 14.33 32 32 32h144v144c0 17.67 14.33 32 32 32h32c17.67 0 32-14.33 32-32V304h144c17.67 0 32-14.33 32-32v-32c0-17.67-14.33-32-32-32z\"><\/path><\/svg><\/span>\n\t\t<\/span>\n\n\t\t\t\t\t\t<\/summary>\n\t\t\t\t<div role=\"region\" aria-labelledby=\"e-n-accordion-item-1470\" class=\"elementor-element elementor-element-5821710b e-con-full e-flex e-con e-child\" data-id=\"5821710b\" data-element_type=\"container\" data-e-type=\"container\">\n\t\t\t\t<div class=\"elementor-element elementor-element-6188046f elementor-widget elementor-widget-text-editor\" data-id=\"6188046f\" data-element_type=\"widget\" data-e-type=\"widget\" data-widget_type=\"text-editor.default\">\n\t\t\t\t<div class=\"elementor-widget-container\">\n\t\t\t\t\t\t\t\t\t<p>Mad\u00e8re offre une combinaison unique de beaut\u00e9 naturelle, d&rsquo;intimit\u00e9 et d&rsquo;exp\u00e9riences haut de gamme, ce qui en fait l&rsquo;endroit id\u00e9al pour les voyageurs en qu\u00eate d&rsquo;une escapade insulaire exclusive.<\/p>\t\t\t\t\t\t\t\t<\/div>\n\t\t\t\t<\/div>\n\t\t\t\t<\/div>\n\t\t\t\t\t<\/details>\n\t\t\t\t\t\t<details id=\"e-n-accordion-item-1471\" class=\"e-n-accordion-item\" >\n\t\t\t\t<summary class=\"e-n-accordion-item-title\" data-accordion-index=\"2\" tabindex=\"-1\" aria-expanded=\"false\" aria-controls=\"e-n-accordion-item-1471\" >\n\t\t\t\t\t<span class='e-n-accordion-item-title-header'><div class=\"e-n-accordion-item-title-text\"> Quel type de villas est disponible ? <\/div><\/span>\n\t\t\t\t\t\t\t<span class='e-n-accordion-item-title-icon'>\n\t\t\t<span class='e-opened' ><svg aria-hidden=\"true\" class=\"e-font-icon-svg e-fas-minus\" viewBox=\"0 0 448 512\" xmlns=\"http:\/\/www.w3.org\/2000\/svg\"><path d=\"M416 208H32c-17.67 0-32 14.33-32 32v32c0 17.67 14.33 32 32 32h384c17.67 0 32-14.33 32-32v-32c0-17.67-14.33-32-32-32z\"><\/path><\/svg><\/span>\n\t\t\t<span class='e-closed'><svg aria-hidden=\"true\" class=\"e-font-icon-svg e-fas-plus\" viewBox=\"0 0 448 512\" xmlns=\"http:\/\/www.w3.org\/2000\/svg\"><path d=\"M416 208H272V64c0-17.67-14.33-32-32-32h-32c-17.67 0-32 14.33-32 32v144H32c-17.67 0-32 14.33-32 32v32c0 17.67 14.33 32 32 32h144v144c0 17.67 14.33 32 32 32h32c17.67 0 32-14.33 32-32V304h144c17.67 0 32-14.33 32-32v-32c0-17.67-14.33-32-32-32z\"><\/path><\/svg><\/span>\n\t\t<\/span>\n\n\t\t\t\t\t\t<\/summary>\n\t\t\t\t<div role=\"region\" aria-labelledby=\"e-n-accordion-item-1471\" class=\"elementor-element elementor-element-5985da1b e-con-full e-flex e-con e-child\" data-id=\"5985da1b\" data-element_type=\"container\" data-e-type=\"container\">\n\t\t\t\t<div class=\"elementor-element elementor-element-25a7a0ed elementor-widget elementor-widget-text-editor\" data-id=\"25a7a0ed\" data-element_type=\"widget\" data-e-type=\"widget\" data-widget_type=\"text-editor.default\">\n\t\t\t\t<div class=\"elementor-widget-container\">\n\t\t\t\t\t\t\t\t\t<p>Nos villas comprennent des propri\u00e9t\u00e9s spacieuses avec piscines priv\u00e9es, jardins et \u00e9quipements haut de gamme, id\u00e9ales pour les couples, les familles et les groupes.<\/p>\t\t\t\t\t\t\t\t<\/div>\n\t\t\t\t<\/div>\n\t\t\t\t<\/div>\n\t\t\t\t\t<\/details>\n\t\t\t\t\t\t<details id=\"e-n-accordion-item-1472\" class=\"e-n-accordion-item\" >\n\t\t\t\t<summary class=\"e-n-accordion-item-title\" data-accordion-index=\"3\" tabindex=\"-1\" aria-expanded=\"false\" aria-controls=\"e-n-accordion-item-1472\" >\n\t\t\t\t\t<span class='e-n-accordion-item-title-header'><div class=\"e-n-accordion-item-title-text\"> Des exp\u00e9riences de luxe sont-elles disponibles pendant mon s\u00e9jour ? <\/div><\/span>\n\t\t\t\t\t\t\t<span class='e-n-accordion-item-title-icon'>\n\t\t\t<span class='e-opened' ><svg aria-hidden=\"true\" class=\"e-font-icon-svg e-fas-minus\" viewBox=\"0 0 448 512\" xmlns=\"http:\/\/www.w3.org\/2000\/svg\"><path d=\"M416 208H32c-17.67 0-32 14.33-32 32v32c0 17.67 14.33 32 32 32h384c17.67 0 32-14.33 32-32v-32c0-17.67-14.33-32-32-32z\"><\/path><\/svg><\/span>\n\t\t\t<span class='e-closed'><svg aria-hidden=\"true\" class=\"e-font-icon-svg e-fas-plus\" viewBox=\"0 0 448 512\" xmlns=\"http:\/\/www.w3.org\/2000\/svg\"><path d=\"M416 208H272V64c0-17.67-14.33-32-32-32h-32c-17.67 0-32 14.33-32 32v144H32c-17.67 0-32 14.33-32 32v32c0 17.67 14.33 32 32 32h144v144c0 17.67 14.33 32 32 32h32c17.67 0 32-14.33 32-32V304h144c17.67 0 32-14.33 32-32v-32c0-17.67-14.33-32-32-32z\"><\/path><\/svg><\/span>\n\t\t<\/span>\n\n\t\t\t\t\t\t<\/summary>\n\t\t\t\t<div role=\"region\" aria-labelledby=\"e-n-accordion-item-1472\" class=\"elementor-element elementor-element-2923e0be e-con-full e-flex e-con e-child\" data-id=\"2923e0be\" data-element_type=\"container\" data-e-type=\"container\">\n\t\t\t\t<div class=\"elementor-element elementor-element-715c9f64 elementor-widget elementor-widget-text-editor\" data-id=\"715c9f64\" data-element_type=\"widget\" data-e-type=\"widget\" data-widget_type=\"text-editor.default\">\n\t\t\t\t<div class=\"elementor-widget-container\">\n\t\t\t\t\t\t\t\t\t<p>Oui, les clients peuvent profiter d&rsquo;exp\u00e9riences organis\u00e9es telles que des visites priv\u00e9es, des excursions en bateau et des activit\u00e9s sur mesure \u00e0 travers l&rsquo;\u00eele.<\/p>\t\t\t\t\t\t\t\t<\/div>\n\t\t\t\t<\/div>\n\t\t\t\t<\/div>\n\t\t\t\t\t<\/details>\n\t\t\t\t\t\t<details id=\"e-n-accordion-item-1473\" class=\"e-n-accordion-item\" >\n\t\t\t\t<summary class=\"e-n-accordion-item-title\" data-accordion-index=\"4\" tabindex=\"-1\" aria-expanded=\"false\" aria-controls=\"e-n-accordion-item-1473\" >\n\t\t\t\t\t<span class='e-n-accordion-item-title-header'><div class=\"e-n-accordion-item-title-text\"> Mad\u00e8re est-elle adapt\u00e9e aux s\u00e9jours de luxe en famille ? <\/div><\/span>\n\t\t\t\t\t\t\t<span class='e-n-accordion-item-title-icon'>\n\t\t\t<span class='e-opened' ><svg aria-hidden=\"true\" class=\"e-font-icon-svg e-fas-minus\" viewBox=\"0 0 448 512\" xmlns=\"http:\/\/www.w3.org\/2000\/svg\"><path d=\"M416 208H32c-17.67 0-32 14.33-32 32v32c0 17.67 14.33 32 32 32h384c17.67 0 32-14.33 32-32v-32c0-17.67-14.33-32-32-32z\"><\/path><\/svg><\/span>\n\t\t\t<span class='e-closed'><svg aria-hidden=\"true\" class=\"e-font-icon-svg e-fas-plus\" viewBox=\"0 0 448 512\" xmlns=\"http:\/\/www.w3.org\/2000\/svg\"><path d=\"M416 208H272V64c0-17.67-14.33-32-32-32h-32c-17.67 0-32 14.33-32 32v144H32c-17.67 0-32 14.33-32 32v32c0 17.67 14.33 32 32 32h144v144c0 17.67 14.33 32 32 32h32c17.67 0 32-14.33 32-32V304h144c17.67 0 32-14.33 32-32v-32c0-17.67-14.33-32-32-32z\"><\/path><\/svg><\/span>\n\t\t<\/span>\n\n\t\t\t\t\t\t<\/summary>\n\t\t\t\t<div role=\"region\" aria-labelledby=\"e-n-accordion-item-1473\" class=\"elementor-element elementor-element-4d244764 e-con-full e-flex e-con e-child\" data-id=\"4d244764\" data-element_type=\"container\" data-e-type=\"container\">\n\t\t\t\t<div class=\"elementor-element elementor-element-4c19ed3a elementor-widget elementor-widget-text-editor\" data-id=\"4c19ed3a\" data-element_type=\"widget\" data-e-type=\"widget\" data-widget_type=\"text-editor.default\">\n\t\t\t\t<div class=\"elementor-widget-container\">\n\t\t\t\t\t\t\t\t\t<p>Absolument, Mad\u00e8re est parfaite pour les familles, offrant un environnement s\u00fbr, des villas spacieuses et une vari\u00e9t\u00e9 d&rsquo;activit\u00e9s pour tous les \u00e2ges.<\/p>\t\t\t\t\t\t\t\t<\/div>\n\t\t\t\t<\/div>\n\t\t\t\t<\/div>\n\t\t\t\t\t<\/details>\n\t\t\t\t\t\t<details id=\"e-n-accordion-item-1474\" class=\"e-n-accordion-item\" >\n\t\t\t\t<summary class=\"e-n-accordion-item-title\" data-accordion-index=\"5\" tabindex=\"-1\" aria-expanded=\"false\" aria-controls=\"e-n-accordion-item-1474\" >\n\t\t\t\t\t<span class='e-n-accordion-item-title-header'><div class=\"e-n-accordion-item-title-text\"> \u00c0 quelles exp\u00e9riences culinaires puis-je m'attendre ? <\/div><\/span>\n\t\t\t\t\t\t\t<span class='e-n-accordion-item-title-icon'>\n\t\t\t<span class='e-opened' ><svg aria-hidden=\"true\" class=\"e-font-icon-svg e-fas-minus\" viewBox=\"0 0 448 512\" xmlns=\"http:\/\/www.w3.org\/2000\/svg\"><path d=\"M416 208H32c-17.67 0-32 14.33-32 32v32c0 17.67 14.33 32 32 32h384c17.67 0 32-14.33 32-32v-32c0-17.67-14.33-32-32-32z\"><\/path><\/svg><\/span>\n\t\t\t<span class='e-closed'><svg aria-hidden=\"true\" class=\"e-font-icon-svg e-fas-plus\" viewBox=\"0 0 448 512\" xmlns=\"http:\/\/www.w3.org\/2000\/svg\"><path d=\"M416 208H272V64c0-17.67-14.33-32-32-32h-32c-17.67 0-32 14.33-32 32v144H32c-17.67 0-32 14.33-32 32v32c0 17.67 14.33 32 32 32h144v144c0 17.67 14.33 32 32 32h32c17.67 0 32-14.33 32-32V304h144c17.67 0 32-14.33 32-32v-32c0-17.67-14.33-32-32-32z\"><\/path><\/svg><\/span>\n\t\t<\/span>\n\n\t\t\t\t\t\t<\/summary>\n\t\t\t\t<div role=\"region\" aria-labelledby=\"e-n-accordion-item-1474\" class=\"elementor-element elementor-element-339bea76 e-con-full e-flex e-con e-child\" data-id=\"339bea76\" data-element_type=\"container\" data-e-type=\"container\">\n\t\t\t\t<div class=\"elementor-element elementor-element-223e7e99 elementor-widget elementor-widget-text-editor\" data-id=\"223e7e99\" data-element_type=\"widget\" data-e-type=\"widget\" data-widget_type=\"text-editor.default\">\n\t\t\t\t<div class=\"elementor-widget-container\">\n\t\t\t\t\t\t\t\t\t<p>Vous pouvez profiter de restaurants gastronomiques, de la gastronomie locale et d&rsquo;exp\u00e9riences culinaires exclusives mettant en vedette des ingr\u00e9dients frais et des sp\u00e9cialit\u00e9s r\u00e9gionales.<\/p>\t\t\t\t\t\t\t\t<\/div>\n\t\t\t\t<\/div>\n\t\t\t\t<\/div>\n\t\t\t\t\t<\/details>\n\t\t\t\t\t\t<details id=\"e-n-accordion-item-1475\" class=\"e-n-accordion-item\" >\n\t\t\t\t<summary class=\"e-n-accordion-item-title\" data-accordion-index=\"6\" tabindex=\"-1\" aria-expanded=\"false\" aria-controls=\"e-n-accordion-item-1475\" >\n\t\t\t\t\t<span class='e-n-accordion-item-title-header'><div class=\"e-n-accordion-item-title-text\"> Quelle est la meilleure p\u00e9riode pour visiter Mad\u00e8re ? <\/div><\/span>\n\t\t\t\t\t\t\t<span class='e-n-accordion-item-title-icon'>\n\t\t\t<span class='e-opened' ><svg aria-hidden=\"true\" class=\"e-font-icon-svg e-fas-minus\" viewBox=\"0 0 448 512\" xmlns=\"http:\/\/www.w3.org\/2000\/svg\"><path d=\"M416 208H32c-17.67 0-32 14.33-32 32v32c0 17.67 14.33 32 32 32h384c17.67 0 32-14.33 32-32v-32c0-17.67-14.33-32-32-32z\"><\/path><\/svg><\/span>\n\t\t\t<span class='e-closed'><svg aria-hidden=\"true\" class=\"e-font-icon-svg e-fas-plus\" viewBox=\"0 0 448 512\" xmlns=\"http:\/\/www.w3.org\/2000\/svg\"><path d=\"M416 208H272V64c0-17.67-14.33-32-32-32h-32c-17.67 0-32 14.33-32 32v144H32c-17.67 0-32 14.33-32 32v32c0 17.67 14.33 32 32 32h144v144c0 17.67 14.33 32 32 32h32c17.67 0 32-14.33 32-32V304h144c17.67 0 32-14.33 32-32v-32c0-17.67-14.33-32-32-32z\"><\/path><\/svg><\/span>\n\t\t<\/span>\n\n\t\t\t\t\t\t<\/summary>\n\t\t\t\t<div role=\"region\" aria-labelledby=\"e-n-accordion-item-1475\" class=\"elementor-element elementor-element-12ea1875 e-con-full e-flex e-con e-child\" data-id=\"12ea1875\" data-element_type=\"container\" data-e-type=\"container\">\n\t\t\t\t<div class=\"elementor-element elementor-element-17d7b5fa elementor-widget elementor-widget-text-editor\" data-id=\"17d7b5fa\" data-element_type=\"widget\" data-e-type=\"widget\" data-widget_type=\"text-editor.default\">\n\t\t\t\t<div class=\"elementor-widget-container\">\n\t\t\t\t\t\t\t\t\t<p>Mad\u00e8re est une destination ouverte toute l&rsquo;ann\u00e9e, offrant d&rsquo;excellentes conditions pour la d\u00e9tente et l&rsquo;exploration \u00e0 tout moment de l&rsquo;ann\u00e9e.<\/p>\t\t\t\t\t\t\t\t<\/div>\n\t\t\t\t<\/div>\n\t\t\t\t<\/div>\n\t\t\t\t\t<\/details>\n\t\t\t\t\t<\/div>\n\t\t\t\t\t\t<\/div>\n\t\t\t\t<\/div>\n\t\t\t\t<\/div>\n\t\t\t\t\t<\/div>\n\t\t\t\t<\/div>\n\t\t\t\t<\/div>\n\t\t","protected":false},"excerpt":{"rendered":"<p>Vacances de luxe \u00e0 Mad\u00e8re S\u00e9jours en villa exclusifs pour votre escapade \u00e0 Mad\u00e8re Luxe Piscine Couples Familles Notre s\u00e9lection de villas pour des vacances de luxe \u00e0 Mad\u00e8re Estreito<\/p>\n","protected":false},"author":2,"featured_media":6093,"comment_status":"open","ping_status":"closed","sticky":false,"template":"","format":"standard","meta":{"footnotes":""},"categories":[79],"tags":[],"class_list":["post-6096","post","type-post","status-publish","format-standard","has-post-thumbnail","hentry","category-logement-saisonniere"],"yoast_head":"<!-- This site is optimized with the Yoast SEO plugin v27.4 - https:\/\/yoast.com\/product\/yoast-seo-wordpress\/ -->\n<title>S\u00e9jours de luxe \u00e0 Mad\u00e8re | Atlantic Location saisonni\u00e8re<\/title>\n<meta name=\"description\" content=\"D\u00e9couvrez les s\u00e9jours de luxe \u00e0 Mad\u00e8re avec des villas exclusives, des piscines priv\u00e9es &amp; des vues imprenables. Parfait pour des escapades insulaires raffin\u00e9es.\" \/>\n<meta name=\"robots\" content=\"index, follow, max-snippet:-1, max-image-preview:large, max-video-preview:-1\" \/>\n<link rel=\"canonical\" href=\"https:\/\/www.atlanticholidayrentals.com\/blog\/fr\/vacances-luxe-madere\/\" \/>\n<meta property=\"og:locale\" content=\"fr_FR\" \/>\n<meta property=\"og:type\" content=\"article\" \/>\n<meta property=\"og:title\" content=\"S\u00e9jours de luxe \u00e0 Mad\u00e8re | Atlantic Location saisonni\u00e8re\" \/>\n<meta property=\"og:description\" content=\"D\u00e9couvrez les s\u00e9jours de luxe \u00e0 Mad\u00e8re avec des villas exclusives, des piscines priv\u00e9es &amp; des vues imprenables. Parfait pour des escapades insulaires raffin\u00e9es.\" \/>\n<meta property=\"og:url\" content=\"https:\/\/www.atlanticholidayrentals.com\/blog\/fr\/vacances-luxe-madere\/\" \/>\n<meta property=\"og:site_name\" content=\"Blog\" \/>\n<meta property=\"article:published_time\" content=\"2026-04-24T11:48:11+00:00\" \/>\n<meta property=\"article:modified_time\" content=\"2026-04-24T12:49:54+00:00\" \/>\n<meta property=\"og:image\" content=\"https:\/\/www.atlanticholidayrentals.com\/blog\/wp-content\/uploads\/2026\/04\/luxury-holidays-madeira.webp\" \/>\n\t<meta property=\"og:image:width\" content=\"1920\" \/>\n\t<meta property=\"og:image:height\" content=\"650\" \/>\n\t<meta property=\"og:image:type\" content=\"image\/webp\" \/>\n<meta name=\"author\" content=\"digitalservices\" \/>\n<meta name=\"twitter:card\" content=\"summary_large_image\" \/>\n<meta name=\"twitter:label1\" content=\"\u00c9crit par\" \/>\n\t<meta name=\"twitter:data1\" content=\"digitalservices\" \/>\n\t<meta name=\"twitter:label2\" content=\"Dur\u00e9e de lecture estim\u00e9e\" \/>\n\t<meta name=\"twitter:data2\" content=\"8 minutes\" \/>\n<script type=\"application\/ld+json\" class=\"yoast-schema-graph\">{\"@context\":\"https:\\\/\\\/schema.org\",\"@graph\":[{\"@type\":\"Article\",\"@id\":\"https:\\\/\\\/www.atlanticholidayrentals.com\\\/blog\\\/fr\\\/vacances-luxe-madere\\\/#article\",\"isPartOf\":{\"@id\":\"https:\\\/\\\/www.atlanticholidayrentals.com\\\/blog\\\/fr\\\/vacances-luxe-madere\\\/\"},\"author\":{\"name\":\"digitalservices\",\"@id\":\"https:\\\/\\\/www.atlanticholidayrentals.com\\\/blog\\\/#\\\/schema\\\/person\\\/4ed40a36822f6a090c2c92a108486ae7\"},\"headline\":\"Vacances de luxe \u00e0 Mad\u00e8re\",\"datePublished\":\"2026-04-24T11:48:11+00:00\",\"dateModified\":\"2026-04-24T12:49:54+00:00\",\"mainEntityOfPage\":{\"@id\":\"https:\\\/\\\/www.atlanticholidayrentals.com\\\/blog\\\/fr\\\/vacances-luxe-madere\\\/\"},\"wordCount\":1654,\"commentCount\":0,\"image\":{\"@id\":\"https:\\\/\\\/www.atlanticholidayrentals.com\\\/blog\\\/fr\\\/vacances-luxe-madere\\\/#primaryimage\"},\"thumbnailUrl\":\"https:\\\/\\\/www.atlanticholidayrentals.com\\\/blog\\\/wp-content\\\/uploads\\\/2026\\\/04\\\/luxury-holidays-madeira.webp\",\"articleSection\":[\"Logement saisonni\u00e8re\"],\"inLanguage\":\"fr-FR\",\"potentialAction\":[{\"@type\":\"CommentAction\",\"name\":\"Comment\",\"target\":[\"https:\\\/\\\/www.atlanticholidayrentals.com\\\/blog\\\/fr\\\/vacances-luxe-madere\\\/#respond\"]}]},{\"@type\":\"WebPage\",\"@id\":\"https:\\\/\\\/www.atlanticholidayrentals.com\\\/blog\\\/fr\\\/vacances-luxe-madere\\\/\",\"url\":\"https:\\\/\\\/www.atlanticholidayrentals.com\\\/blog\\\/fr\\\/vacances-luxe-madere\\\/\",\"name\":\"S\u00e9jours de luxe \u00e0 Mad\u00e8re | Atlantic Location saisonni\u00e8re\",\"isPartOf\":{\"@id\":\"https:\\\/\\\/www.atlanticholidayrentals.com\\\/blog\\\/#website\"},\"primaryImageOfPage\":{\"@id\":\"https:\\\/\\\/www.atlanticholidayrentals.com\\\/blog\\\/fr\\\/vacances-luxe-madere\\\/#primaryimage\"},\"image\":{\"@id\":\"https:\\\/\\\/www.atlanticholidayrentals.com\\\/blog\\\/fr\\\/vacances-luxe-madere\\\/#primaryimage\"},\"thumbnailUrl\":\"https:\\\/\\\/www.atlanticholidayrentals.com\\\/blog\\\/wp-content\\\/uploads\\\/2026\\\/04\\\/luxury-holidays-madeira.webp\",\"datePublished\":\"2026-04-24T11:48:11+00:00\",\"dateModified\":\"2026-04-24T12:49:54+00:00\",\"author\":{\"@id\":\"https:\\\/\\\/www.atlanticholidayrentals.com\\\/blog\\\/#\\\/schema\\\/person\\\/4ed40a36822f6a090c2c92a108486ae7\"},\"description\":\"D\u00e9couvrez les s\u00e9jours de luxe \u00e0 Mad\u00e8re avec des villas exclusives, des piscines priv\u00e9es & des vues imprenables. Parfait pour des escapades insulaires raffin\u00e9es.\",\"breadcrumb\":{\"@id\":\"https:\\\/\\\/www.atlanticholidayrentals.com\\\/blog\\\/fr\\\/vacances-luxe-madere\\\/#breadcrumb\"},\"inLanguage\":\"fr-FR\",\"potentialAction\":[{\"@type\":\"ReadAction\",\"target\":[\"https:\\\/\\\/www.atlanticholidayrentals.com\\\/blog\\\/fr\\\/vacances-luxe-madere\\\/\"]}]},{\"@type\":\"ImageObject\",\"inLanguage\":\"fr-FR\",\"@id\":\"https:\\\/\\\/www.atlanticholidayrentals.com\\\/blog\\\/fr\\\/vacances-luxe-madere\\\/#primaryimage\",\"url\":\"https:\\\/\\\/www.atlanticholidayrentals.com\\\/blog\\\/wp-content\\\/uploads\\\/2026\\\/04\\\/luxury-holidays-madeira.webp\",\"contentUrl\":\"https:\\\/\\\/www.atlanticholidayrentals.com\\\/blog\\\/wp-content\\\/uploads\\\/2026\\\/04\\\/luxury-holidays-madeira.webp\",\"width\":1920,\"height\":650,\"caption\":\"s\u00e9jours de luxe mad\u00e8re\"},{\"@type\":\"BreadcrumbList\",\"@id\":\"https:\\\/\\\/www.atlanticholidayrentals.com\\\/blog\\\/fr\\\/vacances-luxe-madere\\\/#breadcrumb\",\"itemListElement\":[{\"@type\":\"ListItem\",\"position\":1,\"name\":\"Home\",\"item\":\"https:\\\/\\\/www.atlanticholidayrentals.com\\\/blog\\\/es\\\/\"},{\"@type\":\"ListItem\",\"position\":2,\"name\":\"Vacances de luxe \u00e0 Mad\u00e8re\"}]},{\"@type\":\"WebSite\",\"@id\":\"https:\\\/\\\/www.atlanticholidayrentals.com\\\/blog\\\/#website\",\"url\":\"https:\\\/\\\/www.atlanticholidayrentals.com\\\/blog\\\/\",\"name\":\"Blog\",\"description\":\"Atlanticholidayrentals\",\"potentialAction\":[{\"@type\":\"SearchAction\",\"target\":{\"@type\":\"EntryPoint\",\"urlTemplate\":\"https:\\\/\\\/www.atlanticholidayrentals.com\\\/blog\\\/?s={search_term_string}\"},\"query-input\":{\"@type\":\"PropertyValueSpecification\",\"valueRequired\":true,\"valueName\":\"search_term_string\"}}],\"inLanguage\":\"fr-FR\"},{\"@type\":\"Person\",\"@id\":\"https:\\\/\\\/www.atlanticholidayrentals.com\\\/blog\\\/#\\\/schema\\\/person\\\/4ed40a36822f6a090c2c92a108486ae7\",\"name\":\"digitalservices\",\"image\":{\"@type\":\"ImageObject\",\"inLanguage\":\"fr-FR\",\"@id\":\"https:\\\/\\\/secure.gravatar.com\\\/avatar\\\/af30f88a1904294c1f3eb09a9d7903eec4ffa18fa2cf40c28a8681014ecdfc20?s=96&d=mm&r=g\",\"url\":\"https:\\\/\\\/secure.gravatar.com\\\/avatar\\\/af30f88a1904294c1f3eb09a9d7903eec4ffa18fa2cf40c28a8681014ecdfc20?s=96&d=mm&r=g\",\"contentUrl\":\"https:\\\/\\\/secure.gravatar.com\\\/avatar\\\/af30f88a1904294c1f3eb09a9d7903eec4ffa18fa2cf40c28a8681014ecdfc20?s=96&d=mm&r=g\",\"caption\":\"digitalservices\"},\"url\":\"https:\\\/\\\/www.atlanticholidayrentals.com\\\/blog\\\/fr\\\/author\\\/digitalservices\\\/\"}]}<\/script>\n<!-- \/ Yoast SEO plugin. -->","yoast_head_json":{"title":"S\u00e9jours de luxe \u00e0 Mad\u00e8re | Atlantic Location saisonni\u00e8re","description":"D\u00e9couvrez les s\u00e9jours de luxe \u00e0 Mad\u00e8re avec des villas exclusives, des piscines priv\u00e9es & des vues imprenables. Parfait pour des escapades insulaires raffin\u00e9es.","robots":{"index":"index","follow":"follow","max-snippet":"max-snippet:-1","max-image-preview":"max-image-preview:large","max-video-preview":"max-video-preview:-1"},"canonical":"https:\/\/www.atlanticholidayrentals.com\/blog\/fr\/vacances-luxe-madere\/","og_locale":"fr_FR","og_type":"article","og_title":"S\u00e9jours de luxe \u00e0 Mad\u00e8re | Atlantic Location saisonni\u00e8re","og_description":"D\u00e9couvrez les s\u00e9jours de luxe \u00e0 Mad\u00e8re avec des villas exclusives, des piscines priv\u00e9es & des vues imprenables. Parfait pour des escapades insulaires raffin\u00e9es.","og_url":"https:\/\/www.atlanticholidayrentals.com\/blog\/fr\/vacances-luxe-madere\/","og_site_name":"Blog","article_published_time":"2026-04-24T11:48:11+00:00","article_modified_time":"2026-04-24T12:49:54+00:00","og_image":[{"width":1920,"height":650,"url":"https:\/\/www.atlanticholidayrentals.com\/blog\/wp-content\/uploads\/2026\/04\/luxury-holidays-madeira.webp","type":"image\/webp"}],"author":"digitalservices","twitter_card":"summary_large_image","twitter_misc":{"\u00c9crit par":"digitalservices","Dur\u00e9e de lecture estim\u00e9e":"8 minutes"},"schema":{"@context":"https:\/\/schema.org","@graph":[{"@type":"Article","@id":"https:\/\/www.atlanticholidayrentals.com\/blog\/fr\/vacances-luxe-madere\/#article","isPartOf":{"@id":"https:\/\/www.atlanticholidayrentals.com\/blog\/fr\/vacances-luxe-madere\/"},"author":{"name":"digitalservices","@id":"https:\/\/www.atlanticholidayrentals.com\/blog\/#\/schema\/person\/4ed40a36822f6a090c2c92a108486ae7"},"headline":"Vacances de luxe \u00e0 Mad\u00e8re","datePublished":"2026-04-24T11:48:11+00:00","dateModified":"2026-04-24T12:49:54+00:00","mainEntityOfPage":{"@id":"https:\/\/www.atlanticholidayrentals.com\/blog\/fr\/vacances-luxe-madere\/"},"wordCount":1654,"commentCount":0,"image":{"@id":"https:\/\/www.atlanticholidayrentals.com\/blog\/fr\/vacances-luxe-madere\/#primaryimage"},"thumbnailUrl":"https:\/\/www.atlanticholidayrentals.com\/blog\/wp-content\/uploads\/2026\/04\/luxury-holidays-madeira.webp","articleSection":["Logement saisonni\u00e8re"],"inLanguage":"fr-FR","potentialAction":[{"@type":"CommentAction","name":"Comment","target":["https:\/\/www.atlanticholidayrentals.com\/blog\/fr\/vacances-luxe-madere\/#respond"]}]},{"@type":"WebPage","@id":"https:\/\/www.atlanticholidayrentals.com\/blog\/fr\/vacances-luxe-madere\/","url":"https:\/\/www.atlanticholidayrentals.com\/blog\/fr\/vacances-luxe-madere\/","name":"S\u00e9jours de luxe \u00e0 Mad\u00e8re | Atlantic Location saisonni\u00e8re","isPartOf":{"@id":"https:\/\/www.atlanticholidayrentals.com\/blog\/#website"},"primaryImageOfPage":{"@id":"https:\/\/www.atlanticholidayrentals.com\/blog\/fr\/vacances-luxe-madere\/#primaryimage"},"image":{"@id":"https:\/\/www.atlanticholidayrentals.com\/blog\/fr\/vacances-luxe-madere\/#primaryimage"},"thumbnailUrl":"https:\/\/www.atlanticholidayrentals.com\/blog\/wp-content\/uploads\/2026\/04\/luxury-holidays-madeira.webp","datePublished":"2026-04-24T11:48:11+00:00","dateModified":"2026-04-24T12:49:54+00:00","author":{"@id":"https:\/\/www.atlanticholidayrentals.com\/blog\/#\/schema\/person\/4ed40a36822f6a090c2c92a108486ae7"},"description":"D\u00e9couvrez les s\u00e9jours de luxe \u00e0 Mad\u00e8re avec des villas exclusives, des piscines priv\u00e9es & des vues imprenables. Parfait pour des escapades insulaires raffin\u00e9es.","breadcrumb":{"@id":"https:\/\/www.atlanticholidayrentals.com\/blog\/fr\/vacances-luxe-madere\/#breadcrumb"},"inLanguage":"fr-FR","potentialAction":[{"@type":"ReadAction","target":["https:\/\/www.atlanticholidayrentals.com\/blog\/fr\/vacances-luxe-madere\/"]}]},{"@type":"ImageObject","inLanguage":"fr-FR","@id":"https:\/\/www.atlanticholidayrentals.com\/blog\/fr\/vacances-luxe-madere\/#primaryimage","url":"https:\/\/www.atlanticholidayrentals.com\/blog\/wp-content\/uploads\/2026\/04\/luxury-holidays-madeira.webp","contentUrl":"https:\/\/www.atlanticholidayrentals.com\/blog\/wp-content\/uploads\/2026\/04\/luxury-holidays-madeira.webp","width":1920,"height":650,"caption":"s\u00e9jours de luxe mad\u00e8re"},{"@type":"BreadcrumbList","@id":"https:\/\/www.atlanticholidayrentals.com\/blog\/fr\/vacances-luxe-madere\/#breadcrumb","itemListElement":[{"@type":"ListItem","position":1,"name":"Home","item":"https:\/\/www.atlanticholidayrentals.com\/blog\/es\/"},{"@type":"ListItem","position":2,"name":"Vacances de luxe \u00e0 Mad\u00e8re"}]},{"@type":"WebSite","@id":"https:\/\/www.atlanticholidayrentals.com\/blog\/#website","url":"https:\/\/www.atlanticholidayrentals.com\/blog\/","name":"Blog","description":"Atlanticholidayrentals","potentialAction":[{"@type":"SearchAction","target":{"@type":"EntryPoint","urlTemplate":"https:\/\/www.atlanticholidayrentals.com\/blog\/?s={search_term_string}"},"query-input":{"@type":"PropertyValueSpecification","valueRequired":true,"valueName":"search_term_string"}}],"inLanguage":"fr-FR"},{"@type":"Person","@id":"https:\/\/www.atlanticholidayrentals.com\/blog\/#\/schema\/person\/4ed40a36822f6a090c2c92a108486ae7","name":"digitalservices","image":{"@type":"ImageObject","inLanguage":"fr-FR","@id":"https:\/\/secure.gravatar.com\/avatar\/af30f88a1904294c1f3eb09a9d7903eec4ffa18fa2cf40c28a8681014ecdfc20?s=96&d=mm&r=g","url":"https:\/\/secure.gravatar.com\/avatar\/af30f88a1904294c1f3eb09a9d7903eec4ffa18fa2cf40c28a8681014ecdfc20?s=96&d=mm&r=g","contentUrl":"https:\/\/secure.gravatar.com\/avatar\/af30f88a1904294c1f3eb09a9d7903eec4ffa18fa2cf40c28a8681014ecdfc20?s=96&d=mm&r=g","caption":"digitalservices"},"url":"https:\/\/www.atlanticholidayrentals.com\/blog\/fr\/author\/digitalservices\/"}]}},"_links":{"self":[{"href":"https:\/\/www.atlanticholidayrentals.com\/blog\/fr\/wp-json\/wp\/v2\/posts\/6096","targetHints":{"allow":["GET"]}}],"collection":[{"href":"https:\/\/www.atlanticholidayrentals.com\/blog\/fr\/wp-json\/wp\/v2\/posts"}],"about":[{"href":"https:\/\/www.atlanticholidayrentals.com\/blog\/fr\/wp-json\/wp\/v2\/types\/post"}],"author":[{"embeddable":true,"href":"https:\/\/www.atlanticholidayrentals.com\/blog\/fr\/wp-json\/wp\/v2\/users\/2"}],"replies":[{"embeddable":true,"href":"https:\/\/www.atlanticholidayrentals.com\/blog\/fr\/wp-json\/wp\/v2\/comments?post=6096"}],"version-history":[{"count":1,"href":"https:\/\/www.atlanticholidayrentals.com\/blog\/fr\/wp-json\/wp\/v2\/posts\/6096\/revisions"}],"predecessor-version":[{"id":6097,"href":"https:\/\/www.atlanticholidayrentals.com\/blog\/fr\/wp-json\/wp\/v2\/posts\/6096\/revisions\/6097"}],"wp:featuredmedia":[{"embeddable":true,"href":"https:\/\/www.atlanticholidayrentals.com\/blog\/fr\/wp-json\/wp\/v2\/media\/6093"}],"wp:attachment":[{"href":"https:\/\/www.atlanticholidayrentals.com\/blog\/fr\/wp-json\/wp\/v2\/media?parent=6096"}],"wp:term":[{"taxonomy":"category","embeddable":true,"href":"https:\/\/www.atlanticholidayrentals.com\/blog\/fr\/wp-json\/wp\/v2\/categories?post=6096"},{"taxonomy":"post_tag","embeddable":true,"href":"https:\/\/www.atlanticholidayrentals.com\/blog\/fr\/wp-json\/wp\/v2\/tags?post=6096"}],"curies":[{"name":"wp","href":"https:\/\/api.w.org\/{rel}","templated":true}]}}