{"id":5994,"date":"2026-04-02T14:33:50","date_gmt":"2026-04-02T14:33:50","guid":{"rendered":"https:\/\/www.atlanticholidayrentals.com\/blog\/miradouro-da-eira-do-serrado\/"},"modified":"2026-04-22T14:43:37","modified_gmt":"2026-04-22T14:43:37","slug":"miradouro-da-eira-do-serrado","status":"publish","type":"post","link":"https:\/\/www.atlanticholidayrentals.com\/blog\/fr\/miradouro-da-eira-do-serrado\/","title":{"rendered":"Visiter le Miradouro da Eira do Serrado : la meilleure vue sur la vall\u00e9e de Mad\u00e8re expliqu\u00e9e"},"content":{"rendered":"\t\t<div data-elementor-type=\"wp-post\" data-elementor-id=\"5994\" class=\"elementor elementor-5994 elementor-5567\" data-elementor-post-type=\"post\">\n\t\t\t\t<div class=\"elementor-element elementor-element-324c0cd8 e-flex e-con-boxed e-con e-parent\" data-id=\"324c0cd8\" data-element_type=\"container\" data-e-type=\"container\">\n\t\t\t\t\t<div class=\"e-con-inner\">\n\t\t\t\t<div class=\"elementor-element elementor-element-61db98de elementor-widget elementor-widget-text-editor\" data-id=\"61db98de\" data-element_type=\"widget\" data-e-type=\"widget\" data-widget_type=\"text-editor.default\">\n\t\t\t\t<div class=\"elementor-widget-container\">\n\t\t\t\t\t\t\t\t\t<p><span style=\"font-weight: 400;\">La plupart des gens visitent le Miradouro da Eira do Serrado en s\u2019attendant \u00e0 une simple halte photographique rapide sur la route des montagnes. Il est souvent d\u00e9crit comme l\u2019un des meilleurs points de vue de Mad\u00e8re, ce qui peut laisser croire \u00e0 un endroit bond\u00e9, sur\u00e9valu\u00e9 ou semblable aux autres belv\u00e9d\u00e8res de l\u2019\u00eele. <\/span><\/p><p><span style=\"font-weight: 400;\">En r\u00e9alit\u00e9, il se distingue par son accessibilit\u00e9 par rapport \u00e0 l\u2019immensit\u00e9 de la vue. Quelques minutes seulement apr\u00e8s avoir quitt\u00e9 le parking, vous plongez votre regard directement dans Curral das Freiras, une vall\u00e9e profonde entour\u00e9e de cr\u00eates escarp\u00e9es, avec tr\u00e8s peu d\u2019obstacles ou de distractions. C\u2019est une installation simple, mais le paysage fait tout le travail.  <\/span><\/p>\t\t\t\t\t\t\t\t<\/div>\n\t\t\t\t<\/div>\n\t\t\t\t\t<\/div>\n\t\t\t\t<\/div>\n\t\t<div class=\"elementor-element elementor-element-18eead e-flex e-con-boxed e-con e-parent\" data-id=\"18eead\" data-element_type=\"container\" data-e-type=\"container\">\n\t\t\t\t\t<div class=\"e-con-inner\">\n\t\t\t\t<div class=\"elementor-element elementor-element-75dda795 elementor-widget elementor-widget-table-of-contents\" data-id=\"75dda795\" data-element_type=\"widget\" data-e-type=\"widget\" data-settings=\"{&quot;headings_by_tags&quot;:[&quot;h2&quot;],&quot;exclude_headings_by_selector&quot;:[],&quot;marker_view&quot;:&quot;bullets&quot;,&quot;icon&quot;:{&quot;value&quot;:&quot;&quot;,&quot;library&quot;:&quot;&quot;},&quot;no_headings_message&quot;:&quot;No headings were found on this page.&quot;,&quot;hierarchical_view&quot;:&quot;yes&quot;,&quot;min_height&quot;:{&quot;unit&quot;:&quot;px&quot;,&quot;size&quot;:&quot;&quot;,&quot;sizes&quot;:[]},&quot;min_height_tablet&quot;:{&quot;unit&quot;:&quot;px&quot;,&quot;size&quot;:&quot;&quot;,&quot;sizes&quot;:[]},&quot;min_height_mobile&quot;:{&quot;unit&quot;:&quot;px&quot;,&quot;size&quot;:&quot;&quot;,&quot;sizes&quot;:[]}}\" data-widget_type=\"table-of-contents.default\">\n\t\t\t\t<div class=\"elementor-widget-container\">\n\t\t\t\t\t\t\t\t\t<div class=\"elementor-toc__header\">\n\t\t\t\t\t\t<div class=\"elementor-toc__header-title\">\n\t\t\t\tSommaire\t\t\t<\/div>\n\t\t\t\t\t\t\t\t<\/div>\n\t\t\t\t<div id=\"elementor-toc__75dda795\" class=\"elementor-toc__body\">\n\t\t\t<div class=\"elementor-toc__spinner-container\">\n\t\t\t\t<svg class=\"elementor-toc__spinner eicon-animation-spin e-font-icon-svg e-eicon-loading\" aria-hidden=\"true\" viewBox=\"0 0 1000 1000\" xmlns=\"http:\/\/www.w3.org\/2000\/svg\"><path d=\"M500 975V858C696 858 858 696 858 500S696 142 500 142 142 304 142 500H25C25 237 238 25 500 25S975 237 975 500 763 975 500 975Z\"><\/path><\/svg>\t\t\t<\/div>\n\t\t<\/div>\n\t\t\t\t\t\t<\/div>\n\t\t\t\t<\/div>\n\t\t\t\t\t<\/div>\n\t\t\t\t<\/div>\n\t\t<div class=\"elementor-element elementor-element-6f75e475 e-flex e-con-boxed e-con e-parent\" data-id=\"6f75e475\" data-element_type=\"container\" data-e-type=\"container\">\n\t\t\t\t\t<div class=\"e-con-inner\">\n\t\t\t\t<div class=\"elementor-element elementor-element-280032c1 elementor-widget elementor-widget-heading\" data-id=\"280032c1\" data-element_type=\"widget\" data-e-type=\"widget\" data-widget_type=\"heading.default\">\n\t\t\t\t<div class=\"elementor-widget-container\">\n\t\t\t\t\t<h2 class=\"elementor-heading-title elementor-size-default\">O\u00f9 trouver et comment se rendre au Miradouro da Eira do Serrado\n<\/h2>\t\t\t\t<\/div>\n\t\t\t\t<\/div>\n\t\t\t\t<div class=\"elementor-element elementor-element-6fb26897 elementor-widget elementor-widget-text-editor\" data-id=\"6fb26897\" data-element_type=\"widget\" data-e-type=\"widget\" data-widget_type=\"text-editor.default\">\n\t\t\t\t<div class=\"elementor-widget-container\">\n\t\t\t\t\t\t\t\t\t<p><span style=\"font-weight: 400;\">Le Miradouro da Eira do Serrado se situe \u00e0 environ 20 ou 30 minutes de Funchal, nich\u00e9 dans les montagnes centrales au-dessus de Curral das Freiras. L\u2019itin\u00e9raire s\u2019\u00e9l\u00e8ve progressivement depuis la c\u00f4te, avec des routes sinueuses et un changement de temp\u00e9rature notable \u00e0 mesure que vous gagnez en altitude. <\/span><\/p><p><span style=\"font-weight: 400;\">La voiture est le moyen le plus direct pour s\u2019y rendre, avec un parking gratuit disponible \u00e0 proximit\u00e9 de l\u2019entr\u00e9e. Il existe \u00e9galement une option de transport public fiable. Le bus 81 part de Funchal et s\u2019arr\u00eate directement au point de vue, ce qui en fait l\u2019un des sites de montagne les plus faciles \u00e0 visiter sans voiture.  <\/span><\/p><p><span style=\"font-weight: 400;\">Une fois sur place, l\u2019acc\u00e8s au belv\u00e9d\u00e8re lui-m\u00eame est simple. Un court sentier pav\u00e9 monte depuis le parking ; il faut compter environ cinq minutes \u00e0 un rythme r\u00e9gulier pour atteindre la plateforme d\u2019observation principale. <\/span><\/p><p><span style=\"font-weight: 400;\">Si vous pr\u00e9voyez plus qu\u2019un arr\u00eat rapide, c\u2019est \u00e9galement ici que commence l\u2019itin\u00e9raire descendant vers Curral das Freiras. Le \u00ab Chemin des Nonnes \u00bb est un sentier d\u2019environ 2 km qui descend depuis le parking vers la vall\u00e9e sur un parcours en escalier bien d\u00e9fini. La plupart des gens pr\u00e9f\u00e8rent descendre plut\u00f4t que de tenter la remont\u00e9e, puis utilisent le bus 81 depuis le village pour revenir au point de vue ou continuer vers Funchal.  <\/span><\/p><p><span style=\"font-weight: 400;\">Si vous s\u00e9journez d\u00e9j\u00e0 dans la capitale, cette visite s\u2019int\u00e8gre facilement dans une journ\u00e9e plus large aux c\u00f4t\u00e9s des id\u00e9es de ce guide sur les <\/span><a href=\"https:\/\/www.atlanticholidayrentals.com\/blog\/fr\/que-faire-funchal\/\"><span style=\"font-weight: 400;\">choses \u00e0 faire \u00e0 Funchal<\/span><\/a><span style=\"font-weight: 400;\">, surtout si vous combinez les points de vue avec un moment en montagne.<\/span><\/p>\t\t\t\t\t\t\t\t<\/div>\n\t\t\t\t<\/div>\n\t\t\t\t<div class=\"elementor-element elementor-element-f9aca06 elementor-widget elementor-widget-google_maps\" data-id=\"f9aca06\" data-element_type=\"widget\" data-e-type=\"widget\" data-widget_type=\"google_maps.default\">\n\t\t\t\t<div class=\"elementor-widget-container\">\n\t\t\t\t\t\t\t<div class=\"elementor-custom-embed\">\n\t\t\t<iframe loading=\"lazy\"\n\t\t\t\t\tsrc=\"https:\/\/maps.google.com\/maps?q=Miradouro%20da%20Eira%20do%20Serrado&#038;t=m&#038;z=12&#038;output=embed&#038;iwloc=near\"\n\t\t\t\t\ttitle=\"Miradouro da Eira do Serrado\"\n\t\t\t\t\taria-label=\"Miradouro da Eira do Serrado\"\n\t\t\t><\/iframe>\n\t\t<\/div>\n\t\t\t\t\t\t<\/div>\n\t\t\t\t<\/div>\n\t\t\t\t\t<\/div>\n\t\t\t\t<\/div>\n\t\t<div class=\"elementor-element elementor-element-7ac514d e-flex e-con-boxed e-con e-parent\" data-id=\"7ac514d\" data-element_type=\"container\" data-e-type=\"container\">\n\t\t\t\t\t<div class=\"e-con-inner\">\n\t\t\t\t<div class=\"elementor-element elementor-element-b7c95bd elementor-widget elementor-widget-heading\" data-id=\"b7c95bd\" data-element_type=\"widget\" data-e-type=\"widget\" data-widget_type=\"heading.default\">\n\t\t\t\t<div class=\"elementor-widget-container\">\n\t\t\t\t\t<h2 class=\"elementor-heading-title elementor-size-default\">\u00c0 quoi s\u2019attendre concernant la vue au belv\u00e9d\u00e8re d\u2019Eira do Serrado\n<\/h2>\t\t\t\t<\/div>\n\t\t\t\t<\/div>\n\t\t\t\t<div class=\"elementor-element elementor-element-b579f6e elementor-widget elementor-widget-text-editor\" data-id=\"b579f6e\" data-element_type=\"widget\" data-e-type=\"widget\" data-widget_type=\"text-editor.default\">\n\t\t\t\t<div class=\"elementor-widget-container\">\n\t\t\t\t\t\t\t\t\t<p><span style=\"font-weight: 400;\">La premi\u00e8re chose que l\u2019on remarque est la profondeur. \u00c0 une altitude de 1 095 m\u00e8tres, il ne s\u2019agit pas d\u2019une simple vue sur une colline. La vall\u00e9e descend brusquement sous vos pieds, le village de Curral das Freiras se trouvant loin en contrebas, entour\u00e9 de parois montagneuses abruptes, presque closes.  <\/span><\/p><p><span style=\"font-weight: 400;\">Par temps clair, l\u2019\u00e9chelle devient \u00e9vidente. Des couches de cr\u00eates verdoyantes s\u2019\u00e9tendent dans toutes les directions, le village paraissant petit et lointain, comme cach\u00e9 du reste de l\u2019\u00eele. <\/span><\/p><p><span style=\"font-weight: 400;\">La plateforme d\u2019observation elle-m\u00eame est simple mais bien positionn\u00e9e. Il y a une courte mont\u00e9e de marches \u00e0 la fin, mais rien de difficile. Elle est accessible \u00e0 la plupart des visiteurs, y compris aux familles avec poussettes jusqu\u2019\u00e0 un certain point, bien que les derni\u00e8res marches puissent n\u00e9cessiter un petit effort.  <\/span><\/p><p><span style=\"font-weight: 400;\">Ce qui frappe ici, c\u2019est la rapidit\u00e9 avec laquelle les conditions peuvent changer. Un instant, la vall\u00e9e est totalement visible, l\u2019instant d\u2019apr\u00e8s, elle est partiellement couverte par des nuages d\u00e9rivant entre les sommets. Cela ajoute \u00e0 l\u2019atmosph\u00e8re, mais cela signifie aussi que le moment choisi peut affecter ce que vous voyez. Les matin\u00e9es offrent souvent des vues plus d\u00e9gag\u00e9es, tandis que la fin de journ\u00e9e peut \u00eatre plus impr\u00e9visible.   <\/span><\/p>\t\t\t\t\t\t\t\t<\/div>\n\t\t\t\t<\/div>\n\t\t\t\t<div class=\"elementor-element elementor-element-1b488dc elementor-widget elementor-widget-image\" data-id=\"1b488dc\" data-element_type=\"widget\" data-e-type=\"widget\" data-widget_type=\"image.default\">\n\t\t\t\t<div class=\"elementor-widget-container\">\n\t\t\t\t\t\t\t\t\t\t\t\t\t\t\t<img fetchpriority=\"high\" decoding=\"async\" width=\"800\" height=\"389\" src=\"https:\/\/www.atlanticholidayrentals.com\/blog\/wp-content\/uploads\/2026\/04\/Miradouro-da-Eira-do-Serrado-Madeira-1024x498.webp\" class=\"attachment-large size-large wp-image-5967\" alt=\"\" srcset=\"https:\/\/www.atlanticholidayrentals.com\/blog\/wp-content\/uploads\/2026\/04\/Miradouro-da-Eira-do-Serrado-Madeira-1024x498.webp 1024w, https:\/\/www.atlanticholidayrentals.com\/blog\/wp-content\/uploads\/2026\/04\/Miradouro-da-Eira-do-Serrado-Madeira-300x146.webp 300w, https:\/\/www.atlanticholidayrentals.com\/blog\/wp-content\/uploads\/2026\/04\/Miradouro-da-Eira-do-Serrado-Madeira-768x373.webp 768w, https:\/\/www.atlanticholidayrentals.com\/blog\/wp-content\/uploads\/2026\/04\/Miradouro-da-Eira-do-Serrado-Madeira.webp 1360w\" sizes=\"(max-width: 800px) 100vw, 800px\" \/>\t\t\t\t\t\t\t\t\t\t\t\t\t\t\t<\/div>\n\t\t\t\t<\/div>\n\t\t\t\t\t<\/div>\n\t\t\t\t<\/div>\n\t\t<div class=\"elementor-element elementor-element-487e151 e-flex e-con-boxed e-con e-parent\" data-id=\"487e151\" data-element_type=\"container\" data-e-type=\"container\">\n\t\t\t\t\t<div class=\"e-con-inner\">\n\t\t\t\t<div class=\"elementor-element elementor-element-4058216 elementor-widget elementor-widget-heading\" data-id=\"4058216\" data-element_type=\"widget\" data-e-type=\"widget\" data-widget_type=\"heading.default\">\n\t\t\t\t<div class=\"elementor-widget-container\">\n\t\t\t\t\t<h2 class=\"elementor-heading-title elementor-size-default\">Informations pratiques pour visiter le Miradouro da Eira do Serrado\n<\/h2>\t\t\t\t<\/div>\n\t\t\t\t<\/div>\n\t\t\t\t<div class=\"elementor-element elementor-element-f15e041 elementor-widget elementor-widget-text-editor\" data-id=\"f15e041\" data-element_type=\"widget\" data-e-type=\"widget\" data-widget_type=\"text-editor.default\">\n\t\t\t\t<div class=\"elementor-widget-container\">\n\t\t\t\t\t\t\t\t\t<p><span style=\"font-weight: 400;\">Malgr\u00e9 son cadre spectaculaire, la visite du Miradouro da Eira do Serrado est simple. L\u2019entr\u00e9e est gratuite et les installations sont meilleures que ce que l\u2019on pourrait attendre d\u2019un point de vue de montagne. <\/span><\/p><p><span style=\"font-weight: 400;\">Pr\u00e8s du parking, vous trouverez un petit caf\u00e9, une boutique de souvenirs et des toilettes. Ce n\u2019est pas un endroit o\u00f9 vous passerez des heures, mais c\u2019est assez confortable pour faire une pause, prendre un verre et profiter des environs sans se presser. <\/span><\/p><p><span style=\"font-weight: 400;\">Le stationnement est g\u00e9n\u00e9ralement disponible, bien qu\u2019il puisse \u00eatre limit\u00e9 pendant les p\u00e9riodes de pointe. Le milieu de la matin\u00e9e a tendance \u00e0 \u00eatre plus fr\u00e9quent\u00e9, surtout \u00e0 l\u2019arriv\u00e9e des groupes de touristes. Arriver plus t\u00f4t ou plus tard dans l\u2019apr\u00e8s-midi permet g\u00e9n\u00e9ralement de profiter d\u2019une exp\u00e9rience plus calme.  <\/span><\/p><p><span style=\"font-weight: 400;\">Une chose qui surprend souvent les visiteurs est la temp\u00e9rature. M\u00eame s\u2019il fait chaud \u00e0 Funchal, il peut faire nettement plus frais ici en raison de l\u2019altitude et de l\u2019exposition au vent. Apporter une veste l\u00e9g\u00e8re est une d\u00e9cision judicieuse, m\u00eame par une journ\u00e9e ensoleill\u00e9e.  <\/span><\/p><p><span style=\"font-weight: 400;\">En termes de temps n\u00e9cessaire, la plupart des visiteurs passent environ 30 \u00e0 45 minutes ici. C\u2019est un arr\u00eat court, mais qui s\u2019int\u00e8gre facilement dans une journ\u00e9e plus vaste d\u2019exploration de l\u2019int\u00e9rieur de Mad\u00e8re. <\/span><\/p><p><span style=\"font-weight: 400;\">Si vous planifiez votre voyage de mani\u00e8re plus globale, il est utile de consulter ce guide sur la <\/span><a href=\"https:\/\/www.atlanticholidayrentals.com\/blog\/best-time-to-visit-madeira\/\"><span style=\"font-weight: 400;\">meilleure p\u00e9riode pour visiter Mad\u00e8re<\/span><\/a><span style=\"font-weight: 400;\"> afin de comprendre comment la m\u00e9t\u00e9o saisonni\u00e8re peut affecter la visibilit\u00e9 dans les montagnes.<\/span><\/p>\t\t\t\t\t\t\t\t<\/div>\n\t\t\t\t<\/div>\n\t\t\t\t<div class=\"elementor-element elementor-element-54b4be1 elementor-widget elementor-widget-image\" data-id=\"54b4be1\" data-element_type=\"widget\" data-e-type=\"widget\" data-widget_type=\"image.default\">\n\t\t\t\t<div class=\"elementor-widget-container\">\n\t\t\t\t\t\t\t\t\t\t\t\t\t\t\t<img decoding=\"async\" width=\"800\" height=\"451\" src=\"https:\/\/www.atlanticholidayrentals.com\/blog\/wp-content\/uploads\/2026\/04\/Miradouro-da-Eira-do-Serrado-views-1024x577.webp\" class=\"attachment-large size-large wp-image-5968\" alt=\"\" srcset=\"https:\/\/www.atlanticholidayrentals.com\/blog\/wp-content\/uploads\/2026\/04\/Miradouro-da-Eira-do-Serrado-views-1024x577.webp 1024w, https:\/\/www.atlanticholidayrentals.com\/blog\/wp-content\/uploads\/2026\/04\/Miradouro-da-Eira-do-Serrado-views-300x169.webp 300w, https:\/\/www.atlanticholidayrentals.com\/blog\/wp-content\/uploads\/2026\/04\/Miradouro-da-Eira-do-Serrado-views-768x433.webp 768w, https:\/\/www.atlanticholidayrentals.com\/blog\/wp-content\/uploads\/2026\/04\/Miradouro-da-Eira-do-Serrado-views.webp 1360w\" sizes=\"(max-width: 800px) 100vw, 800px\" \/>\t\t\t\t\t\t\t\t\t\t\t\t\t\t\t<\/div>\n\t\t\t\t<\/div>\n\t\t\t\t\t<\/div>\n\t\t\t\t<\/div>\n\t\t<div class=\"elementor-element elementor-element-7dda941 e-flex e-con-boxed e-con e-parent\" data-id=\"7dda941\" data-element_type=\"container\" data-e-type=\"container\">\n\t\t\t\t\t<div class=\"e-con-inner\">\n\t\t\t\t<div class=\"elementor-element elementor-element-2ce34ce elementor-widget elementor-widget-heading\" data-id=\"2ce34ce\" data-element_type=\"widget\" data-e-type=\"widget\" data-widget_type=\"heading.default\">\n\t\t\t\t<div class=\"elementor-widget-container\">\n\t\t\t\t\t<h2 class=\"elementor-heading-title elementor-size-default\">Autres lieux \u00e0 visiter pr\u00e8s du Miradouro da Eira do Serrado\n<\/h2>\t\t\t\t<\/div>\n\t\t\t\t<\/div>\n\t\t\t\t<div class=\"elementor-element elementor-element-189124a elementor-widget elementor-widget-text-editor\" data-id=\"189124a\" data-element_type=\"widget\" data-e-type=\"widget\" data-widget_type=\"text-editor.default\">\n\t\t\t\t<div class=\"elementor-widget-container\">\n\t\t\t\t\t\t\t\t\t<p><span style=\"font-weight: 400;\">Le point de vue s\u2019appr\u00e9cie davantage dans le cadre d\u2019un itin\u00e9raire plus large que comme une destination isol\u00e9e. Apr\u00e8s la visite, de nombreuses personnes continuent vers Curral das Freiras pour voir la vall\u00e9e depuis le bas. Le contraste entre les deux perspectives permet de mieux appr\u00e9hender le paysage.  <\/span><\/p><p><span style=\"font-weight: 400;\">Si vous \u00eates int\u00e9ress\u00e9 par d\u2019autres points de vue, Mad\u00e8re n\u2019en manque pas. Le   <\/span><a href=\"https:\/\/www.atlanticholidayrentals.com\/blog\/fr\/pico-dos-barcelos-viewpoint-2\/\"><span style=\"font-weight: 400;\">belv\u00e9d\u00e8re du Pico dos Barcelos<\/span><\/a><span style=\"font-weight: 400;\"> offre un angle compl\u00e8tement diff\u00e9rent sur Funchal, tandis que le <\/span><a href=\"https:\/\/www.atlanticholidayrentals.com\/blog\/fr\/miradouro-da-portela-2\/\"><span style=\"font-weight: 400;\">Miradouro da Portela<\/span><\/a><span style=\"font-weight: 400;\">, sur le c\u00f4t\u00e9 est de l\u2019\u00eele, offre une vue plus large sur la c\u00f4te et la vall\u00e9e.<\/span><\/p><p><span style=\"font-weight: 400;\">Pour ceux qui pr\u00e9f\u00e8rent une activit\u00e9 plus dynamique, combiner les points de vue avec des itin\u00e9raires de randonn\u00e9e est une excellente option. Le r\u00e9seau de sentiers de Mad\u00e8re est r\u00e9put\u00e9, et ce guide sur les   <\/span><a href=\"https:\/\/www.atlanticholidayrentals.com\/blog\/en\/\"><span style=\"font-weight: 400;\">randonn\u00e9es \u00e0 Mad\u00e8re<\/span><\/a><span style=\"font-weight: 400;\"> est un point de d\u00e9part utile si vous souhaitez prolonger votre temps en plein air au-del\u00e0 des arr\u00eats rapides.<\/span><\/p>\t\t\t\t\t\t\t\t<\/div>\n\t\t\t\t<\/div>\n\t\t\t\t<div class=\"elementor-element elementor-element-4508cb9 elementor-widget elementor-widget-image\" data-id=\"4508cb9\" data-element_type=\"widget\" data-e-type=\"widget\" data-widget_type=\"image.default\">\n\t\t\t\t<div class=\"elementor-widget-container\">\n\t\t\t\t\t\t\t\t\t\t\t\t\t\t\t<img decoding=\"async\" src=\"https:\/\/www.atlanticholidayrentals.com\/blog\/wp-content\/uploads\/elementor\/thumbs\/Miradouro-da-Eira-do-Serrado-rlf3g5hpgqkcj8p4em6kd390y3vb9e8dcpl9arnfjk.webp\" title=\"Miradouro-da-Eira-do-Serrado\" alt=\"Miradouro-da-Eira-do-Serrado\" loading=\"lazy\" \/>\t\t\t\t\t\t\t\t\t\t\t\t\t\t\t<\/div>\n\t\t\t\t<\/div>\n\t\t\t\t\t<\/div>\n\t\t\t\t<\/div>\n\t\t<div class=\"elementor-element elementor-element-cdc5c47 e-flex e-con-boxed e-con e-parent\" data-id=\"cdc5c47\" data-element_type=\"container\" data-e-type=\"container\">\n\t\t\t\t\t<div class=\"e-con-inner\">\n\t\t\t\t<div class=\"elementor-element elementor-element-810c0f5 elementor-widget elementor-widget-heading\" data-id=\"810c0f5\" data-element_type=\"widget\" data-e-type=\"widget\" data-widget_type=\"heading.default\">\n\t\t\t\t<div class=\"elementor-widget-container\">\n\t\t\t\t\t<h2 class=\"elementor-heading-title elementor-size-default\">Pourquoi le Miradouro da Eira do Serrado m\u00e9rite de figurer dans votre voyage \u00e0 Mad\u00e8re\n<\/h2>\t\t\t\t<\/div>\n\t\t\t\t<\/div>\n\t\t\t\t<div class=\"elementor-element elementor-element-6641589 elementor-widget elementor-widget-text-editor\" data-id=\"6641589\" data-element_type=\"widget\" data-e-type=\"widget\" data-widget_type=\"text-editor.default\">\n\t\t\t\t<div class=\"elementor-widget-container\">\n\t\t\t\t\t\t\t\t\t<p><span style=\"font-weight: 400;\">Le Miradouro da Eira do Serrado vaut le d\u00e9tour pour une raison simple : il vous offre une vue claire et directe sur l\u2019int\u00e9rieur de Mad\u00e8re sans n\u00e9cessiter une longue marche ou un programme sur toute une journ\u00e9e. Vous arrivez, empruntez un court sentier et, en quelques minutes, vous contemplez l\u2019un des paysages les plus embl\u00e9matiques de l\u2019\u00eele. <\/span><\/p><p><span style=\"font-weight: 400;\">Il s\u2019int\u00e8gre facilement dans un itin\u00e9raire plus vaste plut\u00f4t que d\u2019\u00eatre le seul objectif de votre journ\u00e9e. Combinez-le avec une balade en voiture dans les montagnes ou un arr\u00eat \u00e0 Curral das Freiras, et il devient une pi\u00e8ce ma\u00eetresse d\u2019une vision plus compl\u00e8te de Mad\u00e8re au-del\u00e0 de son littoral. <\/span><\/p><p><span style=\"font-weight: 400;\">Si vous r\u00e9fl\u00e9chissez \u00e0 l\u2019endroit o\u00f9 loger, il est utile d\u2019\u00eatre bas\u00e9 dans un lieu qui permet d\u2019acc\u00e9der facilement \u00e0 la fois aux montagnes et \u00e0 Funchal.  <\/span><\/p><p><span style=\"font-weight: 400;\">Vous pouvez <\/span><a href=\"https:\/\/www.atlanticholidayrentals.com\/\"><span style=\"font-weight: 400;\">parcourir les h\u00e9bergements d\u2019Atlantic Holiday<\/span><\/a><span style=\"font-weight: 400;\"> pour trouver des options qui facilitent vos d\u00e9placements, sans ajouter de temps de trajet inutile \u00e0 vos journ\u00e9es.<\/span><\/p>\t\t\t\t\t\t\t\t<\/div>\n\t\t\t\t<\/div>\n\t\t\t\t\t<\/div>\n\t\t\t\t<\/div>\n\t\t\t\t<\/div>\n\t\t","protected":false},"excerpt":{"rendered":"<p>La plupart des gens visitent le Miradouro da Eira do Serrado en s\u2019attendant \u00e0 une simple halte photographique rapide sur la route des montagnes. Il est souvent d\u00e9crit comme l\u2019un [&hellip;]<\/p>\n","protected":false},"author":6,"featured_media":5970,"comment_status":"open","ping_status":"closed","sticky":false,"template":"","format":"standard","meta":{"footnotes":""},"categories":[89],"tags":[],"class_list":["post-5994","post","type-post","status-publish","format-standard","has-post-thumbnail","hentry","category-points-de-vue"],"yoast_head":"<!-- This site is optimized with the Yoast SEO plugin v27.4 - https:\/\/yoast.com\/product\/yoast-seo-wordpress\/ -->\n<title>Miradouro da Eira do Serrado - Blog<\/title>\n<meta name=\"description\" content=\"Explorez les vues imprenables depuis le Miradouro da Eira do Serrado. Laissez-vous charmer par le paysage unique de Mad\u00e8re et planifiez votre itin\u00e9raire id\u00e9al.\" \/>\n<meta name=\"robots\" content=\"index, follow, max-snippet:-1, max-image-preview:large, max-video-preview:-1\" \/>\n<link rel=\"canonical\" href=\"https:\/\/www.atlanticholidayrentals.com\/blog\/fr\/miradouro-da-eira-do-serrado\/\" \/>\n<meta property=\"og:locale\" content=\"fr_FR\" \/>\n<meta property=\"og:type\" content=\"article\" \/>\n<meta property=\"og:title\" content=\"Miradouro da Eira do Serrado - Blog\" \/>\n<meta property=\"og:description\" content=\"Explorez les vues imprenables depuis le Miradouro da Eira do Serrado. Laissez-vous charmer par le paysage unique de Mad\u00e8re et planifiez votre itin\u00e9raire id\u00e9al.\" \/>\n<meta property=\"og:url\" content=\"https:\/\/www.atlanticholidayrentals.com\/blog\/fr\/miradouro-da-eira-do-serrado\/\" \/>\n<meta property=\"og:site_name\" content=\"Blog\" \/>\n<meta property=\"article:published_time\" content=\"2026-04-02T14:33:50+00:00\" \/>\n<meta property=\"article:modified_time\" content=\"2026-04-22T14:43:37+00:00\" \/>\n<meta property=\"og:image\" content=\"https:\/\/www.atlanticholidayrentals.com\/blog\/wp-content\/uploads\/2026\/04\/Miradouro-da-Eira-do-Serrado-valley.webp\" \/>\n\t<meta property=\"og:image:width\" content=\"1360\" \/>\n\t<meta property=\"og:image:height\" content=\"1020\" \/>\n\t<meta property=\"og:image:type\" content=\"image\/webp\" \/>\n<meta name=\"author\" content=\"Richard\" \/>\n<meta name=\"twitter:card\" content=\"summary_large_image\" \/>\n<meta name=\"twitter:label1\" content=\"\u00c9crit par\" \/>\n\t<meta name=\"twitter:data1\" content=\"Richard\" \/>\n\t<meta name=\"twitter:label2\" content=\"Dur\u00e9e de lecture estim\u00e9e\" \/>\n\t<meta name=\"twitter:data2\" content=\"7 minutes\" \/>\n<script type=\"application\/ld+json\" class=\"yoast-schema-graph\">{\"@context\":\"https:\\\/\\\/schema.org\",\"@graph\":[{\"@type\":\"Article\",\"@id\":\"https:\\\/\\\/www.atlanticholidayrentals.com\\\/blog\\\/fr\\\/miradouro-da-eira-do-serrado\\\/#article\",\"isPartOf\":{\"@id\":\"https:\\\/\\\/www.atlanticholidayrentals.com\\\/blog\\\/fr\\\/miradouro-da-eira-do-serrado\\\/\"},\"author\":{\"name\":\"Richard\",\"@id\":\"https:\\\/\\\/www.atlanticholidayrentals.com\\\/blog\\\/#\\\/schema\\\/person\\\/ad3cabdee1032b4f701c81e7b6959d44\"},\"headline\":\"Visiter le Miradouro da Eira do Serrado : la meilleure vue sur la vall\u00e9e de Mad\u00e8re expliqu\u00e9e\",\"datePublished\":\"2026-04-02T14:33:50+00:00\",\"dateModified\":\"2026-04-22T14:43:37+00:00\",\"mainEntityOfPage\":{\"@id\":\"https:\\\/\\\/www.atlanticholidayrentals.com\\\/blog\\\/fr\\\/miradouro-da-eira-do-serrado\\\/\"},\"wordCount\":1370,\"commentCount\":0,\"image\":{\"@id\":\"https:\\\/\\\/www.atlanticholidayrentals.com\\\/blog\\\/fr\\\/miradouro-da-eira-do-serrado\\\/#primaryimage\"},\"thumbnailUrl\":\"https:\\\/\\\/www.atlanticholidayrentals.com\\\/blog\\\/wp-content\\\/uploads\\\/2026\\\/04\\\/Miradouro-da-Eira-do-Serrado-valley.webp\",\"articleSection\":[\"Points de Vue\"],\"inLanguage\":\"fr-FR\",\"potentialAction\":[{\"@type\":\"CommentAction\",\"name\":\"Comment\",\"target\":[\"https:\\\/\\\/www.atlanticholidayrentals.com\\\/blog\\\/fr\\\/miradouro-da-eira-do-serrado\\\/#respond\"]}]},{\"@type\":\"WebPage\",\"@id\":\"https:\\\/\\\/www.atlanticholidayrentals.com\\\/blog\\\/fr\\\/miradouro-da-eira-do-serrado\\\/\",\"url\":\"https:\\\/\\\/www.atlanticholidayrentals.com\\\/blog\\\/fr\\\/miradouro-da-eira-do-serrado\\\/\",\"name\":\"Miradouro da Eira do Serrado - Blog\",\"isPartOf\":{\"@id\":\"https:\\\/\\\/www.atlanticholidayrentals.com\\\/blog\\\/#website\"},\"primaryImageOfPage\":{\"@id\":\"https:\\\/\\\/www.atlanticholidayrentals.com\\\/blog\\\/fr\\\/miradouro-da-eira-do-serrado\\\/#primaryimage\"},\"image\":{\"@id\":\"https:\\\/\\\/www.atlanticholidayrentals.com\\\/blog\\\/fr\\\/miradouro-da-eira-do-serrado\\\/#primaryimage\"},\"thumbnailUrl\":\"https:\\\/\\\/www.atlanticholidayrentals.com\\\/blog\\\/wp-content\\\/uploads\\\/2026\\\/04\\\/Miradouro-da-Eira-do-Serrado-valley.webp\",\"datePublished\":\"2026-04-02T14:33:50+00:00\",\"dateModified\":\"2026-04-22T14:43:37+00:00\",\"author\":{\"@id\":\"https:\\\/\\\/www.atlanticholidayrentals.com\\\/blog\\\/#\\\/schema\\\/person\\\/ad3cabdee1032b4f701c81e7b6959d44\"},\"description\":\"Explorez les vues imprenables depuis le Miradouro da Eira do Serrado. Laissez-vous charmer par le paysage unique de Mad\u00e8re et planifiez votre itin\u00e9raire id\u00e9al.\",\"breadcrumb\":{\"@id\":\"https:\\\/\\\/www.atlanticholidayrentals.com\\\/blog\\\/fr\\\/miradouro-da-eira-do-serrado\\\/#breadcrumb\"},\"inLanguage\":\"fr-FR\",\"potentialAction\":[{\"@type\":\"ReadAction\",\"target\":[\"https:\\\/\\\/www.atlanticholidayrentals.com\\\/blog\\\/fr\\\/miradouro-da-eira-do-serrado\\\/\"]}]},{\"@type\":\"ImageObject\",\"inLanguage\":\"fr-FR\",\"@id\":\"https:\\\/\\\/www.atlanticholidayrentals.com\\\/blog\\\/fr\\\/miradouro-da-eira-do-serrado\\\/#primaryimage\",\"url\":\"https:\\\/\\\/www.atlanticholidayrentals.com\\\/blog\\\/wp-content\\\/uploads\\\/2026\\\/04\\\/Miradouro-da-Eira-do-Serrado-valley.webp\",\"contentUrl\":\"https:\\\/\\\/www.atlanticholidayrentals.com\\\/blog\\\/wp-content\\\/uploads\\\/2026\\\/04\\\/Miradouro-da-Eira-do-Serrado-valley.webp\",\"width\":1360,\"height\":1020},{\"@type\":\"BreadcrumbList\",\"@id\":\"https:\\\/\\\/www.atlanticholidayrentals.com\\\/blog\\\/fr\\\/miradouro-da-eira-do-serrado\\\/#breadcrumb\",\"itemListElement\":[{\"@type\":\"ListItem\",\"position\":1,\"name\":\"Home\",\"item\":\"https:\\\/\\\/www.atlanticholidayrentals.com\\\/blog\\\/es\\\/\"},{\"@type\":\"ListItem\",\"position\":2,\"name\":\"Visiter le Miradouro da Eira do Serrado : la meilleure vue sur la vall\u00e9e de Mad\u00e8re expliqu\u00e9e\"}]},{\"@type\":\"WebSite\",\"@id\":\"https:\\\/\\\/www.atlanticholidayrentals.com\\\/blog\\\/#website\",\"url\":\"https:\\\/\\\/www.atlanticholidayrentals.com\\\/blog\\\/\",\"name\":\"Blog\",\"description\":\"Atlanticholidayrentals\",\"potentialAction\":[{\"@type\":\"SearchAction\",\"target\":{\"@type\":\"EntryPoint\",\"urlTemplate\":\"https:\\\/\\\/www.atlanticholidayrentals.com\\\/blog\\\/?s={search_term_string}\"},\"query-input\":{\"@type\":\"PropertyValueSpecification\",\"valueRequired\":true,\"valueName\":\"search_term_string\"}}],\"inLanguage\":\"fr-FR\"},{\"@type\":\"Person\",\"@id\":\"https:\\\/\\\/www.atlanticholidayrentals.com\\\/blog\\\/#\\\/schema\\\/person\\\/ad3cabdee1032b4f701c81e7b6959d44\",\"name\":\"Richard\",\"image\":{\"@type\":\"ImageObject\",\"inLanguage\":\"fr-FR\",\"@id\":\"https:\\\/\\\/secure.gravatar.com\\\/avatar\\\/63f7d63df8bc500b7b072100eb25897597ec962e6be3ac33cf5045633fb5702a?s=96&d=mm&r=g\",\"url\":\"https:\\\/\\\/secure.gravatar.com\\\/avatar\\\/63f7d63df8bc500b7b072100eb25897597ec962e6be3ac33cf5045633fb5702a?s=96&d=mm&r=g\",\"contentUrl\":\"https:\\\/\\\/secure.gravatar.com\\\/avatar\\\/63f7d63df8bc500b7b072100eb25897597ec962e6be3ac33cf5045633fb5702a?s=96&d=mm&r=g\",\"caption\":\"Richard\"},\"url\":\"https:\\\/\\\/www.atlanticholidayrentals.com\\\/blog\\\/fr\\\/author\\\/richard\\\/\"}]}<\/script>\n<!-- \/ Yoast SEO plugin. -->","yoast_head_json":{"title":"Miradouro da Eira do Serrado - Blog","description":"Explorez les vues imprenables depuis le Miradouro da Eira do Serrado. Laissez-vous charmer par le paysage unique de Mad\u00e8re et planifiez votre itin\u00e9raire id\u00e9al.","robots":{"index":"index","follow":"follow","max-snippet":"max-snippet:-1","max-image-preview":"max-image-preview:large","max-video-preview":"max-video-preview:-1"},"canonical":"https:\/\/www.atlanticholidayrentals.com\/blog\/fr\/miradouro-da-eira-do-serrado\/","og_locale":"fr_FR","og_type":"article","og_title":"Miradouro da Eira do Serrado - Blog","og_description":"Explorez les vues imprenables depuis le Miradouro da Eira do Serrado. Laissez-vous charmer par le paysage unique de Mad\u00e8re et planifiez votre itin\u00e9raire id\u00e9al.","og_url":"https:\/\/www.atlanticholidayrentals.com\/blog\/fr\/miradouro-da-eira-do-serrado\/","og_site_name":"Blog","article_published_time":"2026-04-02T14:33:50+00:00","article_modified_time":"2026-04-22T14:43:37+00:00","og_image":[{"width":1360,"height":1020,"url":"https:\/\/www.atlanticholidayrentals.com\/blog\/wp-content\/uploads\/2026\/04\/Miradouro-da-Eira-do-Serrado-valley.webp","type":"image\/webp"}],"author":"Richard","twitter_card":"summary_large_image","twitter_misc":{"\u00c9crit par":"Richard","Dur\u00e9e de lecture estim\u00e9e":"7 minutes"},"schema":{"@context":"https:\/\/schema.org","@graph":[{"@type":"Article","@id":"https:\/\/www.atlanticholidayrentals.com\/blog\/fr\/miradouro-da-eira-do-serrado\/#article","isPartOf":{"@id":"https:\/\/www.atlanticholidayrentals.com\/blog\/fr\/miradouro-da-eira-do-serrado\/"},"author":{"name":"Richard","@id":"https:\/\/www.atlanticholidayrentals.com\/blog\/#\/schema\/person\/ad3cabdee1032b4f701c81e7b6959d44"},"headline":"Visiter le Miradouro da Eira do Serrado : la meilleure vue sur la vall\u00e9e de Mad\u00e8re expliqu\u00e9e","datePublished":"2026-04-02T14:33:50+00:00","dateModified":"2026-04-22T14:43:37+00:00","mainEntityOfPage":{"@id":"https:\/\/www.atlanticholidayrentals.com\/blog\/fr\/miradouro-da-eira-do-serrado\/"},"wordCount":1370,"commentCount":0,"image":{"@id":"https:\/\/www.atlanticholidayrentals.com\/blog\/fr\/miradouro-da-eira-do-serrado\/#primaryimage"},"thumbnailUrl":"https:\/\/www.atlanticholidayrentals.com\/blog\/wp-content\/uploads\/2026\/04\/Miradouro-da-Eira-do-Serrado-valley.webp","articleSection":["Points de Vue"],"inLanguage":"fr-FR","potentialAction":[{"@type":"CommentAction","name":"Comment","target":["https:\/\/www.atlanticholidayrentals.com\/blog\/fr\/miradouro-da-eira-do-serrado\/#respond"]}]},{"@type":"WebPage","@id":"https:\/\/www.atlanticholidayrentals.com\/blog\/fr\/miradouro-da-eira-do-serrado\/","url":"https:\/\/www.atlanticholidayrentals.com\/blog\/fr\/miradouro-da-eira-do-serrado\/","name":"Miradouro da Eira do Serrado - Blog","isPartOf":{"@id":"https:\/\/www.atlanticholidayrentals.com\/blog\/#website"},"primaryImageOfPage":{"@id":"https:\/\/www.atlanticholidayrentals.com\/blog\/fr\/miradouro-da-eira-do-serrado\/#primaryimage"},"image":{"@id":"https:\/\/www.atlanticholidayrentals.com\/blog\/fr\/miradouro-da-eira-do-serrado\/#primaryimage"},"thumbnailUrl":"https:\/\/www.atlanticholidayrentals.com\/blog\/wp-content\/uploads\/2026\/04\/Miradouro-da-Eira-do-Serrado-valley.webp","datePublished":"2026-04-02T14:33:50+00:00","dateModified":"2026-04-22T14:43:37+00:00","author":{"@id":"https:\/\/www.atlanticholidayrentals.com\/blog\/#\/schema\/person\/ad3cabdee1032b4f701c81e7b6959d44"},"description":"Explorez les vues imprenables depuis le Miradouro da Eira do Serrado. Laissez-vous charmer par le paysage unique de Mad\u00e8re et planifiez votre itin\u00e9raire id\u00e9al.","breadcrumb":{"@id":"https:\/\/www.atlanticholidayrentals.com\/blog\/fr\/miradouro-da-eira-do-serrado\/#breadcrumb"},"inLanguage":"fr-FR","potentialAction":[{"@type":"ReadAction","target":["https:\/\/www.atlanticholidayrentals.com\/blog\/fr\/miradouro-da-eira-do-serrado\/"]}]},{"@type":"ImageObject","inLanguage":"fr-FR","@id":"https:\/\/www.atlanticholidayrentals.com\/blog\/fr\/miradouro-da-eira-do-serrado\/#primaryimage","url":"https:\/\/www.atlanticholidayrentals.com\/blog\/wp-content\/uploads\/2026\/04\/Miradouro-da-Eira-do-Serrado-valley.webp","contentUrl":"https:\/\/www.atlanticholidayrentals.com\/blog\/wp-content\/uploads\/2026\/04\/Miradouro-da-Eira-do-Serrado-valley.webp","width":1360,"height":1020},{"@type":"BreadcrumbList","@id":"https:\/\/www.atlanticholidayrentals.com\/blog\/fr\/miradouro-da-eira-do-serrado\/#breadcrumb","itemListElement":[{"@type":"ListItem","position":1,"name":"Home","item":"https:\/\/www.atlanticholidayrentals.com\/blog\/es\/"},{"@type":"ListItem","position":2,"name":"Visiter le Miradouro da Eira do Serrado : la meilleure vue sur la vall\u00e9e de Mad\u00e8re expliqu\u00e9e"}]},{"@type":"WebSite","@id":"https:\/\/www.atlanticholidayrentals.com\/blog\/#website","url":"https:\/\/www.atlanticholidayrentals.com\/blog\/","name":"Blog","description":"Atlanticholidayrentals","potentialAction":[{"@type":"SearchAction","target":{"@type":"EntryPoint","urlTemplate":"https:\/\/www.atlanticholidayrentals.com\/blog\/?s={search_term_string}"},"query-input":{"@type":"PropertyValueSpecification","valueRequired":true,"valueName":"search_term_string"}}],"inLanguage":"fr-FR"},{"@type":"Person","@id":"https:\/\/www.atlanticholidayrentals.com\/blog\/#\/schema\/person\/ad3cabdee1032b4f701c81e7b6959d44","name":"Richard","image":{"@type":"ImageObject","inLanguage":"fr-FR","@id":"https:\/\/secure.gravatar.com\/avatar\/63f7d63df8bc500b7b072100eb25897597ec962e6be3ac33cf5045633fb5702a?s=96&d=mm&r=g","url":"https:\/\/secure.gravatar.com\/avatar\/63f7d63df8bc500b7b072100eb25897597ec962e6be3ac33cf5045633fb5702a?s=96&d=mm&r=g","contentUrl":"https:\/\/secure.gravatar.com\/avatar\/63f7d63df8bc500b7b072100eb25897597ec962e6be3ac33cf5045633fb5702a?s=96&d=mm&r=g","caption":"Richard"},"url":"https:\/\/www.atlanticholidayrentals.com\/blog\/fr\/author\/richard\/"}]}},"_links":{"self":[{"href":"https:\/\/www.atlanticholidayrentals.com\/blog\/fr\/wp-json\/wp\/v2\/posts\/5994","targetHints":{"allow":["GET"]}}],"collection":[{"href":"https:\/\/www.atlanticholidayrentals.com\/blog\/fr\/wp-json\/wp\/v2\/posts"}],"about":[{"href":"https:\/\/www.atlanticholidayrentals.com\/blog\/fr\/wp-json\/wp\/v2\/types\/post"}],"author":[{"embeddable":true,"href":"https:\/\/www.atlanticholidayrentals.com\/blog\/fr\/wp-json\/wp\/v2\/users\/6"}],"replies":[{"embeddable":true,"href":"https:\/\/www.atlanticholidayrentals.com\/blog\/fr\/wp-json\/wp\/v2\/comments?post=5994"}],"version-history":[{"count":3,"href":"https:\/\/www.atlanticholidayrentals.com\/blog\/fr\/wp-json\/wp\/v2\/posts\/5994\/revisions"}],"predecessor-version":[{"id":6001,"href":"https:\/\/www.atlanticholidayrentals.com\/blog\/fr\/wp-json\/wp\/v2\/posts\/5994\/revisions\/6001"}],"wp:featuredmedia":[{"embeddable":true,"href":"https:\/\/www.atlanticholidayrentals.com\/blog\/fr\/wp-json\/wp\/v2\/media\/5970"}],"wp:attachment":[{"href":"https:\/\/www.atlanticholidayrentals.com\/blog\/fr\/wp-json\/wp\/v2\/media?parent=5994"}],"wp:term":[{"taxonomy":"category","embeddable":true,"href":"https:\/\/www.atlanticholidayrentals.com\/blog\/fr\/wp-json\/wp\/v2\/categories?post=5994"},{"taxonomy":"post_tag","embeddable":true,"href":"https:\/\/www.atlanticholidayrentals.com\/blog\/fr\/wp-json\/wp\/v2\/tags?post=5994"}],"curies":[{"name":"wp","href":"https:\/\/api.w.org\/{rel}","templated":true}]}}