{"id":5987,"date":"2026-04-02T14:19:07","date_gmt":"2026-04-02T14:19:07","guid":{"rendered":"https:\/\/www.atlanticholidayrentals.com\/blog\/miradouro-da-ponta-do-rosto-madeira\/"},"modified":"2026-04-22T14:41:48","modified_gmt":"2026-04-22T14:41:48","slug":"miradouro-da-ponta-do-rosto-madeira","status":"publish","type":"post","link":"https:\/\/www.atlanticholidayrentals.com\/blog\/fr\/miradouro-da-ponta-do-rosto-madeira\/","title":{"rendered":"Miradouro da Ponta do Rosto : guide complet du point de vue de l&rsquo;est de Mad\u00e8re"},"content":{"rendered":"\t\t<div data-elementor-type=\"wp-post\" data-elementor-id=\"5987\" class=\"elementor elementor-5987 elementor-5562\" data-elementor-post-type=\"post\">\n\t\t\t\t<div class=\"elementor-element elementor-element-51a135d1 e-flex e-con-boxed e-con e-parent\" data-id=\"51a135d1\" data-element_type=\"container\" data-e-type=\"container\">\n\t\t\t\t\t<div class=\"e-con-inner\">\n\t\t\t\t<div class=\"elementor-element elementor-element-314bc905 elementor-widget elementor-widget-text-editor\" data-id=\"314bc905\" data-element_type=\"widget\" data-e-type=\"widget\" data-widget_type=\"text-editor.default\">\n\t\t\t\t<div class=\"elementor-widget-container\">\n\t\t\t\t\t\t\t\t\t<p><span style=\"font-weight: 400;\">Si vous vous dirigez vers l&rsquo;est de Mad\u00e8re, le Miradouro da Ponta do Rosto est l&rsquo;un de ces endroits qui semblent l\u00e9g\u00e8rement \u00e0 l&rsquo;\u00e9cart jusqu&rsquo;\u00e0 votre arriv\u00e9e, et l\u00e0 vous comprenez soudain pourquoi les gens font un d\u00e9tour pour venir ici. Situ\u00e9 \u00e0 l&rsquo;extr\u00e9mit\u00e9 orientale pr\u00e8s de Cani\u00e7al, ce point de vue offre une vue sur les c\u00f4tes nord et sud \u00e0 la fois, avec l&rsquo;Atlantique ouvert devant vous. <\/span><\/p><p><span style=\"font-weight: 400;\">Ce n&rsquo;est pas luxuriant comme l&rsquo;est une grande partie de Mad\u00e8re. Le paysage ici est sec, expos\u00e9 et fa\u00e7onn\u00e9 par le vent et la roche volcanique. C&rsquo;est pr\u00e9cis\u00e9ment ce qui le distingue. Au lieu de verdure, vous d\u00e9couvrez des falaises brutes, des couleurs stratifi\u00e9es dans la pierre et un littoral qui semble avoir \u00e9t\u00e9 sculpt\u00e9 plut\u00f4t que form\u00e9 naturellement.   <\/span><\/p>\t\t\t\t\t\t\t\t<\/div>\n\t\t\t\t<\/div>\n\t\t\t\t\t<\/div>\n\t\t\t\t<\/div>\n\t\t<div class=\"elementor-element elementor-element-5a2a2ff5 e-flex e-con-boxed e-con e-parent\" data-id=\"5a2a2ff5\" data-element_type=\"container\" data-e-type=\"container\">\n\t\t\t\t\t<div class=\"e-con-inner\">\n\t\t\t\t<div class=\"elementor-element elementor-element-4470cd33 elementor-widget elementor-widget-table-of-contents\" data-id=\"4470cd33\" data-element_type=\"widget\" data-e-type=\"widget\" data-settings=\"{&quot;headings_by_tags&quot;:[&quot;h2&quot;],&quot;exclude_headings_by_selector&quot;:[],&quot;marker_view&quot;:&quot;bullets&quot;,&quot;icon&quot;:{&quot;value&quot;:&quot;&quot;,&quot;library&quot;:&quot;&quot;},&quot;no_headings_message&quot;:&quot;No headings were found on this page.&quot;,&quot;hierarchical_view&quot;:&quot;yes&quot;,&quot;min_height&quot;:{&quot;unit&quot;:&quot;px&quot;,&quot;size&quot;:&quot;&quot;,&quot;sizes&quot;:[]},&quot;min_height_tablet&quot;:{&quot;unit&quot;:&quot;px&quot;,&quot;size&quot;:&quot;&quot;,&quot;sizes&quot;:[]},&quot;min_height_mobile&quot;:{&quot;unit&quot;:&quot;px&quot;,&quot;size&quot;:&quot;&quot;,&quot;sizes&quot;:[]}}\" data-widget_type=\"table-of-contents.default\">\n\t\t\t\t<div class=\"elementor-widget-container\">\n\t\t\t\t\t\t\t\t\t<div class=\"elementor-toc__header\">\n\t\t\t\t\t\t<div class=\"elementor-toc__header-title\">\n\t\t\t\tSommaire\t\t\t<\/div>\n\t\t\t\t\t\t\t\t<\/div>\n\t\t\t\t<div id=\"elementor-toc__4470cd33\" class=\"elementor-toc__body\">\n\t\t\t<div class=\"elementor-toc__spinner-container\">\n\t\t\t\t<svg class=\"elementor-toc__spinner eicon-animation-spin e-font-icon-svg e-eicon-loading\" aria-hidden=\"true\" viewBox=\"0 0 1000 1000\" xmlns=\"http:\/\/www.w3.org\/2000\/svg\"><path d=\"M500 975V858C696 858 858 696 858 500S696 142 500 142 142 304 142 500H25C25 237 238 25 500 25S975 237 975 500 763 975 500 975Z\"><\/path><\/svg>\t\t\t<\/div>\n\t\t<\/div>\n\t\t\t\t\t\t<\/div>\n\t\t\t\t<\/div>\n\t\t\t\t\t<\/div>\n\t\t\t\t<\/div>\n\t\t<div class=\"elementor-element elementor-element-74e80485 e-flex e-con-boxed e-con e-parent\" data-id=\"74e80485\" data-element_type=\"container\" data-e-type=\"container\">\n\t\t\t\t\t<div class=\"e-con-inner\">\n\t\t\t\t<div class=\"elementor-element elementor-element-da958ca elementor-widget elementor-widget-heading\" data-id=\"da958ca\" data-element_type=\"widget\" data-e-type=\"widget\" data-widget_type=\"heading.default\">\n\t\t\t\t<div class=\"elementor-widget-container\">\n\t\t\t\t\t<h2 class=\"elementor-heading-title elementor-size-default\">Que voir et faire au Miradouro da Ponta do Rosto Mad\u00e8re\n<\/h2>\t\t\t\t<\/div>\n\t\t\t\t<\/div>\n\t\t\t\t<div class=\"elementor-element elementor-element-680ac0c elementor-widget elementor-widget-text-editor\" data-id=\"680ac0c\" data-element_type=\"widget\" data-e-type=\"widget\" data-widget_type=\"text-editor.default\">\n\t\t\t\t<div class=\"elementor-widget-container\">\n\t\t\t\t\t\t\t\t\t<p><span style=\"font-weight: 400;\">La premi\u00e8re chose que vous remarquez au point de vue de Ponta do Rosto est \u00e0 quel point tout semble ouvert. Il n&rsquo;y a pas d&rsquo;arbres bloquant la vue, pas de b\u00e2timents rivalisant pour attirer l&rsquo;attention, juste des falaises plongeant dans l&rsquo;oc\u00e9an et de longues cr\u00eates s&rsquo;\u00e9tendant dans les deux directions. <\/span><\/p><p><span style=\"font-weight: 400;\">Regardez vers le nord et vous verrez un littoral plus rude et plus sombre, souvent avec des vagues se brisant plus violemment contre les falaises. Tournez-vous vers le sud et l&rsquo;eau tend \u00e0 \u00eatre plus calme avec un horizon plus d\u00e9gag\u00e9. Par beau temps, le contraste entre les deux c\u00f4t\u00e9s est \u00e9vident.  <\/span><\/p><p><span style=\"font-weight: 400;\">La g\u00e9ologie se distingue particuli\u00e8rement. Les falaises portent des stries rouges, brunes et jaunes, et si vous regardez attentivement, vous pouvez voir les lignes et formations qui t\u00e9moignent de la fa\u00e7on dont l&rsquo;\u00eele s&rsquo;est form\u00e9e. C&rsquo;est le genre d&rsquo;endroit o\u00f9 vous n&rsquo;avez pas besoin de guide pour comprendre que Mad\u00e8re est volcanique, c&rsquo;est inscrit dans le paysage.  <\/span><\/p><p><span style=\"font-weight: 400;\">Il y a \u00e9galement de l&rsquo;espace pour se d\u00e9placer. M\u00eame lorsque quelques groupes arrivent pour prendre des photos, l&rsquo;endroit semble rarement bond\u00e9. Vous pouvez marcher un peu plus loin le long des sentiers et trouver votre propre angle sans trop d&rsquo;effort. Sachez simplement qu&rsquo;il y a tr\u00e8s peu de barri\u00e8res, ce n&rsquo;est donc pas un endroit o\u00f9 se promener sans pr\u00e9caution, surtout avec des enfants.   <\/span><\/p><p><span style=\"font-weight: 400;\">Le vent est un facteur constant ici. Certains jours, ce n&rsquo;est qu&rsquo;une brise, d&rsquo;autres jours il est assez fort pour vous obliger \u00e0 marcher prudemment. Cela ajoute \u00e0 l&rsquo;atmosph\u00e8re, mais il vaut la peine d&rsquo;en tenir compte lors de la planification de votre visite.  <\/span><\/p>\t\t\t\t\t\t\t\t<\/div>\n\t\t\t\t<\/div>\n\t\t\t\t<div class=\"elementor-element elementor-element-9bd4006 elementor-widget elementor-widget-image\" data-id=\"9bd4006\" data-element_type=\"widget\" data-e-type=\"widget\" data-widget_type=\"image.default\">\n\t\t\t\t<div class=\"elementor-widget-container\">\n\t\t\t\t\t\t\t\t\t\t\t\t\t\t\t<img fetchpriority=\"high\" decoding=\"async\" width=\"1360\" height=\"910\" src=\"https:\/\/www.atlanticholidayrentals.com\/blog\/wp-content\/uploads\/2026\/04\/Miradouro-da-Ponta-do-Rosto-Madeira.webp\" class=\"attachment-full size-full wp-image-5958\" alt=\"\" srcset=\"https:\/\/www.atlanticholidayrentals.com\/blog\/wp-content\/uploads\/2026\/04\/Miradouro-da-Ponta-do-Rosto-Madeira.webp 1360w, https:\/\/www.atlanticholidayrentals.com\/blog\/wp-content\/uploads\/2026\/04\/Miradouro-da-Ponta-do-Rosto-Madeira-300x201.webp 300w, https:\/\/www.atlanticholidayrentals.com\/blog\/wp-content\/uploads\/2026\/04\/Miradouro-da-Ponta-do-Rosto-Madeira-1024x685.webp 1024w, https:\/\/www.atlanticholidayrentals.com\/blog\/wp-content\/uploads\/2026\/04\/Miradouro-da-Ponta-do-Rosto-Madeira-768x514.webp 768w\" sizes=\"(max-width: 1360px) 100vw, 1360px\" \/>\t\t\t\t\t\t\t\t\t\t\t\t\t\t\t<\/div>\n\t\t\t\t<\/div>\n\t\t\t\t\t<\/div>\n\t\t\t\t<\/div>\n\t\t<div class=\"elementor-element elementor-element-3408181 e-flex e-con-boxed e-con e-parent\" data-id=\"3408181\" data-element_type=\"container\" data-e-type=\"container\">\n\t\t\t\t\t<div class=\"e-con-inner\">\n\t\t\t\t<div class=\"elementor-element elementor-element-675ea7a elementor-widget elementor-widget-heading\" data-id=\"675ea7a\" data-element_type=\"widget\" data-e-type=\"widget\" data-widget_type=\"heading.default\">\n\t\t\t\t<div class=\"elementor-widget-container\">\n\t\t\t\t\t<h2 class=\"elementor-heading-title elementor-size-default\">Comment se rendre au point de vue de Ponta do Rosto \u00e0 Cani\u00e7al\n<\/h2>\t\t\t\t<\/div>\n\t\t\t\t<\/div>\n\t\t\t\t<div class=\"elementor-element elementor-element-20ddd3a elementor-widget elementor-widget-text-editor\" data-id=\"20ddd3a\" data-element_type=\"widget\" data-e-type=\"widget\" data-widget_type=\"text-editor.default\">\n\t\t\t\t<div class=\"elementor-widget-container\">\n\t\t\t\t\t\t\t\t\t<p><span style=\"font-weight: 400;\">Se rendre au Miradouro da Ponta do Rosto Canical est simple si vous avez une voiture, ce qui est r\u00e9ellement le meilleur moyen d&rsquo;y acc\u00e9der. Depuis Funchal, le trajet prend environ 30 \u00e0 40 minutes, en direction de l&rsquo;est vers Machico puis en continuant vers Cani\u00e7al. <\/span><\/p><p><span style=\"font-weight: 400;\">Si vous explorez d\u00e9j\u00e0 l&rsquo;est de l&rsquo;\u00eele, cela se combine bien avec un arr\u00eat \u00e0 <\/span><a href=\"https:\/\/www.atlanticholidayrentals.com\/blog\/machico\/\"><span style=\"font-weight: 400;\">Machico<\/span><\/a><span style=\"font-weight: 400;\"> ou une visite \u00e0 <\/span><a href=\"https:\/\/www.atlanticholidayrentals.com\/blog\/machico-beach\/\"><span style=\"font-weight: 400;\">la plage de Machico<\/span><\/a><span style=\"font-weight: 400;\">, qui sont toutes deux sur le chemin.<\/span><\/p><p><span style=\"font-weight: 400;\">Le dernier tron\u00e7on de route se r\u00e9tr\u00e9cit l\u00e9g\u00e8rement, mais il est pav\u00e9 et praticable. Vous n&rsquo;avez pas besoin d&rsquo;un 4&#215;4 ou de quoi que ce soit de sp\u00e9cialis\u00e9, juste un peu de patience si une autre voiture arrive en sens inverse. <\/span><\/p><p><span style=\"font-weight: 400;\">Les transports en commun sont limit\u00e9s dans cette zone, donc compter sur les bus peut rendre la visite plus compliqu\u00e9e que n\u00e9cessaire.<\/span><\/p>\t\t\t\t\t\t\t\t<\/div>\n\t\t\t\t<\/div>\n\t\t\t\t<div class=\"elementor-element elementor-element-05cd012 elementor-widget elementor-widget-google_maps\" data-id=\"05cd012\" data-element_type=\"widget\" data-e-type=\"widget\" data-widget_type=\"google_maps.default\">\n\t\t\t\t<div class=\"elementor-widget-container\">\n\t\t\t\t\t\t\t<div class=\"elementor-custom-embed\">\n\t\t\t<iframe loading=\"lazy\"\n\t\t\t\t\tsrc=\"https:\/\/maps.google.com\/maps?q=Miradouro%20da%20Ponta%20do%20Rosto%20Madeira&#038;t=m&#038;z=10&#038;output=embed&#038;iwloc=near\"\n\t\t\t\t\ttitle=\"Miradouro da Ponta do Rosto Madeira\"\n\t\t\t\t\taria-label=\"Miradouro da Ponta do Rosto Madeira\"\n\t\t\t><\/iframe>\n\t\t<\/div>\n\t\t\t\t\t\t<\/div>\n\t\t\t\t<\/div>\n\t\t\t\t\t<\/div>\n\t\t\t\t<\/div>\n\t\t<div class=\"elementor-element elementor-element-17cef17 e-flex e-con-boxed e-con e-parent\" data-id=\"17cef17\" data-element_type=\"container\" data-e-type=\"container\">\n\t\t\t\t\t<div class=\"e-con-inner\">\n\t\t\t\t<div class=\"elementor-element elementor-element-23dc06e elementor-widget elementor-widget-heading\" data-id=\"23dc06e\" data-element_type=\"widget\" data-e-type=\"widget\" data-widget_type=\"heading.default\">\n\t\t\t\t<div class=\"elementor-widget-container\">\n\t\t\t\t\t<h2 class=\"elementor-heading-title elementor-size-default\">Informations pratiques : acc\u00e8s, stationnement et horaires\n<\/h2>\t\t\t\t<\/div>\n\t\t\t\t<\/div>\n\t\t\t\t<div class=\"elementor-element elementor-element-9c4e3f6 elementor-widget elementor-widget-text-editor\" data-id=\"9c4e3f6\" data-element_type=\"widget\" data-e-type=\"widget\" data-widget_type=\"text-editor.default\">\n\t\t\t\t<div class=\"elementor-widget-container\">\n\t\t\t\t\t\t\t\t\t<p><span style=\"font-weight: 400;\">L&rsquo;acc\u00e8s au point de vue est gratuit, et il y a un petit parking juste \u00e0 l&rsquo;entr\u00e9e. Il ne faut pas beaucoup de voitures pour le remplir, cependant, donc le moment de la visite compte. T\u00f4t le matin ou plus tard dans l&rsquo;apr\u00e8s-midi tend \u00e0 \u00eatre plus calme.  <\/span><\/p><p><span style=\"font-weight: 400;\">Il y a un petit snack-bar et une boutique basique \u00e0 proximit\u00e9, ce qui est utile \u00e9tant donn\u00e9 \u00e0 quel point l&#8217;emplacement semble isol\u00e9. Ce n&rsquo;est pas un endroit o\u00f9 vous pr\u00e9voyez un long arr\u00eat pour manger, mais c&rsquo;est suffisant pour une boisson ou une pause rapide. <\/span><\/p><p><span style=\"font-weight: 400;\">Le coucher du soleil est l&rsquo;un des meilleurs moments pour visiter. Les couleurs dans les falaises deviennent plus prononc\u00e9es, et la lumi\u00e8re sur l&rsquo;oc\u00e9an adoucit tout. Pr\u00e9parez-vous simplement \u00e0 ce que le vent se l\u00e8ve lorsque la journ\u00e9e se rafra\u00eechit.  <\/span><\/p><p><span style=\"font-weight: 400;\">Les conditions de ce c\u00f4t\u00e9 de l&rsquo;\u00eele peuvent sembler assez diff\u00e9rentes de celles de Funchal, surtout en ce qui concerne le vent, il vaut donc la peine de v\u00e9rifier la m\u00e9t\u00e9o avant de partir.<\/span><\/p>\t\t\t\t\t\t\t\t<\/div>\n\t\t\t\t<\/div>\n\t\t\t\t<div class=\"elementor-element elementor-element-36fdfeb elementor-widget elementor-widget-image\" data-id=\"36fdfeb\" data-element_type=\"widget\" data-e-type=\"widget\" data-widget_type=\"image.default\">\n\t\t\t\t<div class=\"elementor-widget-container\">\n\t\t\t\t\t\t\t\t\t\t\t\t\t\t\t<img decoding=\"async\" width=\"800\" height=\"450\" src=\"https:\/\/www.atlanticholidayrentals.com\/blog\/wp-content\/uploads\/2026\/04\/Ponta-do-Rosto-Madeira-1024x576.webp\" class=\"attachment-large size-large wp-image-5959\" alt=\"\" srcset=\"https:\/\/www.atlanticholidayrentals.com\/blog\/wp-content\/uploads\/2026\/04\/Ponta-do-Rosto-Madeira-1024x576.webp 1024w, https:\/\/www.atlanticholidayrentals.com\/blog\/wp-content\/uploads\/2026\/04\/Ponta-do-Rosto-Madeira-300x169.webp 300w, https:\/\/www.atlanticholidayrentals.com\/blog\/wp-content\/uploads\/2026\/04\/Ponta-do-Rosto-Madeira-768x432.webp 768w, https:\/\/www.atlanticholidayrentals.com\/blog\/wp-content\/uploads\/2026\/04\/Ponta-do-Rosto-Madeira.webp 1360w\" sizes=\"(max-width: 800px) 100vw, 800px\" \/>\t\t\t\t\t\t\t\t\t\t\t\t\t\t\t<\/div>\n\t\t\t\t<\/div>\n\t\t\t\t\t<\/div>\n\t\t\t\t<\/div>\n\t\t<div class=\"elementor-element elementor-element-297c512 e-flex e-con-boxed e-con e-parent\" data-id=\"297c512\" data-element_type=\"container\" data-e-type=\"container\">\n\t\t\t\t\t<div class=\"e-con-inner\">\n\t\t\t\t<div class=\"elementor-element elementor-element-b0fc3ba elementor-widget elementor-widget-heading\" data-id=\"b0fc3ba\" data-element_type=\"widget\" data-e-type=\"widget\" data-widget_type=\"heading.default\">\n\t\t\t\t<div class=\"elementor-widget-container\">\n\t\t\t\t\t<h2 class=\"elementor-heading-title elementor-size-default\">Points d'int\u00e9r\u00eat pr\u00e8s du Miradouro da Ponta do Rosto\n<\/h2>\t\t\t\t<\/div>\n\t\t\t\t<\/div>\n\t\t\t\t<div class=\"elementor-element elementor-element-8d368ff elementor-widget elementor-widget-text-editor\" data-id=\"8d368ff\" data-element_type=\"widget\" data-e-type=\"widget\" data-widget_type=\"text-editor.default\">\n\t\t\t\t<div class=\"elementor-widget-container\">\n\t\t\t\t\t\t\t\t\t<p><span style=\"font-weight: 400;\">La plupart des gens combinent le point de vue avec un circuit plus large autour de la partie orientale de Mad\u00e8re. L&rsquo;un des ajouts les plus proches et les plus \u00e9vidents est le sentier Vereda da Ponta de S\u00e3o Louren\u00e7o, qui commence non loin d&rsquo;ici. Le sentier fait environ 3 kilom\u00e8tres dans chaque sens et m\u00e8ne \u00e0 l&rsquo;extr\u00e9mit\u00e9 orientale de Mad\u00e8re. M\u00eame si vous ne pr\u00e9voyez pas de parcourir l&rsquo;itin\u00e9raire complet, le paysage le long de la premi\u00e8re section vous offre davantage du m\u00eame littoral accident\u00e9.   <\/span><\/p><p><span style=\"font-weight: 400;\">Si vous vous int\u00e9ressez aux points de vue, il se combine naturellement avec le <\/span><a href=\"https:\/\/www.atlanticholidayrentals.com\/blog\/fr\/pico-do-facho-2\/\"><span style=\"font-weight: 400;\">point de vue du Pico do Facho<\/span><\/a><span style=\"font-weight: 400;\">, qui surplombe Machico d&rsquo;en haut et offre une perspective compl\u00e8tement diff\u00e9rente.<\/span><\/p><p><span style=\"font-weight: 400;\">Plus loin en direction de Funchal, des zones comme <\/span><a href=\"https:\/\/www.atlanticholidayrentals.com\/blog\/fr\/canico-madeira-2\/\"><span style=\"font-weight: 400;\">Cani\u00e7o<\/span><\/a><span style=\"font-weight: 400;\"> ou <\/span><a href=\"https:\/\/www.atlanticholidayrentals.com\/blog\/canico-de-baixo\/\"><span style=\"font-weight: 400;\">Cani\u00e7o de Baixo<\/span><\/a><span style=\"font-weight: 400;\"> sont de bons endroits pour s\u00e9journer si vous souhaitez un acc\u00e8s facile \u00e0 la fois \u00e0 l&rsquo;est et \u00e0 la capitale.<\/span><\/p><p><span style=\"font-weight: 400;\">Pour un plan plus large, des guides comme <\/span><a href=\"https:\/\/www.atlanticholidayrentals.com\/blog\/things-to-do-in-madeira\/\"><span style=\"font-weight: 400;\">activit\u00e9s \u00e0 Mad\u00e8re<\/span><\/a><span style=\"font-weight: 400;\"> ou <\/span><a href=\"https:\/\/www.atlanticholidayrentals.com\/blog\/en\/\"><span style=\"font-weight: 400;\">randonn\u00e9es \u00e0 Mad\u00e8re<\/span><\/a><span style=\"font-weight: 400;\"> aident \u00e0 placer Ponta do Rosto dans un itin\u00e9raire complet plut\u00f4t que de le traiter comme un arr\u00eat isol\u00e9.<\/span><\/p>\t\t\t\t\t\t\t\t<\/div>\n\t\t\t\t<\/div>\n\t\t\t\t\t<\/div>\n\t\t\t\t<\/div>\n\t\t<div class=\"elementor-element elementor-element-66879ab e-flex e-con-boxed e-con e-parent\" data-id=\"66879ab\" data-element_type=\"container\" data-e-type=\"container\">\n\t\t\t\t\t<div class=\"e-con-inner\">\n\t\t\t\t<div class=\"elementor-element elementor-element-9b65e66 elementor-widget elementor-widget-heading\" data-id=\"9b65e66\" data-element_type=\"widget\" data-e-type=\"widget\" data-widget_type=\"heading.default\">\n\t\t\t\t<div class=\"elementor-widget-container\">\n\t\t\t\t\t<h2 class=\"elementor-heading-title elementor-size-default\">Pourquoi le Miradouro da Ponta do Rosto m\u00e9rite d'\u00eatre ajout\u00e9 \u00e0 votre itin\u00e9raire \u00e0 Mad\u00e8re\n<\/h2>\t\t\t\t<\/div>\n\t\t\t\t<\/div>\n\t\t\t\t<div class=\"elementor-element elementor-element-3dd8e44 elementor-widget elementor-widget-text-editor\" data-id=\"3dd8e44\" data-element_type=\"widget\" data-e-type=\"widget\" data-widget_type=\"text-editor.default\">\n\t\t\t\t<div class=\"elementor-widget-container\">\n\t\t\t\t\t\t\t\t\t<p><span style=\"font-weight: 400;\">Le Miradouro da Ponta do Rosto est Mad\u00e8re dans ce qu&rsquo;elle a de plus expos\u00e9. Aucune distraction, juste des falaises, l&rsquo;oc\u00e9an et le vent. C&rsquo;est un arr\u00eat rapide qui reste en m\u00e9moire, surtout une fois que vous avez vu les deux c\u00f4t\u00e9s de l&rsquo;\u00eele depuis un seul endroit.  <\/span><\/p><p><span style=\"font-weight: 400;\">Il fonctionne mieux dans le cadre d&rsquo;un circuit plus large \u00e0 travers l&rsquo;est, combin\u00e9 avec Machico ou S\u00e3o Louren\u00e7o, puis \u00e9quilibr\u00e9 avec du temps autour de Funchal.<\/span><\/p><p><span style=\"font-weight: 400;\">Pour le voyage lui-m\u00eame, votre point de chute compte. Atlantic Holiday propose tout, des appartements en bord de mer aux villas plus grandes avec espace et vues, vous offrant un acc\u00e8s facile \u00e0 des endroits comme Ponta do Rosto sans surcharger vos journ\u00e9es.  <\/span><\/p><p><a href=\"https:\/\/www.atlanticholidayrentals.com\/\"><span style=\"font-weight: 400;\">Parcourez les options<\/span><\/a><span style=\"font-weight: 400;\"> et choisissez un endroit qui vous permet d&rsquo;explorer correctement, pas seulement de passer.<\/span><\/p>\t\t\t\t\t\t\t\t<\/div>\n\t\t\t\t<\/div>\n\t\t\t\t\t<\/div>\n\t\t\t\t<\/div>\n\t\t\t\t<\/div>\n\t\t","protected":false},"excerpt":{"rendered":"<p>Si vous vous dirigez vers l&rsquo;est de Mad\u00e8re, le Miradouro da Ponta do Rosto est l&rsquo;un de ces endroits qui semblent l\u00e9g\u00e8rement \u00e0 l&rsquo;\u00e9cart jusqu&rsquo;\u00e0 votre arriv\u00e9e, et l\u00e0 vous [&hellip;]<\/p>\n","protected":false},"author":6,"featured_media":5960,"comment_status":"open","ping_status":"closed","sticky":false,"template":"","format":"standard","meta":{"footnotes":""},"categories":[89],"tags":[],"class_list":["post-5987","post","type-post","status-publish","format-standard","has-post-thumbnail","hentry","category-points-de-vue"],"yoast_head":"<!-- This site is optimized with the Yoast SEO plugin v27.4 - https:\/\/yoast.com\/product\/yoast-seo-wordpress\/ -->\n<title>Miradouro da Ponta do Rosto, Mad\u00e8re - Blog<\/title>\n<meta name=\"description\" content=\"D\u00e9couvrez les secrets du Miradouro da Ponta do Rosto. Admirez ses paysages uniques et planifiez votre escapade parfaite \u00e0 Mad\u00e8re. Visitez-le d\u00e8s maintenant !\" \/>\n<meta name=\"robots\" content=\"index, follow, max-snippet:-1, max-image-preview:large, max-video-preview:-1\" \/>\n<link rel=\"canonical\" href=\"https:\/\/www.atlanticholidayrentals.com\/blog\/fr\/miradouro-da-ponta-do-rosto-madeira\/\" \/>\n<meta property=\"og:locale\" content=\"fr_FR\" \/>\n<meta property=\"og:type\" content=\"article\" \/>\n<meta property=\"og:title\" content=\"Miradouro da Ponta do Rosto, Mad\u00e8re - Blog\" \/>\n<meta property=\"og:description\" content=\"D\u00e9couvrez les secrets du Miradouro da Ponta do Rosto. Admirez ses paysages uniques et planifiez votre escapade parfaite \u00e0 Mad\u00e8re. Visitez-le d\u00e8s maintenant !\" \/>\n<meta property=\"og:url\" content=\"https:\/\/www.atlanticholidayrentals.com\/blog\/fr\/miradouro-da-ponta-do-rosto-madeira\/\" \/>\n<meta property=\"og:site_name\" content=\"Blog\" \/>\n<meta property=\"article:published_time\" content=\"2026-04-02T14:19:07+00:00\" \/>\n<meta property=\"article:modified_time\" content=\"2026-04-22T14:41:48+00:00\" \/>\n<meta property=\"og:image\" content=\"https:\/\/www.atlanticholidayrentals.com\/blog\/wp-content\/uploads\/2026\/04\/Miradouro-da-Ponta-do-Rosto-in-Madeira.webp\" \/>\n\t<meta property=\"og:image:width\" content=\"1360\" \/>\n\t<meta property=\"og:image:height\" content=\"1020\" \/>\n\t<meta property=\"og:image:type\" content=\"image\/webp\" \/>\n<meta name=\"author\" content=\"Richard\" \/>\n<meta name=\"twitter:card\" content=\"summary_large_image\" \/>\n<meta name=\"twitter:label1\" content=\"\u00c9crit par\" \/>\n\t<meta name=\"twitter:data1\" content=\"Richard\" \/>\n\t<meta name=\"twitter:label2\" content=\"Dur\u00e9e de lecture estim\u00e9e\" \/>\n\t<meta name=\"twitter:data2\" content=\"6 minutes\" \/>\n<script type=\"application\/ld+json\" class=\"yoast-schema-graph\">{\"@context\":\"https:\\\/\\\/schema.org\",\"@graph\":[{\"@type\":\"Article\",\"@id\":\"https:\\\/\\\/www.atlanticholidayrentals.com\\\/blog\\\/fr\\\/miradouro-da-ponta-do-rosto-madeira\\\/#article\",\"isPartOf\":{\"@id\":\"https:\\\/\\\/www.atlanticholidayrentals.com\\\/blog\\\/fr\\\/miradouro-da-ponta-do-rosto-madeira\\\/\"},\"author\":{\"name\":\"Richard\",\"@id\":\"https:\\\/\\\/www.atlanticholidayrentals.com\\\/blog\\\/#\\\/schema\\\/person\\\/ad3cabdee1032b4f701c81e7b6959d44\"},\"headline\":\"Miradouro da Ponta do Rosto : guide complet du point de vue de l&rsquo;est de Mad\u00e8re\",\"datePublished\":\"2026-04-02T14:19:07+00:00\",\"dateModified\":\"2026-04-22T14:41:48+00:00\",\"mainEntityOfPage\":{\"@id\":\"https:\\\/\\\/www.atlanticholidayrentals.com\\\/blog\\\/fr\\\/miradouro-da-ponta-do-rosto-madeira\\\/\"},\"wordCount\":1242,\"commentCount\":0,\"image\":{\"@id\":\"https:\\\/\\\/www.atlanticholidayrentals.com\\\/blog\\\/fr\\\/miradouro-da-ponta-do-rosto-madeira\\\/#primaryimage\"},\"thumbnailUrl\":\"https:\\\/\\\/www.atlanticholidayrentals.com\\\/blog\\\/wp-content\\\/uploads\\\/2026\\\/04\\\/Miradouro-da-Ponta-do-Rosto-in-Madeira.webp\",\"articleSection\":[\"Points de Vue\"],\"inLanguage\":\"fr-FR\",\"potentialAction\":[{\"@type\":\"CommentAction\",\"name\":\"Comment\",\"target\":[\"https:\\\/\\\/www.atlanticholidayrentals.com\\\/blog\\\/fr\\\/miradouro-da-ponta-do-rosto-madeira\\\/#respond\"]}]},{\"@type\":\"WebPage\",\"@id\":\"https:\\\/\\\/www.atlanticholidayrentals.com\\\/blog\\\/fr\\\/miradouro-da-ponta-do-rosto-madeira\\\/\",\"url\":\"https:\\\/\\\/www.atlanticholidayrentals.com\\\/blog\\\/fr\\\/miradouro-da-ponta-do-rosto-madeira\\\/\",\"name\":\"Miradouro da Ponta do Rosto, Mad\u00e8re - Blog\",\"isPartOf\":{\"@id\":\"https:\\\/\\\/www.atlanticholidayrentals.com\\\/blog\\\/#website\"},\"primaryImageOfPage\":{\"@id\":\"https:\\\/\\\/www.atlanticholidayrentals.com\\\/blog\\\/fr\\\/miradouro-da-ponta-do-rosto-madeira\\\/#primaryimage\"},\"image\":{\"@id\":\"https:\\\/\\\/www.atlanticholidayrentals.com\\\/blog\\\/fr\\\/miradouro-da-ponta-do-rosto-madeira\\\/#primaryimage\"},\"thumbnailUrl\":\"https:\\\/\\\/www.atlanticholidayrentals.com\\\/blog\\\/wp-content\\\/uploads\\\/2026\\\/04\\\/Miradouro-da-Ponta-do-Rosto-in-Madeira.webp\",\"datePublished\":\"2026-04-02T14:19:07+00:00\",\"dateModified\":\"2026-04-22T14:41:48+00:00\",\"author\":{\"@id\":\"https:\\\/\\\/www.atlanticholidayrentals.com\\\/blog\\\/#\\\/schema\\\/person\\\/ad3cabdee1032b4f701c81e7b6959d44\"},\"description\":\"D\u00e9couvrez les secrets du Miradouro da Ponta do Rosto. Admirez ses paysages uniques et planifiez votre escapade parfaite \u00e0 Mad\u00e8re. Visitez-le d\u00e8s maintenant !\",\"breadcrumb\":{\"@id\":\"https:\\\/\\\/www.atlanticholidayrentals.com\\\/blog\\\/fr\\\/miradouro-da-ponta-do-rosto-madeira\\\/#breadcrumb\"},\"inLanguage\":\"fr-FR\",\"potentialAction\":[{\"@type\":\"ReadAction\",\"target\":[\"https:\\\/\\\/www.atlanticholidayrentals.com\\\/blog\\\/fr\\\/miradouro-da-ponta-do-rosto-madeira\\\/\"]}]},{\"@type\":\"ImageObject\",\"inLanguage\":\"fr-FR\",\"@id\":\"https:\\\/\\\/www.atlanticholidayrentals.com\\\/blog\\\/fr\\\/miradouro-da-ponta-do-rosto-madeira\\\/#primaryimage\",\"url\":\"https:\\\/\\\/www.atlanticholidayrentals.com\\\/blog\\\/wp-content\\\/uploads\\\/2026\\\/04\\\/Miradouro-da-Ponta-do-Rosto-in-Madeira.webp\",\"contentUrl\":\"https:\\\/\\\/www.atlanticholidayrentals.com\\\/blog\\\/wp-content\\\/uploads\\\/2026\\\/04\\\/Miradouro-da-Ponta-do-Rosto-in-Madeira.webp\",\"width\":1360,\"height\":1020},{\"@type\":\"BreadcrumbList\",\"@id\":\"https:\\\/\\\/www.atlanticholidayrentals.com\\\/blog\\\/fr\\\/miradouro-da-ponta-do-rosto-madeira\\\/#breadcrumb\",\"itemListElement\":[{\"@type\":\"ListItem\",\"position\":1,\"name\":\"Home\",\"item\":\"https:\\\/\\\/www.atlanticholidayrentals.com\\\/blog\\\/es\\\/\"},{\"@type\":\"ListItem\",\"position\":2,\"name\":\"Miradouro da Ponta do Rosto : guide complet du point de vue de l&rsquo;est de Mad\u00e8re\"}]},{\"@type\":\"WebSite\",\"@id\":\"https:\\\/\\\/www.atlanticholidayrentals.com\\\/blog\\\/#website\",\"url\":\"https:\\\/\\\/www.atlanticholidayrentals.com\\\/blog\\\/\",\"name\":\"Blog\",\"description\":\"Atlanticholidayrentals\",\"potentialAction\":[{\"@type\":\"SearchAction\",\"target\":{\"@type\":\"EntryPoint\",\"urlTemplate\":\"https:\\\/\\\/www.atlanticholidayrentals.com\\\/blog\\\/?s={search_term_string}\"},\"query-input\":{\"@type\":\"PropertyValueSpecification\",\"valueRequired\":true,\"valueName\":\"search_term_string\"}}],\"inLanguage\":\"fr-FR\"},{\"@type\":\"Person\",\"@id\":\"https:\\\/\\\/www.atlanticholidayrentals.com\\\/blog\\\/#\\\/schema\\\/person\\\/ad3cabdee1032b4f701c81e7b6959d44\",\"name\":\"Richard\",\"image\":{\"@type\":\"ImageObject\",\"inLanguage\":\"fr-FR\",\"@id\":\"https:\\\/\\\/secure.gravatar.com\\\/avatar\\\/63f7d63df8bc500b7b072100eb25897597ec962e6be3ac33cf5045633fb5702a?s=96&d=mm&r=g\",\"url\":\"https:\\\/\\\/secure.gravatar.com\\\/avatar\\\/63f7d63df8bc500b7b072100eb25897597ec962e6be3ac33cf5045633fb5702a?s=96&d=mm&r=g\",\"contentUrl\":\"https:\\\/\\\/secure.gravatar.com\\\/avatar\\\/63f7d63df8bc500b7b072100eb25897597ec962e6be3ac33cf5045633fb5702a?s=96&d=mm&r=g\",\"caption\":\"Richard\"},\"url\":\"https:\\\/\\\/www.atlanticholidayrentals.com\\\/blog\\\/fr\\\/author\\\/richard\\\/\"}]}<\/script>\n<!-- \/ Yoast SEO plugin. -->","yoast_head_json":{"title":"Miradouro da Ponta do Rosto, Mad\u00e8re - Blog","description":"D\u00e9couvrez les secrets du Miradouro da Ponta do Rosto. Admirez ses paysages uniques et planifiez votre escapade parfaite \u00e0 Mad\u00e8re. Visitez-le d\u00e8s maintenant !","robots":{"index":"index","follow":"follow","max-snippet":"max-snippet:-1","max-image-preview":"max-image-preview:large","max-video-preview":"max-video-preview:-1"},"canonical":"https:\/\/www.atlanticholidayrentals.com\/blog\/fr\/miradouro-da-ponta-do-rosto-madeira\/","og_locale":"fr_FR","og_type":"article","og_title":"Miradouro da Ponta do Rosto, Mad\u00e8re - Blog","og_description":"D\u00e9couvrez les secrets du Miradouro da Ponta do Rosto. Admirez ses paysages uniques et planifiez votre escapade parfaite \u00e0 Mad\u00e8re. Visitez-le d\u00e8s maintenant !","og_url":"https:\/\/www.atlanticholidayrentals.com\/blog\/fr\/miradouro-da-ponta-do-rosto-madeira\/","og_site_name":"Blog","article_published_time":"2026-04-02T14:19:07+00:00","article_modified_time":"2026-04-22T14:41:48+00:00","og_image":[{"width":1360,"height":1020,"url":"https:\/\/www.atlanticholidayrentals.com\/blog\/wp-content\/uploads\/2026\/04\/Miradouro-da-Ponta-do-Rosto-in-Madeira.webp","type":"image\/webp"}],"author":"Richard","twitter_card":"summary_large_image","twitter_misc":{"\u00c9crit par":"Richard","Dur\u00e9e de lecture estim\u00e9e":"6 minutes"},"schema":{"@context":"https:\/\/schema.org","@graph":[{"@type":"Article","@id":"https:\/\/www.atlanticholidayrentals.com\/blog\/fr\/miradouro-da-ponta-do-rosto-madeira\/#article","isPartOf":{"@id":"https:\/\/www.atlanticholidayrentals.com\/blog\/fr\/miradouro-da-ponta-do-rosto-madeira\/"},"author":{"name":"Richard","@id":"https:\/\/www.atlanticholidayrentals.com\/blog\/#\/schema\/person\/ad3cabdee1032b4f701c81e7b6959d44"},"headline":"Miradouro da Ponta do Rosto : guide complet du point de vue de l&rsquo;est de Mad\u00e8re","datePublished":"2026-04-02T14:19:07+00:00","dateModified":"2026-04-22T14:41:48+00:00","mainEntityOfPage":{"@id":"https:\/\/www.atlanticholidayrentals.com\/blog\/fr\/miradouro-da-ponta-do-rosto-madeira\/"},"wordCount":1242,"commentCount":0,"image":{"@id":"https:\/\/www.atlanticholidayrentals.com\/blog\/fr\/miradouro-da-ponta-do-rosto-madeira\/#primaryimage"},"thumbnailUrl":"https:\/\/www.atlanticholidayrentals.com\/blog\/wp-content\/uploads\/2026\/04\/Miradouro-da-Ponta-do-Rosto-in-Madeira.webp","articleSection":["Points de Vue"],"inLanguage":"fr-FR","potentialAction":[{"@type":"CommentAction","name":"Comment","target":["https:\/\/www.atlanticholidayrentals.com\/blog\/fr\/miradouro-da-ponta-do-rosto-madeira\/#respond"]}]},{"@type":"WebPage","@id":"https:\/\/www.atlanticholidayrentals.com\/blog\/fr\/miradouro-da-ponta-do-rosto-madeira\/","url":"https:\/\/www.atlanticholidayrentals.com\/blog\/fr\/miradouro-da-ponta-do-rosto-madeira\/","name":"Miradouro da Ponta do Rosto, Mad\u00e8re - Blog","isPartOf":{"@id":"https:\/\/www.atlanticholidayrentals.com\/blog\/#website"},"primaryImageOfPage":{"@id":"https:\/\/www.atlanticholidayrentals.com\/blog\/fr\/miradouro-da-ponta-do-rosto-madeira\/#primaryimage"},"image":{"@id":"https:\/\/www.atlanticholidayrentals.com\/blog\/fr\/miradouro-da-ponta-do-rosto-madeira\/#primaryimage"},"thumbnailUrl":"https:\/\/www.atlanticholidayrentals.com\/blog\/wp-content\/uploads\/2026\/04\/Miradouro-da-Ponta-do-Rosto-in-Madeira.webp","datePublished":"2026-04-02T14:19:07+00:00","dateModified":"2026-04-22T14:41:48+00:00","author":{"@id":"https:\/\/www.atlanticholidayrentals.com\/blog\/#\/schema\/person\/ad3cabdee1032b4f701c81e7b6959d44"},"description":"D\u00e9couvrez les secrets du Miradouro da Ponta do Rosto. Admirez ses paysages uniques et planifiez votre escapade parfaite \u00e0 Mad\u00e8re. Visitez-le d\u00e8s maintenant !","breadcrumb":{"@id":"https:\/\/www.atlanticholidayrentals.com\/blog\/fr\/miradouro-da-ponta-do-rosto-madeira\/#breadcrumb"},"inLanguage":"fr-FR","potentialAction":[{"@type":"ReadAction","target":["https:\/\/www.atlanticholidayrentals.com\/blog\/fr\/miradouro-da-ponta-do-rosto-madeira\/"]}]},{"@type":"ImageObject","inLanguage":"fr-FR","@id":"https:\/\/www.atlanticholidayrentals.com\/blog\/fr\/miradouro-da-ponta-do-rosto-madeira\/#primaryimage","url":"https:\/\/www.atlanticholidayrentals.com\/blog\/wp-content\/uploads\/2026\/04\/Miradouro-da-Ponta-do-Rosto-in-Madeira.webp","contentUrl":"https:\/\/www.atlanticholidayrentals.com\/blog\/wp-content\/uploads\/2026\/04\/Miradouro-da-Ponta-do-Rosto-in-Madeira.webp","width":1360,"height":1020},{"@type":"BreadcrumbList","@id":"https:\/\/www.atlanticholidayrentals.com\/blog\/fr\/miradouro-da-ponta-do-rosto-madeira\/#breadcrumb","itemListElement":[{"@type":"ListItem","position":1,"name":"Home","item":"https:\/\/www.atlanticholidayrentals.com\/blog\/es\/"},{"@type":"ListItem","position":2,"name":"Miradouro da Ponta do Rosto : guide complet du point de vue de l&rsquo;est de Mad\u00e8re"}]},{"@type":"WebSite","@id":"https:\/\/www.atlanticholidayrentals.com\/blog\/#website","url":"https:\/\/www.atlanticholidayrentals.com\/blog\/","name":"Blog","description":"Atlanticholidayrentals","potentialAction":[{"@type":"SearchAction","target":{"@type":"EntryPoint","urlTemplate":"https:\/\/www.atlanticholidayrentals.com\/blog\/?s={search_term_string}"},"query-input":{"@type":"PropertyValueSpecification","valueRequired":true,"valueName":"search_term_string"}}],"inLanguage":"fr-FR"},{"@type":"Person","@id":"https:\/\/www.atlanticholidayrentals.com\/blog\/#\/schema\/person\/ad3cabdee1032b4f701c81e7b6959d44","name":"Richard","image":{"@type":"ImageObject","inLanguage":"fr-FR","@id":"https:\/\/secure.gravatar.com\/avatar\/63f7d63df8bc500b7b072100eb25897597ec962e6be3ac33cf5045633fb5702a?s=96&d=mm&r=g","url":"https:\/\/secure.gravatar.com\/avatar\/63f7d63df8bc500b7b072100eb25897597ec962e6be3ac33cf5045633fb5702a?s=96&d=mm&r=g","contentUrl":"https:\/\/secure.gravatar.com\/avatar\/63f7d63df8bc500b7b072100eb25897597ec962e6be3ac33cf5045633fb5702a?s=96&d=mm&r=g","caption":"Richard"},"url":"https:\/\/www.atlanticholidayrentals.com\/blog\/fr\/author\/richard\/"}]}},"_links":{"self":[{"href":"https:\/\/www.atlanticholidayrentals.com\/blog\/fr\/wp-json\/wp\/v2\/posts\/5987","targetHints":{"allow":["GET"]}}],"collection":[{"href":"https:\/\/www.atlanticholidayrentals.com\/blog\/fr\/wp-json\/wp\/v2\/posts"}],"about":[{"href":"https:\/\/www.atlanticholidayrentals.com\/blog\/fr\/wp-json\/wp\/v2\/types\/post"}],"author":[{"embeddable":true,"href":"https:\/\/www.atlanticholidayrentals.com\/blog\/fr\/wp-json\/wp\/v2\/users\/6"}],"replies":[{"embeddable":true,"href":"https:\/\/www.atlanticholidayrentals.com\/blog\/fr\/wp-json\/wp\/v2\/comments?post=5987"}],"version-history":[{"count":1,"href":"https:\/\/www.atlanticholidayrentals.com\/blog\/fr\/wp-json\/wp\/v2\/posts\/5987\/revisions"}],"predecessor-version":[{"id":5988,"href":"https:\/\/www.atlanticholidayrentals.com\/blog\/fr\/wp-json\/wp\/v2\/posts\/5987\/revisions\/5988"}],"wp:featuredmedia":[{"embeddable":true,"href":"https:\/\/www.atlanticholidayrentals.com\/blog\/fr\/wp-json\/wp\/v2\/media\/5960"}],"wp:attachment":[{"href":"https:\/\/www.atlanticholidayrentals.com\/blog\/fr\/wp-json\/wp\/v2\/media?parent=5987"}],"wp:term":[{"taxonomy":"category","embeddable":true,"href":"https:\/\/www.atlanticholidayrentals.com\/blog\/fr\/wp-json\/wp\/v2\/categories?post=5987"},{"taxonomy":"post_tag","embeddable":true,"href":"https:\/\/www.atlanticholidayrentals.com\/blog\/fr\/wp-json\/wp\/v2\/tags?post=5987"}],"curies":[{"name":"wp","href":"https:\/\/api.w.org\/{rel}","templated":true}]}}