{"id":4503,"date":"2025-07-01T09:31:09","date_gmt":"2025-07-01T09:31:09","guid":{"rendered":"https:\/\/www.atlanticholidayrentals.com\/blog\/fortaleza-de-sao-joao-baptista-do-pico\/"},"modified":"2025-07-23T08:04:24","modified_gmt":"2025-07-23T08:04:24","slug":"fortaleza-de-sao-joao-baptista-do-pico","status":"publish","type":"post","link":"https:\/\/www.atlanticholidayrentals.com\/blog\/fr\/fortaleza-de-sao-joao-baptista-do-pico\/","title":{"rendered":"Vous planifiez un voyage \u00e0 Funchal ? Ne manquez pas la Fortaleza de S\u00e3o Jo\u00e3o Baptista do Pico"},"content":{"rendered":"\t\t<div data-elementor-type=\"wp-post\" data-elementor-id=\"4503\" class=\"elementor elementor-4503 elementor-4429\" data-elementor-post-type=\"post\">\n\t\t\t\t<div class=\"elementor-element elementor-element-30370ee5 e-flex e-con-boxed e-con e-parent\" data-id=\"30370ee5\" data-element_type=\"container\" data-e-type=\"container\">\n\t\t\t\t\t<div class=\"e-con-inner\">\n\t\t\t\t<div class=\"elementor-element elementor-element-3e274b57 elementor-widget elementor-widget-text-editor\" data-id=\"3e274b57\" data-element_type=\"widget\" data-e-type=\"widget\" data-widget_type=\"text-editor.default\">\n\t\t\t\t<div class=\"elementor-widget-container\">\n\t\t\t\t\t\t\t\t\t<p><span style=\"font-weight: 400;\">Si vous avez pass\u00e9 du temps \u00e0 explorer Funchal, vous avez probablement lev\u00e9 les yeux et aper\u00e7u les murs de pierre d&rsquo;une forteresse perch\u00e9e en hauteur sur la colline au-dessus de la ville. C&rsquo;est la Fortaleza de S\u00e3o Jo\u00e3o Baptista do Pico\u2014un nom \u00e0 rallonge pour une forteresse avec une grande pr\u00e9sence et une vue encore plus impressionnante. Les habitants l&rsquo;appellent souvent \u00ab Pico R\u00e1dio \u00bb ou Radio Peak, gr\u00e2ce aux tours d&rsquo;antennes sur le site, mais ne vous laissez pas tromper par ce surnom moderne. Cet endroit veille sur la capitale de Mad\u00e8re depuis des si\u00e8cles.   <\/span><\/p><p><span style=\"font-weight: 400;\">Que vous soyez amateur de vues panoramiques, d&rsquo;un peu d&rsquo;histoire, ou que vous cherchiez simplement un endroit tranquille loin de la foule, ce fort moins visit\u00e9 coche beaucoup de cases. Il est assez proche du centre de Funchal pour \u00eatre pratique, mais suffisamment au-dessus pour vous donner une sensation d&rsquo;\u00e9vasion. <\/span><\/p>\t\t\t\t\t\t\t\t<\/div>\n\t\t\t\t<\/div>\n\t\t\t\t\t<\/div>\n\t\t\t\t<\/div>\n\t\t<div class=\"elementor-element elementor-element-5ceaa7a4 e-flex e-con-boxed e-con e-parent\" data-id=\"5ceaa7a4\" data-element_type=\"container\" data-e-type=\"container\">\n\t\t\t\t\t<div class=\"e-con-inner\">\n\t\t\t\t<div class=\"elementor-element elementor-element-324e069 elementor-widget elementor-widget-table-of-contents\" data-id=\"324e069\" data-element_type=\"widget\" data-e-type=\"widget\" data-settings=\"{&quot;headings_by_tags&quot;:[&quot;h2&quot;],&quot;exclude_headings_by_selector&quot;:[],&quot;marker_view&quot;:&quot;bullets&quot;,&quot;icon&quot;:{&quot;value&quot;:&quot;&quot;,&quot;library&quot;:&quot;&quot;},&quot;no_headings_message&quot;:&quot;No headings were found on this page.&quot;,&quot;hierarchical_view&quot;:&quot;yes&quot;,&quot;min_height&quot;:{&quot;unit&quot;:&quot;px&quot;,&quot;size&quot;:&quot;&quot;,&quot;sizes&quot;:[]},&quot;min_height_tablet&quot;:{&quot;unit&quot;:&quot;px&quot;,&quot;size&quot;:&quot;&quot;,&quot;sizes&quot;:[]},&quot;min_height_mobile&quot;:{&quot;unit&quot;:&quot;px&quot;,&quot;size&quot;:&quot;&quot;,&quot;sizes&quot;:[]}}\" data-widget_type=\"table-of-contents.default\">\n\t\t\t\t<div class=\"elementor-widget-container\">\n\t\t\t\t\t\t\t\t\t<div class=\"elementor-toc__header\">\n\t\t\t\t\t\t<div class=\"elementor-toc__header-title\">\n\t\t\t\tSommaire\t\t\t<\/div>\n\t\t\t\t\t\t\t\t<\/div>\n\t\t\t\t<div id=\"elementor-toc__324e069\" class=\"elementor-toc__body\">\n\t\t\t<div class=\"elementor-toc__spinner-container\">\n\t\t\t\t<svg class=\"elementor-toc__spinner eicon-animation-spin e-font-icon-svg e-eicon-loading\" aria-hidden=\"true\" viewBox=\"0 0 1000 1000\" xmlns=\"http:\/\/www.w3.org\/2000\/svg\"><path d=\"M500 975V858C696 858 858 696 858 500S696 142 500 142 142 304 142 500H25C25 237 238 25 500 25S975 237 975 500 763 975 500 975Z\"><\/path><\/svg>\t\t\t<\/div>\n\t\t<\/div>\n\t\t\t\t\t\t<\/div>\n\t\t\t\t<\/div>\n\t\t\t\t\t<\/div>\n\t\t\t\t<\/div>\n\t\t<div class=\"elementor-element elementor-element-519971a0 e-flex e-con-boxed e-con e-parent\" data-id=\"519971a0\" data-element_type=\"container\" data-e-type=\"container\">\n\t\t\t\t\t<div class=\"e-con-inner\">\n\t\t\t\t<div class=\"elementor-element elementor-element-5cd0abf9 elementor-widget elementor-widget-heading\" data-id=\"5cd0abf9\" data-element_type=\"widget\" data-e-type=\"widget\" data-widget_type=\"heading.default\">\n\t\t\t\t<div class=\"elementor-widget-container\">\n\t\t\t\t\t<h2 class=\"elementor-heading-title elementor-size-default\">Contexte historique de la forteresse\n<\/h2>\t\t\t\t<\/div>\n\t\t\t\t<\/div>\n\t\t\t\t<div class=\"elementor-element elementor-element-587ed9da elementor-widget elementor-widget-text-editor\" data-id=\"587ed9da\" data-element_type=\"widget\" data-e-type=\"widget\" data-widget_type=\"text-editor.default\">\n\t\t\t\t<div class=\"elementor-widget-container\">\n\t\t\t\t\t\t\t\t\t<p><span style=\"font-weight: 400;\">La Fortaleza de S\u00e3o Jo\u00e3o Baptista do Pico monte la garde sur Funchal depuis le d\u00e9but des ann\u00e9es 1600. Elle a \u00e9t\u00e9 construite \u00e0 une \u00e9poque o\u00f9 les attaques de pirates \u00e9taient une pr\u00e9occupation r\u00e9elle pour les villes c\u00f4ti\u00e8res comme celle-ci, surtout quand Mad\u00e8re devenait plus importante dans les routes commerciales atlantiques. L&rsquo;\u00eele avait besoin de d\u00e9fenses solides\u2014et rapidement.  <\/span><\/p><p><span style=\"font-weight: 400;\">Le Fort S\u00e3o Jo\u00e3o Batista do Pico faisait partie d&rsquo;un r\u00e9seau de structures militaires construites pour prot\u00e9ger l&rsquo;\u00eele. Il a \u00e9t\u00e9 construit sous le r\u00e8gne du roi Philippe Ier du Portugal (qui \u00e9tait aussi Philippe II d&rsquo;Espagne\u2014oui, cette p\u00e9riode compliqu\u00e9e de l&rsquo;union ib\u00e9rique). L&rsquo;id\u00e9e \u00e9tait simple : si des pirates ou des marines \u00e9trang\u00e8res apparaissaient \u00e0 l&rsquo;horizon, cette forteresse pouvait donner l&rsquo;alerte pr\u00e9coce et une ligne de d\u00e9fense solide depuis sa position en hauteur.  <\/span><\/p><p><span style=\"font-weight: 400;\">Au fil des si\u00e8cles, le fort a chang\u00e9 de mains, d&rsquo;objectifs, et m\u00eame d&rsquo;apparence. \u00c0 un moment donn\u00e9, il abritait des troupes, stockait des armes et de la poudre \u00e0 canon, et plus tard, a \u00e9t\u00e9 remis \u00e0 la Marine pour \u00eatre utilis\u00e9 comme centre de communications. D&rsquo;o\u00f9 le surnom \u00ab Radio Peak \u00bb. De nos jours, c&rsquo;est plus un monument culturel qu&rsquo;une installation militaire, mais l&rsquo;atmosph\u00e8re porte encore les \u00e9chos de son pass\u00e9.   <\/span><\/p>\t\t\t\t\t\t\t\t<\/div>\n\t\t\t\t<\/div>\n\t\t\t\t<div class=\"elementor-element elementor-element-f7630f3 elementor-widget elementor-widget-google_maps\" data-id=\"f7630f3\" data-element_type=\"widget\" data-e-type=\"widget\" data-widget_type=\"google_maps.default\">\n\t\t\t\t<div class=\"elementor-widget-container\">\n\t\t\t\t\t\t\t<div class=\"elementor-custom-embed\">\n\t\t\t<iframe loading=\"lazy\"\n\t\t\t\t\tsrc=\"https:\/\/maps.google.com\/maps?q=S%C3%A3o%20Jo%C3%A3o%20Baptista%20do%20Pico&#038;t=m&#038;z=13&#038;output=embed&#038;iwloc=near\"\n\t\t\t\t\ttitle=\"S\u00e3o Jo\u00e3o Baptista do Pico\"\n\t\t\t\t\taria-label=\"S\u00e3o Jo\u00e3o Baptista do Pico\"\n\t\t\t><\/iframe>\n\t\t<\/div>\n\t\t\t\t\t\t<\/div>\n\t\t\t\t<\/div>\n\t\t\t\t\t<\/div>\n\t\t\t\t<\/div>\n\t\t<div class=\"elementor-element elementor-element-bceb1c8 e-flex e-con-boxed e-con e-parent\" data-id=\"bceb1c8\" data-element_type=\"container\" data-e-type=\"container\">\n\t\t\t\t\t<div class=\"e-con-inner\">\n\t\t\t\t<div class=\"elementor-element elementor-element-cb447d3 elementor-widget elementor-widget-heading\" data-id=\"cb447d3\" data-element_type=\"widget\" data-e-type=\"widget\" data-widget_type=\"heading.default\">\n\t\t\t\t<div class=\"elementor-widget-container\">\n\t\t\t\t\t<h2 class=\"elementor-heading-title elementor-size-default\">Caract\u00e9ristiques architecturales et conception\n<\/h2>\t\t\t\t<\/div>\n\t\t\t\t<\/div>\n\t\t\t\t<div class=\"elementor-element elementor-element-c5d45f6 elementor-widget elementor-widget-text-editor\" data-id=\"c5d45f6\" data-element_type=\"widget\" data-e-type=\"widget\" data-widget_type=\"text-editor.default\">\n\t\t\t\t<div class=\"elementor-widget-container\">\n\t\t\t\t\t\t\t\t\t<p><span style=\"font-weight: 400;\">Quand vous arrivez pour la premi\u00e8re fois, ce qui vous frappe c&rsquo;est \u00e0 quel point le Fort S\u00e3o Jo\u00e3o Batista est en fait compact. Ce n&rsquo;est pas un ch\u00e2teau tentaculaire \u00e0 la Disney. C&rsquo;est un morceau d&rsquo;architecture militaire trapu et robuste, construit avec la fonction fermement \u00e0 l&rsquo;esprit. La forteresse est dispos\u00e9e en forme grossi\u00e8rement carr\u00e9e, avec d&rsquo;\u00e9pais murs de pierre et des bastions angulaires con\u00e7us pour d\u00e9vier les tirs de canon et donner aux d\u00e9fenseurs une ligne de vue claire.   <\/span><\/p><p><span style=\"font-weight: 400;\">Une petite chapelle se trouve pr\u00e8s du centre du fort ; pas de surprise pour un pays qui s\u00e9parait rarement la religion de la vie quotidienne au XVIIe si\u00e8cle. La chapelle est d\u00e9di\u00e9e, comme vous pourriez le deviner, \u00e0 S\u00e3o Jo\u00e3o Baptista (Saint Jean-Baptiste). Bien que l&rsquo;int\u00e9rieur soit modeste, il y a quelque chose de paisible \u00e0 son sujet, particuli\u00e8rement quand c&rsquo;est calme et que la lumi\u00e8re du soleil filtre \u00e0 travers la pierre.  <\/span><\/p><p><span style=\"font-weight: 400;\">Une caract\u00e9ristique qui rend le fort vraiment distinctif est son positionnement. Il se trouve \u00e0 pr\u00e8s de 110 m\u00e8tres au-dessus du niveau de la mer, lui donnant un point de vue strat\u00e9gique sur la baie de Funchal. \u00c0 l&rsquo;\u00e9poque d&rsquo;avant le radar, cette \u00e9l\u00e9vation \u00e9tait inestimable. Aujourd&rsquo;hui, c&rsquo;est ce qui donne aux visiteurs ces vues imbattables sur la ville.   <\/span><\/p>\t\t\t\t\t\t\t\t<\/div>\n\t\t\t\t<\/div>\n\t\t\t\t<div class=\"elementor-element elementor-element-86f3bb9 elementor-widget elementor-widget-image\" data-id=\"86f3bb9\" data-element_type=\"widget\" data-e-type=\"widget\" data-widget_type=\"image.default\">\n\t\t\t\t<div class=\"elementor-widget-container\">\n\t\t\t\t\t\t\t\t\t\t\t\t\t\t\t<img fetchpriority=\"high\" decoding=\"async\" width=\"800\" height=\"399\" src=\"https:\/\/www.atlanticholidayrentals.com\/blog\/wp-content\/uploads\/2025\/07\/Sao-Joao-Baptista-do-Pico-1024x511.jpg\" class=\"attachment-large size-large wp-image-4470\" alt=\"\" srcset=\"https:\/\/www.atlanticholidayrentals.com\/blog\/wp-content\/uploads\/2025\/07\/Sao-Joao-Baptista-do-Pico-1024x511.jpg 1024w, https:\/\/www.atlanticholidayrentals.com\/blog\/wp-content\/uploads\/2025\/07\/Sao-Joao-Baptista-do-Pico-300x150.jpg 300w, https:\/\/www.atlanticholidayrentals.com\/blog\/wp-content\/uploads\/2025\/07\/Sao-Joao-Baptista-do-Pico-768x383.jpg 768w, https:\/\/www.atlanticholidayrentals.com\/blog\/wp-content\/uploads\/2025\/07\/Sao-Joao-Baptista-do-Pico.jpg 1254w\" sizes=\"(max-width: 800px) 100vw, 800px\" \/>\t\t\t\t\t\t\t\t\t\t\t\t\t\t\t<\/div>\n\t\t\t\t<\/div>\n\t\t\t\t\t<\/div>\n\t\t\t\t<\/div>\n\t\t<div class=\"elementor-element elementor-element-55ac48f e-flex e-con-boxed e-con e-parent\" data-id=\"55ac48f\" data-element_type=\"container\" data-e-type=\"container\">\n\t\t\t\t\t<div class=\"e-con-inner\">\n\t\t\t\t<div class=\"elementor-element elementor-element-df16dc1 elementor-widget elementor-widget-heading\" data-id=\"df16dc1\" data-element_type=\"widget\" data-e-type=\"widget\" data-widget_type=\"heading.default\">\n\t\t\t\t<div class=\"elementor-widget-container\">\n\t\t\t\t\t<h2 class=\"elementor-heading-title elementor-size-default\">Importance dans la d\u00e9fense r\u00e9gionale\n<\/h2>\t\t\t\t<\/div>\n\t\t\t\t<\/div>\n\t\t\t\t<div class=\"elementor-element elementor-element-14fdf53 elementor-widget elementor-widget-text-editor\" data-id=\"14fdf53\" data-element_type=\"widget\" data-e-type=\"widget\" data-widget_type=\"text-editor.default\">\n\t\t\t\t<div class=\"elementor-widget-container\">\n\t\t\t\t\t\t\t\t\t<p><span style=\"font-weight: 400;\">La position \u00e9lev\u00e9e du fort en faisait un \u00e9l\u00e9ment cl\u00e9 du r\u00e9seau de d\u00e9fense de Funchal. D&rsquo;ici, les guetteurs pouvaient rep\u00e9rer les navires bien avant qu&rsquo;ils n&rsquo;atteignent le rivage. Cela donnait \u00e0 la ville un temps pr\u00e9cieux pour se pr\u00e9parer, que ce soit pour pr\u00e9parer les canons ou simplement fermer les portes.  <\/span><\/p><p><span style=\"font-weight: 400;\">La Fortaleza de S\u00e3o Jo\u00e3o Baptista do Pico n&rsquo;a jamais \u00e9t\u00e9 le plus grand fort de l&rsquo;\u00eele, mais c&rsquo;\u00e9tait certainement l&rsquo;un des mieux plac\u00e9s strat\u00e9giquement. Aux c\u00f4t\u00e9s d&rsquo;autres structures d\u00e9fensives comme la Forteresse S\u00e3o Tiago en bas pr\u00e8s du front de mer, elle a aid\u00e9 \u00e0 cr\u00e9er un syst\u00e8me de d\u00e9fense en couches qui s&rsquo;est av\u00e9r\u00e9 assez efficace pour dissuader de nombreux envahisseurs potentiels. <\/span><\/p><p><span style=\"font-weight: 400;\">Son r\u00f4le militaire s&rsquo;est progressivement estomp\u00e9 au fil du temps, particuli\u00e8rement quand la guerre navale a \u00e9volu\u00e9 et que les menaces contre Mad\u00e8re sont devenues plus sporadiques. Mais les histoires qu&rsquo;elle garde de nuits de veille, d&rsquo;arriv\u00e9es inattendues, et de signaux urgents envoy\u00e9s vers la ville en font encore un monument historique important. <\/span><\/p>\t\t\t\t\t\t\t\t<\/div>\n\t\t\t\t<\/div>\n\t\t\t\t\t<\/div>\n\t\t\t\t<\/div>\n\t\t<div class=\"elementor-element elementor-element-8863042 e-flex e-con-boxed e-con e-parent\" data-id=\"8863042\" data-element_type=\"container\" data-e-type=\"container\">\n\t\t\t\t\t<div class=\"e-con-inner\">\n\t\t\t\t<div class=\"elementor-element elementor-element-56ef003 elementor-widget elementor-widget-heading\" data-id=\"56ef003\" data-element_type=\"widget\" data-e-type=\"widget\" data-widget_type=\"heading.default\">\n\t\t\t\t<div class=\"elementor-widget-container\">\n\t\t\t\t\t<h2 class=\"elementor-heading-title elementor-size-default\">Visiter la forteresse aujourd'hui : \u00e0 quoi s'attendre<\/h2>\t\t\t\t<\/div>\n\t\t\t\t<\/div>\n\t\t\t\t<div class=\"elementor-element elementor-element-af27bce elementor-widget elementor-widget-text-editor\" data-id=\"af27bce\" data-element_type=\"widget\" data-e-type=\"widget\" data-widget_type=\"text-editor.default\">\n\t\t\t\t<div class=\"elementor-widget-container\">\n\t\t\t\t\t\t\t\t\t<p><span style=\"font-weight: 400;\">Aujourd&rsquo;hui, la Fortaleza de S\u00e3o Jo\u00e3o Baptista do Pico est ouverte au public de 10h \u00e0 12h30 et de 14h \u00e0 17h, du lundi au vendredi. Elle est ferm\u00e9e le week-end.  <\/span><\/p><p><span style=\"font-weight: 400;\">La visiter donne un peu l&rsquo;impression de d\u00e9couvrir un point de vue cach\u00e9 que seuls les habitants connaissent. Ce n&rsquo;est pas aussi bond\u00e9 que les attractions touristiques plus \u00e9videntes, ce qui fait partie de l&rsquo;attrait. Vous vous retrouverez souvent \u00e0 errer dans les lieux dans un silence presque total, \u00e0 part la brise et le cri occasionnel d&rsquo;une mouette qui passe.  <\/span><\/p><p><span style=\"font-weight: 400;\">L&rsquo;entr\u00e9e est gratuite, et bien qu&rsquo;il n&rsquo;y ait pas de mus\u00e9e \u00e9tendu \u00e0 l&rsquo;int\u00e9rieur, vous avez des panneaux d&rsquo;information qui vous donnent un peu de contexte. Le vrai r\u00e9gal, cependant, c&rsquo;est la vue. Depuis les remparts, vous pouvez voir \u00e0 travers les toits rouges de Funchal, regarder les bateaux de croisi\u00e8re entrer dans le port, et si le ciel est d\u00e9gag\u00e9, suivre la c\u00f4te jusqu&rsquo;\u00e0   <\/span><a href=\"https:\/\/www.atlanticholidayrentals.com\/blog\/camara-de-lobos\/\"><span style=\"font-weight: 400;\">C\u00e2mara de Lobos<\/span><\/a><span style=\"font-weight: 400;\">.<\/span><\/p><p><span style=\"font-weight: 400;\">Il y a quelques endroits ombrag\u00e9s, une petite cour avec un caf\u00e9, et des bancs de pierre pour faire une pause. Vous passerez probablement moins d&rsquo;une heure ici, mais c&rsquo;est une heure bien employ\u00e9e (surtout si vous la programmez avec l&rsquo;heure dor\u00e9e en fin d&rsquo;apr\u00e8s-midi). <\/span><\/p>\t\t\t\t\t\t\t\t<\/div>\n\t\t\t\t<\/div>\n\t\t\t\t<div class=\"elementor-element elementor-element-ec0b1e6 elementor-widget elementor-widget-image\" data-id=\"ec0b1e6\" data-element_type=\"widget\" data-e-type=\"widget\" data-widget_type=\"image.default\">\n\t\t\t\t<div class=\"elementor-widget-container\">\n\t\t\t\t\t\t\t\t\t\t\t\t\t\t\t<img decoding=\"async\" width=\"800\" height=\"400\" src=\"https:\/\/www.atlanticholidayrentals.com\/blog\/wp-content\/uploads\/2025\/07\/Sao-Joao-Baptista-do-Pico-funchal-1024x512.jpg\" class=\"attachment-large size-large wp-image-4475\" alt=\"\" srcset=\"https:\/\/www.atlanticholidayrentals.com\/blog\/wp-content\/uploads\/2025\/07\/Sao-Joao-Baptista-do-Pico-funchal-1024x512.jpg 1024w, https:\/\/www.atlanticholidayrentals.com\/blog\/wp-content\/uploads\/2025\/07\/Sao-Joao-Baptista-do-Pico-funchal-300x150.jpg 300w, https:\/\/www.atlanticholidayrentals.com\/blog\/wp-content\/uploads\/2025\/07\/Sao-Joao-Baptista-do-Pico-funchal-768x384.jpg 768w, https:\/\/www.atlanticholidayrentals.com\/blog\/wp-content\/uploads\/2025\/07\/Sao-Joao-Baptista-do-Pico-funchal.jpg 1365w\" sizes=\"(max-width: 800px) 100vw, 800px\" \/>\t\t\t\t\t\t\t\t\t\t\t\t\t\t\t<\/div>\n\t\t\t\t<\/div>\n\t\t\t\t\t<\/div>\n\t\t\t\t<\/div>\n\t\t<div class=\"elementor-element elementor-element-86a3cb2 e-flex e-con-boxed e-con e-parent\" data-id=\"86a3cb2\" data-element_type=\"container\" data-e-type=\"container\">\n\t\t\t\t\t<div class=\"e-con-inner\">\n\t\t\t\t<div class=\"elementor-element elementor-element-cff0b77 elementor-widget elementor-widget-heading\" data-id=\"cff0b77\" data-element_type=\"widget\" data-e-type=\"widget\" data-widget_type=\"heading.default\">\n\t\t\t\t<div class=\"elementor-widget-container\">\n\t\t\t\t\t<h2 class=\"elementor-heading-title elementor-size-default\">Attractions et activit\u00e9s \u00e0 proximit\u00e9\n<\/h2>\t\t\t\t<\/div>\n\t\t\t\t<\/div>\n\t\t\t\t<div class=\"elementor-element elementor-element-5d4fcc2 elementor-widget elementor-widget-text-editor\" data-id=\"5d4fcc2\" data-element_type=\"widget\" data-e-type=\"widget\" data-widget_type=\"text-editor.default\">\n\t\t\t\t<div class=\"elementor-widget-container\">\n\t\t\t\t\t\t\t\t\t<p><span style=\"font-weight: 400;\">\u00catre perch\u00e9 juste au-dessus de la ville signifie que vous n&rsquo;\u00eates qu&rsquo;\u00e0 une courte distance de certains des <\/span><a href=\"https:\/\/www.atlanticholidayrentals.com\/blog\/funchal-holidays\/\"><span style=\"font-weight: 400;\">meilleurs endroits de Funchal<\/span><\/a><span style=\"font-weight: 400;\">. Descendez la colline et vous atteindrez la <\/span><a href=\"https:\/\/www.atlanticholidayrentals.com\/blog\/camara-de-lobos\/\"><span style=\"font-weight: 400;\">vieille ville<\/span><\/a><span style=\"font-weight: 400;\"> en environ 15-20 minutes \u00e0 pied, en passant par le Mus\u00e9e Quinta das Cruzes en chemin. C&rsquo;est une villa du XVIIIe si\u00e8cle avec de beaux jardins qui abrite 500 ans d&rsquo;art, de c\u00e9ramique, de bijoux et d&rsquo;antiquit\u00e9s. <\/span><\/p><p><span style=\"font-weight: 400;\">Si vous \u00eates d&rsquo;humeur pour plus de culture, la <\/span><a href=\"https:\/\/www.atlanticholidayrentals.com\/blog\/fr\/cathedrale-de-funchal\/\"><span style=\"font-weight: 400;\">Cath\u00e9drale de Funchal<\/span><\/a><span style=\"font-weight: 400;\">, le Madeira Story Centre, et le color\u00e9 Mercado dos Lavradores sont tous \u00e0 proximit\u00e9 et valent la peine d&rsquo;\u00eatre explor\u00e9s. Et si vous avez ouvert l&rsquo;app\u00e9tit, vous avez l&#8217;embarras du choix. La vieille ville regorge de restaurants offrant tout, de l&rsquo;espetada traditionnelle aux fruits de mer frais et \u00e0 l&rsquo;excellent vin local.  <\/span><\/p><p><span style=\"font-weight: 400;\">En remontant la colline, un court trajet en voiture vous m\u00e8nera \u00e0 la c\u00e9l\u00e8bre <\/span><a href=\"https:\/\/www.atlanticholidayrentals.com\/blog\/fr\/monte-palace-madeira-2\/\"><span style=\"font-weight: 400;\">zone de Monte Palace<\/span><\/a><span style=\"font-weight: 400;\">, avec ses jardins et son t\u00e9l\u00e9ph\u00e9rique, ou au Pico dos Barcelos, un autre point de vue fantastique qui compl\u00e8te celui de Radio Peak.<\/span><\/p>\t\t\t\t\t\t\t\t<\/div>\n\t\t\t\t<\/div>\n\t\t\t\t\t<\/div>\n\t\t\t\t<\/div>\n\t\t<div class=\"elementor-element elementor-element-68768b0 e-flex e-con-boxed e-con e-parent\" data-id=\"68768b0\" data-element_type=\"container\" data-e-type=\"container\">\n\t\t\t\t\t<div class=\"e-con-inner\">\n\t\t\t\t<div class=\"elementor-element elementor-element-231bce1 elementor-widget elementor-widget-heading\" data-id=\"231bce1\" data-element_type=\"widget\" data-e-type=\"widget\" data-widget_type=\"heading.default\">\n\t\t\t\t<div class=\"elementor-widget-container\">\n\t\t\t\t\t<h2 class=\"elementor-heading-title elementor-size-default\">Planifiez votre visite \u00e0 la Fortaleza de S\u00e3o Jo\u00e3o Baptista do Pico\n<\/h2>\t\t\t\t<\/div>\n\t\t\t\t<\/div>\n\t\t\t\t<div class=\"elementor-element elementor-element-e0f6f75 elementor-widget elementor-widget-text-editor\" data-id=\"e0f6f75\" data-element_type=\"widget\" data-e-type=\"widget\" data-widget_type=\"text-editor.default\">\n\t\t\t\t<div class=\"elementor-widget-container\">\n\t\t\t\t\t\t\t\t\t<p><span style=\"font-weight: 400;\">Que vous soyez un passionn\u00e9 d&rsquo;histoire, un amateur de points de vue tranquilles, ou simplement quelqu&rsquo;un qui aime d\u00e9couvrir des endroits avec un peu de caract\u00e8re, la Fortaleza de S\u00e3o Jo\u00e3o Baptista do Pico m\u00e9rite une place dans votre itin\u00e9raire de Mad\u00e8re. C&rsquo;est un ajout facile \u00e0 toute journ\u00e9e \u00e0 Funchal, offrant une combinaison rare d&rsquo;int\u00e9r\u00eat historique et de vues spectaculaires dans une atmosph\u00e8re paisible que vous ne trouverez pas toujours dans les parties les plus fr\u00e9quent\u00e9es de la ville. <\/span><\/p><p><span style=\"font-weight: 400;\">Si vous planifiez un voyage et voulez une base confortable \u00e0 proximit\u00e9, consultez <\/span><a href=\"https:\/\/www.atlanticholidayrentals.com\/\"><span style=\"font-weight: 400;\">Atlantic Holiday Rentals<\/span><\/a><span style=\"font-weight: 400;\">. Des appartements en ville pr\u00e8s des restaurants et march\u00e9s de Funchal aux villas dans les collines avec de l&rsquo;espace pour s&rsquo;\u00e9tendre et se d\u00e9tendre, il y a quelque chose qui convient \u00e0 chaque type de voyageur. Et depuis beaucoup de nos propri\u00e9t\u00e9s, vous pouvez m\u00eame apercevoir la Fortaleza de S\u00e3o Jo\u00e3o Baptista do Pico depuis votre terrasse. Quelle meilleure fa\u00e7on de planifier votre visite qu&rsquo;avec une vue sur elle d\u00e8s le d\u00e9part !  <\/span><\/p><p><a href=\"https:\/\/www.atlanticholidayrentals.com\/fr\/location-vacances-funchal\/\"><span style=\"font-weight: 400;\">Parcourez notre gamme de propri\u00e9t\u00e9s \u00e0 Funchal<\/span><\/a><\/p>\t\t\t\t\t\t\t\t<\/div>\n\t\t\t\t<\/div>\n\t\t\t\t\t<\/div>\n\t\t\t\t<\/div>\n\t\t<div class=\"elementor-element elementor-element-426b4e9 e-flex e-con-boxed e-con e-parent\" data-id=\"426b4e9\" data-element_type=\"container\" data-e-type=\"container\">\n\t\t\t\t\t<div class=\"e-con-inner\">\n\t\t\t\t\t<\/div>\n\t\t\t\t<\/div>\n\t\t\t\t<\/div>\n\t\t","protected":false},"excerpt":{"rendered":"<p>Si vous avez pass\u00e9 du temps \u00e0 explorer Funchal, vous avez probablement lev\u00e9 les yeux et aper\u00e7u les murs de pierre d&rsquo;une forteresse perch\u00e9e en hauteur sur la colline au-dessus [&hellip;]<\/p>\n","protected":false},"author":6,"featured_media":4480,"comment_status":"open","ping_status":"closed","sticky":false,"template":"","format":"standard","meta":{"footnotes":""},"categories":[66],"tags":[],"class_list":["post-4503","post","type-post","status-publish","format-standard","has-post-thumbnail","hentry","category-funchal-fr"],"yoast_head":"<!-- This site is optimized with the Yoast SEO plugin v27.5 - https:\/\/yoast.com\/product\/yoast-seo-wordpress\/ -->\n<title>Vous planifiez un voyage \u00e0 Funchal ? Ne manquez pas la Fortaleza de S\u00e3o Jo\u00e3o Baptista do Pico - Blog<\/title>\n<meta name=\"robots\" content=\"index, follow, max-snippet:-1, max-image-preview:large, max-video-preview:-1\" \/>\n<link rel=\"canonical\" href=\"https:\/\/www.atlanticholidayrentals.com\/blog\/planning-a-trip-to-funchal-dont-miss-fortaleza-de-sao-joao-baptista-do-pico\/\" \/>\n<meta property=\"og:locale\" content=\"fr_FR\" \/>\n<meta property=\"og:type\" content=\"article\" \/>\n<meta property=\"og:title\" content=\"Vous planifiez un voyage \u00e0 Funchal ? Ne manquez pas la Fortaleza de S\u00e3o Jo\u00e3o Baptista do Pico - Blog\" \/>\n<meta property=\"og:description\" content=\"Si vous avez pass\u00e9 du temps \u00e0 explorer Funchal, vous avez probablement lev\u00e9 les yeux et aper\u00e7u les murs de pierre d&rsquo;une forteresse perch\u00e9e en hauteur sur la colline au-dessus [&hellip;]\" \/>\n<meta property=\"og:url\" content=\"https:\/\/www.atlanticholidayrentals.com\/blog\/planning-a-trip-to-funchal-dont-miss-fortaleza-de-sao-joao-baptista-do-pico\/\" \/>\n<meta property=\"og:site_name\" content=\"Blog\" \/>\n<meta property=\"article:published_time\" content=\"2025-07-01T09:31:09+00:00\" \/>\n<meta property=\"article:modified_time\" content=\"2025-07-23T08:04:24+00:00\" \/>\n<meta property=\"og:image\" content=\"https:\/\/www.atlanticholidayrentals.com\/blog\/wp-content\/uploads\/2025\/07\/visit-Sao-Joao-Baptista-do-Pico.jpg\" \/>\n\t<meta property=\"og:image:width\" content=\"1365\" \/>\n\t<meta property=\"og:image:height\" content=\"768\" \/>\n\t<meta property=\"og:image:type\" content=\"image\/jpeg\" \/>\n<meta name=\"author\" content=\"Richard\" \/>\n<meta name=\"twitter:card\" content=\"summary_large_image\" \/>\n<meta name=\"twitter:label1\" content=\"\u00c9crit par\" \/>\n\t<meta name=\"twitter:data1\" content=\"Richard\" \/>\n\t<meta name=\"twitter:label2\" content=\"Dur\u00e9e de lecture estim\u00e9e\" \/>\n\t<meta name=\"twitter:data2\" content=\"7 minutes\" \/>\n<script type=\"application\/ld+json\" class=\"yoast-schema-graph\">{\"@context\":\"https:\\\/\\\/schema.org\",\"@graph\":[{\"@type\":\"Article\",\"@id\":\"https:\\\/\\\/www.atlanticholidayrentals.com\\\/blog\\\/planning-a-trip-to-funchal-dont-miss-fortaleza-de-sao-joao-baptista-do-pico\\\/#article\",\"isPartOf\":{\"@id\":\"https:\\\/\\\/www.atlanticholidayrentals.com\\\/blog\\\/planning-a-trip-to-funchal-dont-miss-fortaleza-de-sao-joao-baptista-do-pico\\\/\"},\"author\":{\"name\":\"Richard\",\"@id\":\"https:\\\/\\\/www.atlanticholidayrentals.com\\\/blog\\\/#\\\/schema\\\/person\\\/ad3cabdee1032b4f701c81e7b6959d44\"},\"headline\":\"Vous planifiez un voyage \u00e0 Funchal ? Ne manquez pas la Fortaleza de S\u00e3o Jo\u00e3o Baptista do Pico\",\"datePublished\":\"2025-07-01T09:31:09+00:00\",\"dateModified\":\"2025-07-23T08:04:24+00:00\",\"mainEntityOfPage\":{\"@id\":\"https:\\\/\\\/www.atlanticholidayrentals.com\\\/blog\\\/planning-a-trip-to-funchal-dont-miss-fortaleza-de-sao-joao-baptista-do-pico\\\/\"},\"wordCount\":1532,\"commentCount\":0,\"image\":{\"@id\":\"https:\\\/\\\/www.atlanticholidayrentals.com\\\/blog\\\/planning-a-trip-to-funchal-dont-miss-fortaleza-de-sao-joao-baptista-do-pico\\\/#primaryimage\"},\"thumbnailUrl\":\"https:\\\/\\\/www.atlanticholidayrentals.com\\\/blog\\\/wp-content\\\/uploads\\\/2025\\\/07\\\/visit-Sao-Joao-Baptista-do-Pico.jpg\",\"articleSection\":[\"Funchal\"],\"inLanguage\":\"fr-FR\",\"potentialAction\":[{\"@type\":\"CommentAction\",\"name\":\"Comment\",\"target\":[\"https:\\\/\\\/www.atlanticholidayrentals.com\\\/blog\\\/planning-a-trip-to-funchal-dont-miss-fortaleza-de-sao-joao-baptista-do-pico\\\/#respond\"]}]},{\"@type\":\"WebPage\",\"@id\":\"https:\\\/\\\/www.atlanticholidayrentals.com\\\/blog\\\/planning-a-trip-to-funchal-dont-miss-fortaleza-de-sao-joao-baptista-do-pico\\\/\",\"url\":\"https:\\\/\\\/www.atlanticholidayrentals.com\\\/blog\\\/planning-a-trip-to-funchal-dont-miss-fortaleza-de-sao-joao-baptista-do-pico\\\/\",\"name\":\"Vous planifiez un voyage \u00e0 Funchal ? Ne manquez pas la Fortaleza de S\u00e3o Jo\u00e3o Baptista do Pico - Blog\",\"isPartOf\":{\"@id\":\"https:\\\/\\\/www.atlanticholidayrentals.com\\\/blog\\\/#website\"},\"primaryImageOfPage\":{\"@id\":\"https:\\\/\\\/www.atlanticholidayrentals.com\\\/blog\\\/planning-a-trip-to-funchal-dont-miss-fortaleza-de-sao-joao-baptista-do-pico\\\/#primaryimage\"},\"image\":{\"@id\":\"https:\\\/\\\/www.atlanticholidayrentals.com\\\/blog\\\/planning-a-trip-to-funchal-dont-miss-fortaleza-de-sao-joao-baptista-do-pico\\\/#primaryimage\"},\"thumbnailUrl\":\"https:\\\/\\\/www.atlanticholidayrentals.com\\\/blog\\\/wp-content\\\/uploads\\\/2025\\\/07\\\/visit-Sao-Joao-Baptista-do-Pico.jpg\",\"datePublished\":\"2025-07-01T09:31:09+00:00\",\"dateModified\":\"2025-07-23T08:04:24+00:00\",\"author\":{\"@id\":\"https:\\\/\\\/www.atlanticholidayrentals.com\\\/blog\\\/#\\\/schema\\\/person\\\/ad3cabdee1032b4f701c81e7b6959d44\"},\"breadcrumb\":{\"@id\":\"https:\\\/\\\/www.atlanticholidayrentals.com\\\/blog\\\/planning-a-trip-to-funchal-dont-miss-fortaleza-de-sao-joao-baptista-do-pico\\\/#breadcrumb\"},\"inLanguage\":\"fr-FR\",\"potentialAction\":[{\"@type\":\"ReadAction\",\"target\":[\"https:\\\/\\\/www.atlanticholidayrentals.com\\\/blog\\\/planning-a-trip-to-funchal-dont-miss-fortaleza-de-sao-joao-baptista-do-pico\\\/\"]}]},{\"@type\":\"ImageObject\",\"inLanguage\":\"fr-FR\",\"@id\":\"https:\\\/\\\/www.atlanticholidayrentals.com\\\/blog\\\/planning-a-trip-to-funchal-dont-miss-fortaleza-de-sao-joao-baptista-do-pico\\\/#primaryimage\",\"url\":\"https:\\\/\\\/www.atlanticholidayrentals.com\\\/blog\\\/wp-content\\\/uploads\\\/2025\\\/07\\\/visit-Sao-Joao-Baptista-do-Pico.jpg\",\"contentUrl\":\"https:\\\/\\\/www.atlanticholidayrentals.com\\\/blog\\\/wp-content\\\/uploads\\\/2025\\\/07\\\/visit-Sao-Joao-Baptista-do-Pico.jpg\",\"width\":1365,\"height\":768,\"caption\":\"Funchal, Portugal \u2013 January 18, 2021: Walls of S\u00e3o Jo\u00e3o Baptista do Pico Fortress in Funchal.\"},{\"@type\":\"BreadcrumbList\",\"@id\":\"https:\\\/\\\/www.atlanticholidayrentals.com\\\/blog\\\/planning-a-trip-to-funchal-dont-miss-fortaleza-de-sao-joao-baptista-do-pico\\\/#breadcrumb\",\"itemListElement\":[{\"@type\":\"ListItem\",\"position\":1,\"name\":\"Home\",\"item\":\"https:\\\/\\\/www.atlanticholidayrentals.com\\\/blog\\\/es\\\/\"},{\"@type\":\"ListItem\",\"position\":2,\"name\":\"Vous planifiez un voyage \u00e0 Funchal ? Ne manquez pas la Fortaleza de S\u00e3o Jo\u00e3o Baptista do Pico\"}]},{\"@type\":\"WebSite\",\"@id\":\"https:\\\/\\\/www.atlanticholidayrentals.com\\\/blog\\\/#website\",\"url\":\"https:\\\/\\\/www.atlanticholidayrentals.com\\\/blog\\\/\",\"name\":\"Blog\",\"description\":\"Atlanticholidayrentals\",\"potentialAction\":[{\"@type\":\"SearchAction\",\"target\":{\"@type\":\"EntryPoint\",\"urlTemplate\":\"https:\\\/\\\/www.atlanticholidayrentals.com\\\/blog\\\/?s={search_term_string}\"},\"query-input\":{\"@type\":\"PropertyValueSpecification\",\"valueRequired\":true,\"valueName\":\"search_term_string\"}}],\"inLanguage\":\"fr-FR\"},{\"@type\":\"Person\",\"@id\":\"https:\\\/\\\/www.atlanticholidayrentals.com\\\/blog\\\/#\\\/schema\\\/person\\\/ad3cabdee1032b4f701c81e7b6959d44\",\"name\":\"Richard\",\"image\":{\"@type\":\"ImageObject\",\"inLanguage\":\"fr-FR\",\"@id\":\"https:\\\/\\\/secure.gravatar.com\\\/avatar\\\/63f7d63df8bc500b7b072100eb25897597ec962e6be3ac33cf5045633fb5702a?s=96&d=mm&r=g\",\"url\":\"https:\\\/\\\/secure.gravatar.com\\\/avatar\\\/63f7d63df8bc500b7b072100eb25897597ec962e6be3ac33cf5045633fb5702a?s=96&d=mm&r=g\",\"contentUrl\":\"https:\\\/\\\/secure.gravatar.com\\\/avatar\\\/63f7d63df8bc500b7b072100eb25897597ec962e6be3ac33cf5045633fb5702a?s=96&d=mm&r=g\",\"caption\":\"Richard\"},\"url\":\"https:\\\/\\\/www.atlanticholidayrentals.com\\\/blog\\\/fr\\\/author\\\/richard\\\/\"}]}<\/script>\n<!-- \/ Yoast SEO plugin. -->","yoast_head_json":{"title":"Vous planifiez un voyage \u00e0 Funchal ? Ne manquez pas la Fortaleza de S\u00e3o Jo\u00e3o Baptista do Pico - Blog","robots":{"index":"index","follow":"follow","max-snippet":"max-snippet:-1","max-image-preview":"max-image-preview:large","max-video-preview":"max-video-preview:-1"},"canonical":"https:\/\/www.atlanticholidayrentals.com\/blog\/planning-a-trip-to-funchal-dont-miss-fortaleza-de-sao-joao-baptista-do-pico\/","og_locale":"fr_FR","og_type":"article","og_title":"Vous planifiez un voyage \u00e0 Funchal ? Ne manquez pas la Fortaleza de S\u00e3o Jo\u00e3o Baptista do Pico - Blog","og_description":"Si vous avez pass\u00e9 du temps \u00e0 explorer Funchal, vous avez probablement lev\u00e9 les yeux et aper\u00e7u les murs de pierre d&rsquo;une forteresse perch\u00e9e en hauteur sur la colline au-dessus [&hellip;]","og_url":"https:\/\/www.atlanticholidayrentals.com\/blog\/planning-a-trip-to-funchal-dont-miss-fortaleza-de-sao-joao-baptista-do-pico\/","og_site_name":"Blog","article_published_time":"2025-07-01T09:31:09+00:00","article_modified_time":"2025-07-23T08:04:24+00:00","og_image":[{"width":1365,"height":768,"url":"https:\/\/www.atlanticholidayrentals.com\/blog\/wp-content\/uploads\/2025\/07\/visit-Sao-Joao-Baptista-do-Pico.jpg","type":"image\/jpeg"}],"author":"Richard","twitter_card":"summary_large_image","twitter_misc":{"\u00c9crit par":"Richard","Dur\u00e9e de lecture estim\u00e9e":"7 minutes"},"schema":{"@context":"https:\/\/schema.org","@graph":[{"@type":"Article","@id":"https:\/\/www.atlanticholidayrentals.com\/blog\/planning-a-trip-to-funchal-dont-miss-fortaleza-de-sao-joao-baptista-do-pico\/#article","isPartOf":{"@id":"https:\/\/www.atlanticholidayrentals.com\/blog\/planning-a-trip-to-funchal-dont-miss-fortaleza-de-sao-joao-baptista-do-pico\/"},"author":{"name":"Richard","@id":"https:\/\/www.atlanticholidayrentals.com\/blog\/#\/schema\/person\/ad3cabdee1032b4f701c81e7b6959d44"},"headline":"Vous planifiez un voyage \u00e0 Funchal ? Ne manquez pas la Fortaleza de S\u00e3o Jo\u00e3o Baptista do Pico","datePublished":"2025-07-01T09:31:09+00:00","dateModified":"2025-07-23T08:04:24+00:00","mainEntityOfPage":{"@id":"https:\/\/www.atlanticholidayrentals.com\/blog\/planning-a-trip-to-funchal-dont-miss-fortaleza-de-sao-joao-baptista-do-pico\/"},"wordCount":1532,"commentCount":0,"image":{"@id":"https:\/\/www.atlanticholidayrentals.com\/blog\/planning-a-trip-to-funchal-dont-miss-fortaleza-de-sao-joao-baptista-do-pico\/#primaryimage"},"thumbnailUrl":"https:\/\/www.atlanticholidayrentals.com\/blog\/wp-content\/uploads\/2025\/07\/visit-Sao-Joao-Baptista-do-Pico.jpg","articleSection":["Funchal"],"inLanguage":"fr-FR","potentialAction":[{"@type":"CommentAction","name":"Comment","target":["https:\/\/www.atlanticholidayrentals.com\/blog\/planning-a-trip-to-funchal-dont-miss-fortaleza-de-sao-joao-baptista-do-pico\/#respond"]}]},{"@type":"WebPage","@id":"https:\/\/www.atlanticholidayrentals.com\/blog\/planning-a-trip-to-funchal-dont-miss-fortaleza-de-sao-joao-baptista-do-pico\/","url":"https:\/\/www.atlanticholidayrentals.com\/blog\/planning-a-trip-to-funchal-dont-miss-fortaleza-de-sao-joao-baptista-do-pico\/","name":"Vous planifiez un voyage \u00e0 Funchal ? Ne manquez pas la Fortaleza de S\u00e3o Jo\u00e3o Baptista do Pico - Blog","isPartOf":{"@id":"https:\/\/www.atlanticholidayrentals.com\/blog\/#website"},"primaryImageOfPage":{"@id":"https:\/\/www.atlanticholidayrentals.com\/blog\/planning-a-trip-to-funchal-dont-miss-fortaleza-de-sao-joao-baptista-do-pico\/#primaryimage"},"image":{"@id":"https:\/\/www.atlanticholidayrentals.com\/blog\/planning-a-trip-to-funchal-dont-miss-fortaleza-de-sao-joao-baptista-do-pico\/#primaryimage"},"thumbnailUrl":"https:\/\/www.atlanticholidayrentals.com\/blog\/wp-content\/uploads\/2025\/07\/visit-Sao-Joao-Baptista-do-Pico.jpg","datePublished":"2025-07-01T09:31:09+00:00","dateModified":"2025-07-23T08:04:24+00:00","author":{"@id":"https:\/\/www.atlanticholidayrentals.com\/blog\/#\/schema\/person\/ad3cabdee1032b4f701c81e7b6959d44"},"breadcrumb":{"@id":"https:\/\/www.atlanticholidayrentals.com\/blog\/planning-a-trip-to-funchal-dont-miss-fortaleza-de-sao-joao-baptista-do-pico\/#breadcrumb"},"inLanguage":"fr-FR","potentialAction":[{"@type":"ReadAction","target":["https:\/\/www.atlanticholidayrentals.com\/blog\/planning-a-trip-to-funchal-dont-miss-fortaleza-de-sao-joao-baptista-do-pico\/"]}]},{"@type":"ImageObject","inLanguage":"fr-FR","@id":"https:\/\/www.atlanticholidayrentals.com\/blog\/planning-a-trip-to-funchal-dont-miss-fortaleza-de-sao-joao-baptista-do-pico\/#primaryimage","url":"https:\/\/www.atlanticholidayrentals.com\/blog\/wp-content\/uploads\/2025\/07\/visit-Sao-Joao-Baptista-do-Pico.jpg","contentUrl":"https:\/\/www.atlanticholidayrentals.com\/blog\/wp-content\/uploads\/2025\/07\/visit-Sao-Joao-Baptista-do-Pico.jpg","width":1365,"height":768,"caption":"Funchal, Portugal \u2013 January 18, 2021: Walls of S\u00e3o Jo\u00e3o Baptista do Pico Fortress in Funchal."},{"@type":"BreadcrumbList","@id":"https:\/\/www.atlanticholidayrentals.com\/blog\/planning-a-trip-to-funchal-dont-miss-fortaleza-de-sao-joao-baptista-do-pico\/#breadcrumb","itemListElement":[{"@type":"ListItem","position":1,"name":"Home","item":"https:\/\/www.atlanticholidayrentals.com\/blog\/es\/"},{"@type":"ListItem","position":2,"name":"Vous planifiez un voyage \u00e0 Funchal ? Ne manquez pas la Fortaleza de S\u00e3o Jo\u00e3o Baptista do Pico"}]},{"@type":"WebSite","@id":"https:\/\/www.atlanticholidayrentals.com\/blog\/#website","url":"https:\/\/www.atlanticholidayrentals.com\/blog\/","name":"Blog","description":"Atlanticholidayrentals","potentialAction":[{"@type":"SearchAction","target":{"@type":"EntryPoint","urlTemplate":"https:\/\/www.atlanticholidayrentals.com\/blog\/?s={search_term_string}"},"query-input":{"@type":"PropertyValueSpecification","valueRequired":true,"valueName":"search_term_string"}}],"inLanguage":"fr-FR"},{"@type":"Person","@id":"https:\/\/www.atlanticholidayrentals.com\/blog\/#\/schema\/person\/ad3cabdee1032b4f701c81e7b6959d44","name":"Richard","image":{"@type":"ImageObject","inLanguage":"fr-FR","@id":"https:\/\/secure.gravatar.com\/avatar\/63f7d63df8bc500b7b072100eb25897597ec962e6be3ac33cf5045633fb5702a?s=96&d=mm&r=g","url":"https:\/\/secure.gravatar.com\/avatar\/63f7d63df8bc500b7b072100eb25897597ec962e6be3ac33cf5045633fb5702a?s=96&d=mm&r=g","contentUrl":"https:\/\/secure.gravatar.com\/avatar\/63f7d63df8bc500b7b072100eb25897597ec962e6be3ac33cf5045633fb5702a?s=96&d=mm&r=g","caption":"Richard"},"url":"https:\/\/www.atlanticholidayrentals.com\/blog\/fr\/author\/richard\/"}]}},"_links":{"self":[{"href":"https:\/\/www.atlanticholidayrentals.com\/blog\/fr\/wp-json\/wp\/v2\/posts\/4503","targetHints":{"allow":["GET"]}}],"collection":[{"href":"https:\/\/www.atlanticholidayrentals.com\/blog\/fr\/wp-json\/wp\/v2\/posts"}],"about":[{"href":"https:\/\/www.atlanticholidayrentals.com\/blog\/fr\/wp-json\/wp\/v2\/types\/post"}],"author":[{"embeddable":true,"href":"https:\/\/www.atlanticholidayrentals.com\/blog\/fr\/wp-json\/wp\/v2\/users\/6"}],"replies":[{"embeddable":true,"href":"https:\/\/www.atlanticholidayrentals.com\/blog\/fr\/wp-json\/wp\/v2\/comments?post=4503"}],"version-history":[{"count":1,"href":"https:\/\/www.atlanticholidayrentals.com\/blog\/fr\/wp-json\/wp\/v2\/posts\/4503\/revisions"}],"predecessor-version":[{"id":4504,"href":"https:\/\/www.atlanticholidayrentals.com\/blog\/fr\/wp-json\/wp\/v2\/posts\/4503\/revisions\/4504"}],"wp:featuredmedia":[{"embeddable":true,"href":"https:\/\/www.atlanticholidayrentals.com\/blog\/fr\/wp-json\/wp\/v2\/media\/4480"}],"wp:attachment":[{"href":"https:\/\/www.atlanticholidayrentals.com\/blog\/fr\/wp-json\/wp\/v2\/media?parent=4503"}],"wp:term":[{"taxonomy":"category","embeddable":true,"href":"https:\/\/www.atlanticholidayrentals.com\/blog\/fr\/wp-json\/wp\/v2\/categories?post=4503"},{"taxonomy":"post_tag","embeddable":true,"href":"https:\/\/www.atlanticholidayrentals.com\/blog\/fr\/wp-json\/wp\/v2\/tags?post=4503"}],"curies":[{"name":"wp","href":"https:\/\/api.w.org\/{rel}","templated":true}]}}