{"id":6068,"date":"2026-04-23T15:19:04","date_gmt":"2026-04-23T15:19:04","guid":{"rendered":"https:\/\/www.atlanticholidayrentals.com\/blog\/alojamientos-vacacionales-calheta\/"},"modified":"2026-04-24T10:17:09","modified_gmt":"2026-04-24T10:17:09","slug":"alojamientos-vacacionales-calheta","status":"publish","type":"post","link":"https:\/\/www.atlanticholidayrentals.com\/blog\/es\/alojamientos-vacacionales-calheta\/","title":{"rendered":"Casas de alquiler vacacional en Calheta"},"content":{"rendered":"\t\t<div data-elementor-type=\"wp-post\" data-elementor-id=\"6068\" class=\"elementor elementor-6068 elementor-6013\" data-elementor-post-type=\"post\">\n\t\t\t\t<div class=\"elementor-element elementor-element-5b12fcec e-con-full e-flex e-con e-parent\" data-id=\"5b12fcec\" data-element_type=\"container\" data-e-type=\"container\" data-settings=\"{&quot;background_background&quot;:&quot;classic&quot;}\">\n\t\t\t\t<div class=\"elementor-element elementor-element-751577ac elementor-widget elementor-widget-heading\" data-id=\"751577ac\" data-element_type=\"widget\" data-e-type=\"widget\" data-widget_type=\"heading.default\">\n\t\t\t\t<div class=\"elementor-widget-container\">\n\t\t\t\t\t<h1 class=\"elementor-heading-title elementor-size-default\">Casas de alquiler vacacional en Calheta<\/h1>\t\t\t\t<\/div>\n\t\t\t\t<\/div>\n\t\t\t\t<div class=\"elementor-element elementor-element-666bcc23 elementor-widget elementor-widget-heading\" data-id=\"666bcc23\" data-element_type=\"widget\" data-e-type=\"widget\" data-widget_type=\"heading.default\">\n\t\t\t\t<div class=\"elementor-widget-container\">\n\t\t\t\t\t<h3 class=\"elementor-heading-title elementor-size-default\">Tu estancia perfecta en villa en Calheta, Madeira<\/h3>\t\t\t\t<\/div>\n\t\t\t\t<\/div>\n\t\t\t\t<\/div>\n\t\t<div class=\"elementor-element elementor-element-48041325 e-flex e-con-boxed e-con e-parent\" data-id=\"48041325\" data-element_type=\"container\" data-e-type=\"container\">\n\t\t\t\t\t<div class=\"e-con-inner\">\n\t\t<div class=\"elementor-element elementor-element-6a799d5d e-grid e-con-full e-con e-child\" data-id=\"6a799d5d\" data-element_type=\"container\" data-e-type=\"container\">\n\t\t<div class=\"elementor-element elementor-element-37cb4d7f e-con-full e-flex e-con e-child\" data-id=\"37cb4d7f\" data-element_type=\"container\" data-e-type=\"container\">\n\t\t\t\t<div class=\"elementor-element elementor-element-68c165b elementor-widget elementor-widget-heading\" data-id=\"68c165b\" data-element_type=\"widget\" data-e-type=\"widget\" data-widget_type=\"heading.default\">\n\t\t\t\t<div class=\"elementor-widget-container\">\n\t\t\t\t\t<h2 class=\"elementor-heading-title elementor-size-default\"><a href=\"https:\/\/www.atlanticholidayrentals.com\/luxury-holiday-villas-madeira\/\">Lujo<\/a><\/h2>\t\t\t\t<\/div>\n\t\t\t\t<\/div>\n\t\t\t\t<\/div>\n\t\t<div class=\"elementor-element elementor-element-72b6d8e e-con-full e-flex e-con e-child\" data-id=\"72b6d8e\" data-element_type=\"container\" data-e-type=\"container\">\n\t\t\t\t<div class=\"elementor-element elementor-element-12c1c43e elementor-widget elementor-widget-heading\" data-id=\"12c1c43e\" data-element_type=\"widget\" data-e-type=\"widget\" data-widget_type=\"heading.default\">\n\t\t\t\t<div class=\"elementor-widget-container\">\n\t\t\t\t\t<h2 class=\"elementor-heading-title elementor-size-default\"><a href=\"https:\/\/www.atlanticholidayrentals.com\/holiday-villas-in-madeira-private-pool\/\">Piscina<\/a><\/h2>\t\t\t\t<\/div>\n\t\t\t\t<\/div>\n\t\t\t\t<\/div>\n\t\t<div class=\"elementor-element elementor-element-1fdb6b68 e-con-full e-flex e-con e-child\" data-id=\"1fdb6b68\" data-element_type=\"container\" data-e-type=\"container\">\n\t\t\t\t<div class=\"elementor-element elementor-element-2c4984ff elementor-widget elementor-widget-heading\" data-id=\"2c4984ff\" data-element_type=\"widget\" data-e-type=\"widget\" data-widget_type=\"heading.default\">\n\t\t\t\t<div class=\"elementor-widget-container\">\n\t\t\t\t\t<h2 class=\"elementor-heading-title elementor-size-default\"><a href=\"https:\/\/www.atlanticholidayrentals.com\/cheap-accommodation-madeira\/\">Econ\u00f3mico<\/a><\/h2>\t\t\t\t<\/div>\n\t\t\t\t<\/div>\n\t\t\t\t<\/div>\n\t\t<div class=\"elementor-element elementor-element-75173683 e-con-full e-flex e-con e-child\" data-id=\"75173683\" data-element_type=\"container\" data-e-type=\"container\">\n\t\t\t\t<div class=\"elementor-element elementor-element-1f42018c elementor-widget elementor-widget-heading\" data-id=\"1f42018c\" data-element_type=\"widget\" data-e-type=\"widget\" data-widget_type=\"heading.default\">\n\t\t\t\t<div class=\"elementor-widget-container\">\n\t\t\t\t\t<h2 class=\"elementor-heading-title elementor-size-default\"><a href=\"https:\/\/www.atlanticholidayrentals.com\/family-holidays-madeira\/\">Familias<\/a><\/h2>\t\t\t\t<\/div>\n\t\t\t\t<\/div>\n\t\t\t\t<\/div>\n\t\t\t\t<\/div>\n\t\t\t\t\t<\/div>\n\t\t\t\t<\/div>\n\t\t<div class=\"elementor-element elementor-element-643fbbd8 e-flex e-con-boxed e-con e-parent\" data-id=\"643fbbd8\" data-element_type=\"container\" data-e-type=\"container\">\n\t\t\t\t\t<div class=\"e-con-inner\">\n\t\t\t\t<div class=\"elementor-element elementor-element-6309860e elementor-widget elementor-widget-heading\" data-id=\"6309860e\" data-element_type=\"widget\" data-e-type=\"widget\" data-widget_type=\"heading.default\">\n\t\t\t\t<div class=\"elementor-widget-container\">\n\t\t\t\t\t<h2 class=\"elementor-heading-title elementor-size-default\">Nuestra selecci\u00f3n de casas de alquiler vacacional en Calheta<\/h2>\t\t\t\t<\/div>\n\t\t\t\t<\/div>\n\t\t\t\t<div class=\"elementor-element elementor-element-67b15328 elementor-widget elementor-widget-grid\" data-id=\"67b15328\" data-element_type=\"widget\" data-e-type=\"widget\" data-widget_type=\"grid.default\">\n\t\t\t\t<div class=\"elementor-widget-container\">\n\t\t\t\t\t\t\t<div class=\"its--row alojamientos-recomendados\">\n\n\t\t\t<div class=\"alojamientos-recomendados-container\">\n\n\t\t\t\t\t\n\t\t\t\t\t<a href=\"https:\/\/www.atlanticholidayrentals.com\/es\/alquiler\/casa-calheta-atlantic-lookout-513552.html\" rel=\"nofollow\" style=\"width: 32%;\">\n\t\t\t\t\t\t<div class=\"apartamento-box\">\n\t\t\t\t\t\t\t<div class=\"imagen_recomendados\">\n\t\t\t\t\t\t\t\t<img decoding=\"async\" src=\"https:\/\/crs.avantio.com\/fotos\/3\/173920779312e6eae951d7a70139569e34ce277154\/big174973642768bcaf207c6616e83eb76f4c8e1dc960.jpg\" alt=\"Atlantic Lookout by Atlantic Holiday\">\n\t\t\t\t\t\t\t<\/div>\n\t\t\t\t\t\t\t<div class=\"info\">\n\t\t\t\t\t\t\t\t<div class=\"ubicacion\">\n\t\t\t\t\t\t\t\t\t<i class=\"fa-solid fa-location-dot icono-mapa\"><\/i><span class=\"ubicacion-texto\">Calheta - Ilha da Madeira<\/span>\n\t\t\t\t\t\t\t\t<\/div>\n\t\t\t\t\t\t\t\t<H3 class=\"titulo-alojamiento\">\n\t\t\t\t\t\t\t\t\tAtlantic Lookout by Atlantic Holiday\t\t\t\t\t\t\t\t<\/H3>\n\t\t\t\t\t\t\t\t<p class=\"precio-alojamiento\">Desde <span class=\"precio\">80.00\u20ac<\/span> por noche<\/p>\n\t\t\t\t\t\t\t<\/div>\n\t\t\t\t\t\t<\/div>\n\t\t\t\t\t<\/a> \n\t\t\t\t\t\t\n\t\t\t\t\t<a href=\"https:\/\/www.atlanticholidayrentals.com\/es\/alquiler\/villa-calheta-villa-primavera-517840.html\" rel=\"nofollow\" style=\"width: 32%;\">\n\t\t\t\t\t\t<div class=\"apartamento-box\">\n\t\t\t\t\t\t\t<div class=\"imagen_recomendados\">\n\t\t\t\t\t\t\t\t<img decoding=\"async\" src=\"https:\/\/crs.avantio.com\/fotos\/3\/1742470117f80c4a35972ee4eeb6eb528f8186c20a\/big1742470247980e40b96d6e50e6a992c9815ced188e.jpg\" alt=\"Villa Primavera by Atlantic Holiday\">\n\t\t\t\t\t\t\t<\/div>\n\t\t\t\t\t\t\t<div class=\"info\">\n\t\t\t\t\t\t\t\t<div class=\"ubicacion\">\n\t\t\t\t\t\t\t\t\t<i class=\"fa-solid fa-location-dot icono-mapa\"><\/i><span class=\"ubicacion-texto\">Calheta - Ilha da Madeira<\/span>\n\t\t\t\t\t\t\t\t<\/div>\n\t\t\t\t\t\t\t\t<H3 class=\"titulo-alojamiento\">\n\t\t\t\t\t\t\t\t\tVilla Primavera by Atlantic Holiday\t\t\t\t\t\t\t\t<\/H3>\n\t\t\t\t\t\t\t\t<p class=\"precio-alojamiento\">Desde <span class=\"precio\">223.00\u20ac<\/span> por noche<\/p>\n\t\t\t\t\t\t\t<\/div>\n\t\t\t\t\t\t<\/div>\n\t\t\t\t\t<\/a> \n\t\t\t\t\t\t\n\t\t\t\t\t<a href=\"https:\/\/www.atlanticholidayrentals.com\/es\/alquiler\/villa-calheta-villa-alegria-529719.html\" rel=\"nofollow\" style=\"width: 32%;\">\n\t\t\t\t\t\t<div class=\"apartamento-box\">\n\t\t\t\t\t\t\t<div class=\"imagen_recomendados\">\n\t\t\t\t\t\t\t\t<img decoding=\"async\" src=\"https:\/\/crs.avantio.com\/fotos\/3\/1752508658b13c2fcf2ef92c6d2d1c5b869d523755\/big1753719685ba7768ce66d84e85d2d9e38626254d29.jpg\" alt=\"Villa Alegria by Atlantic Holiday\">\n\t\t\t\t\t\t\t<\/div>\n\t\t\t\t\t\t\t<div class=\"info\">\n\t\t\t\t\t\t\t\t<div class=\"ubicacion\">\n\t\t\t\t\t\t\t\t\t<i class=\"fa-solid fa-location-dot icono-mapa\"><\/i><span class=\"ubicacion-texto\">Calheta - Ilha da Madeira<\/span>\n\t\t\t\t\t\t\t\t<\/div>\n\t\t\t\t\t\t\t\t<H3 class=\"titulo-alojamiento\">\n\t\t\t\t\t\t\t\t\tVilla Alegria by Atlantic Holiday\t\t\t\t\t\t\t\t<\/H3>\n\t\t\t\t\t\t\t\t<p class=\"precio-alojamiento\">Desde <span class=\"precio\">195.00\u20ac<\/span> por noche<\/p>\n\t\t\t\t\t\t\t<\/div>\n\t\t\t\t\t\t<\/div>\n\t\t\t\t\t<\/a> \n\t\t\t\t\t\t\n\t\t\t\t\t<a href=\"https:\/\/www.atlanticholidayrentals.com\/es\/alquiler\/apartamento-calheta-porlamar-apartment-533873.html\" rel=\"nofollow\" style=\"width: 32%;\">\n\t\t\t\t\t\t<div class=\"apartamento-box\">\n\t\t\t\t\t\t\t<div class=\"imagen_recomendados\">\n\t\t\t\t\t\t\t\t<img decoding=\"async\" src=\"https:\/\/crs.avantio.com\/fotos\/3\/17448131071126cc9334baed653aa05e0de63d01ad\/big1744813117310d6f4504090107ab70ec2b1b1a669d.jpg\" alt=\"Porlamar Apartment by Atlantic Holiday\">\n\t\t\t\t\t\t\t<\/div>\n\t\t\t\t\t\t\t<div class=\"info\">\n\t\t\t\t\t\t\t\t<div class=\"ubicacion\">\n\t\t\t\t\t\t\t\t\t<i class=\"fa-solid fa-location-dot icono-mapa\"><\/i><span class=\"ubicacion-texto\">Calheta - Ilha da Madeira<\/span>\n\t\t\t\t\t\t\t\t<\/div>\n\t\t\t\t\t\t\t\t<H3 class=\"titulo-alojamiento\">\n\t\t\t\t\t\t\t\t\tPorlamar Apartment by Atlantic Holiday\t\t\t\t\t\t\t\t<\/H3>\n\t\t\t\t\t\t\t\t<p class=\"precio-alojamiento\">Desde <span class=\"precio\">60.00\u20ac<\/span> por noche<\/p>\n\t\t\t\t\t\t\t<\/div>\n\t\t\t\t\t\t<\/div>\n\t\t\t\t\t<\/a> \n\t\t\t\t\t\t\n\t\t\t\t\t<a href=\"https:\/\/www.atlanticholidayrentals.com\/es\/alquiler\/apartamento-calheta-starfish-apartment-709159.html\" rel=\"nofollow\" style=\"width: 32%;\">\n\t\t\t\t\t\t<div class=\"apartamento-box\">\n\t\t\t\t\t\t\t<div class=\"imagen_recomendados\">\n\t\t\t\t\t\t\t\t<img decoding=\"async\" src=\"https:\/\/crs.avantio.com\/fotos\/3\/17734226325904e80cb02433d057ea3043fc0585f6\/big1773765008baf4c432c46889d13788608d0a83acc6.jpg\" alt=\"StarFish Apartment by Atlantic Holiday\">\n\t\t\t\t\t\t\t<\/div>\n\t\t\t\t\t\t\t<div class=\"info\">\n\t\t\t\t\t\t\t\t<div class=\"ubicacion\">\n\t\t\t\t\t\t\t\t\t<i class=\"fa-solid fa-location-dot icono-mapa\"><\/i><span class=\"ubicacion-texto\">Calheta - Ilha da Madeira<\/span>\n\t\t\t\t\t\t\t\t<\/div>\n\t\t\t\t\t\t\t\t<H3 class=\"titulo-alojamiento\">\n\t\t\t\t\t\t\t\t\tStarFish Apartment by Atlantic Holiday\t\t\t\t\t\t\t\t<\/H3>\n\t\t\t\t\t\t\t\t<p class=\"precio-alojamiento\">Desde <span class=\"precio\">69.00\u20ac<\/span> por noche<\/p>\n\t\t\t\t\t\t\t<\/div>\n\t\t\t\t\t\t<\/div>\n\t\t\t\t\t<\/a> \n\t\t\t\t\t\t\t\t<\/div>\n\t\t\t<\/div>\n\t\t\t\t\t\t<\/div>\n\t\t\t\t<\/div>\n\t\t\t\t\t<\/div>\n\t\t\t\t<\/div>\n\t\t<div class=\"elementor-element elementor-element-41afb5fe e-flex e-con-boxed e-con e-parent\" data-id=\"41afb5fe\" data-element_type=\"container\" data-e-type=\"container\" data-settings=\"{&quot;background_background&quot;:&quot;classic&quot;}\">\n\t\t\t\t\t<div class=\"e-con-inner\">\n\t\t<div class=\"elementor-element elementor-element-36c58ac5 e-con-full e-flex e-con e-child\" data-id=\"36c58ac5\" data-element_type=\"container\" data-e-type=\"container\">\n\t\t\t\t<div class=\"elementor-element elementor-element-2f202abe elementor-widget elementor-widget-heading\" data-id=\"2f202abe\" data-element_type=\"widget\" data-e-type=\"widget\" data-widget_type=\"heading.default\">\n\t\t\t\t<div class=\"elementor-widget-container\">\n\t\t\t\t\t<h2 class=\"elementor-heading-title elementor-size-default\">Casas de alquiler vacacional en Calheta para tu escapada a Madeira<\/h2>\t\t\t\t<\/div>\n\t\t\t\t<\/div>\n\t\t\t\t<div class=\"elementor-element elementor-element-7679a724 elementor-widget elementor-widget-text-editor\" data-id=\"7679a724\" data-element_type=\"widget\" data-e-type=\"widget\" data-widget_type=\"text-editor.default\">\n\t\t\t\t<div class=\"elementor-widget-container\">\n\t\t\t\t\t\t\t\t\t<p>Elegir <b>casas de alquiler vacacional en Calheta<\/b> con Atlantic Holiday Rentals te permite vivir Madeira con comodidad, privacidad y estilo. Nuestras propiedades, cuidadosamente seleccionadas, est\u00e1n pensadas para viajeros premium y familias que buscan un alojamiento amplio, con piscinas privadas, jardines ajardinados y generosas zonas de estar. <\/p><p>Nuestra cartera de casas de alquiler vacacional en Calheta est\u00e1 idealmente ubicada para combinar tranquilidad con un f\u00e1cil acceso a atracciones locales, playas y miradores panor\u00e1micos. <br><br>Desde disfrutar de <strong>d\u00edas soleados junto a la piscina<\/strong> hasta compartir comidas en espacios abiertos del jard\u00edn, cada momento mejora tu experiencia de vacaciones.<\/p><p>Reservar casas de alquiler vacacional en Calheta con Atlantic Holiday Rentals significa disfrutar de una estancia a medida, con atenci\u00f3n al detalle y al confort. Nuestras casas son <strong>perfectas para familias y grupos que buscan espacio<\/strong>, privacidad y una experiencia vacacional premium en una de las ubicaciones m\u00e1s deseadas de Madeira. <\/p>\t\t\t\t\t\t\t\t<\/div>\n\t\t\t\t<\/div>\n\t\t\t\t<\/div>\n\t\t<div class=\"elementor-element elementor-element-726848e6 e-con-full e-flex e-con e-child\" data-id=\"726848e6\" data-element_type=\"container\" data-e-type=\"container\">\n\t\t\t\t<div class=\"elementor-element elementor-element-1922ea4c elementor-widget elementor-widget-image\" data-id=\"1922ea4c\" data-element_type=\"widget\" data-e-type=\"widget\" data-widget_type=\"image.default\">\n\t\t\t\t<div class=\"elementor-widget-container\">\n\t\t\t\t\t\t\t\t\t\t\t\t\t\t\t<img fetchpriority=\"high\" decoding=\"async\" width=\"600\" height=\"600\" src=\"https:\/\/www.atlanticholidayrentals.com\/blog\/wp-content\/uploads\/2026\/04\/calheta-holiday-houses-madeira.webp\" class=\"attachment-large size-large wp-image-6065\" alt=\"casas de alquiler vacacional en Calheta Madeira\" srcset=\"https:\/\/www.atlanticholidayrentals.com\/blog\/wp-content\/uploads\/2026\/04\/calheta-holiday-houses-madeira.webp 600w, https:\/\/www.atlanticholidayrentals.com\/blog\/wp-content\/uploads\/2026\/04\/calheta-holiday-houses-madeira-300x300.webp 300w, https:\/\/www.atlanticholidayrentals.com\/blog\/wp-content\/uploads\/2026\/04\/calheta-holiday-houses-madeira-150x150.webp 150w\" sizes=\"(max-width: 600px) 100vw, 600px\" \/>\t\t\t\t\t\t\t\t\t\t\t\t\t\t\t<\/div>\n\t\t\t\t<\/div>\n\t\t\t\t<div class=\"elementor-element elementor-element-1b887efe elementor-widget elementor-widget-image\" data-id=\"1b887efe\" data-element_type=\"widget\" data-e-type=\"widget\" data-widget_type=\"image.default\">\n\t\t\t\t<div class=\"elementor-widget-container\">\n\t\t\t\t\t\t\t\t\t\t\t\t\t\t\t<img decoding=\"async\" width=\"600\" height=\"600\" src=\"https:\/\/www.atlanticholidayrentals.com\/blog\/wp-content\/uploads\/2026\/04\/calheta-landscape.webp\" class=\"attachment-large size-large wp-image-6066\" alt=\"calheta\" srcset=\"https:\/\/www.atlanticholidayrentals.com\/blog\/wp-content\/uploads\/2026\/04\/calheta-landscape.webp 600w, https:\/\/www.atlanticholidayrentals.com\/blog\/wp-content\/uploads\/2026\/04\/calheta-landscape-300x300.webp 300w, https:\/\/www.atlanticholidayrentals.com\/blog\/wp-content\/uploads\/2026\/04\/calheta-landscape-150x150.webp 150w\" sizes=\"(max-width: 600px) 100vw, 600px\" \/>\t\t\t\t\t\t\t\t\t\t\t\t\t\t\t<\/div>\n\t\t\t\t<\/div>\n\t\t\t\t<\/div>\n\t\t\t\t\t<\/div>\n\t\t\t\t<\/div>\n\t\t<div class=\"elementor-element elementor-element-59fabdc e-flex e-con-boxed e-con e-parent\" data-id=\"59fabdc\" data-element_type=\"container\" data-e-type=\"container\">\n\t\t\t\t\t<div class=\"e-con-inner\">\n\t\t\t\t<div class=\"elementor-element elementor-element-73aeca8d elementor-widget elementor-widget-heading\" data-id=\"73aeca8d\" data-element_type=\"widget\" data-e-type=\"widget\" data-widget_type=\"heading.default\">\n\t\t\t\t<div class=\"elementor-widget-container\">\n\t\t\t\t\t<h2 class=\"elementor-heading-title elementor-size-default\">Alojamientos con vistas al mar cerca de Calheta<\/h2>\t\t\t\t<\/div>\n\t\t\t\t<\/div>\n\t\t\t\t<div class=\"elementor-element elementor-element-635a787e elementor-widget elementor-widget-grid\" data-id=\"635a787e\" data-element_type=\"widget\" data-e-type=\"widget\" data-widget_type=\"grid.default\">\n\t\t\t\t<div class=\"elementor-widget-container\">\n\t\t\t\t\t\t\t<div class=\"its--row alojamientos-recomendados\">\n\n\t\t\t<div class=\"alojamientos-recomendados-container\">\n\n\t\t\t\t\t\n\t\t\t\t\t<a href=\"https:\/\/www.atlanticholidayrentals.com\/es\/alquiler\/apartamento-gaula-belle-vue-residence-378367.html\" rel=\"nofollow\" style=\"width: 23%;\">\n\t\t\t\t\t\t<div class=\"apartamento-box\">\n\t\t\t\t\t\t\t<div class=\"imagen_recomendados\">\n\t\t\t\t\t\t\t\t<img decoding=\"async\" src=\"https:\/\/crs.avantio.com\/fotos\/2\/16439118110a3dde09b01647926c49f38a880ab371\/big1760439336f17a4938c47c95525da5bdbc69def639.jpg\" alt=\"Belle Vue R\u00e9sidence by Atlantic Holiday\">\n\t\t\t\t\t\t\t<\/div>\n\t\t\t\t\t\t\t<div class=\"info\">\n\t\t\t\t\t\t\t\t<div class=\"ubicacion\">\n\t\t\t\t\t\t\t\t\t<i class=\"fa-solid fa-location-dot icono-mapa\"><\/i><span class=\"ubicacion-texto\">Gaula - Ilha da Madeira<\/span>\n\t\t\t\t\t\t\t\t<\/div>\n\t\t\t\t\t\t\t\t<H3 class=\"titulo-alojamiento\">\n\t\t\t\t\t\t\t\t\tBelle Vue R\u00e9sidence by Atlantic Holiday\t\t\t\t\t\t\t\t<\/H3>\n\t\t\t\t\t\t\t\t<p class=\"precio-alojamiento\">Desde <span class=\"precio\">115.00\u20ac<\/span> por noche<\/p>\n\t\t\t\t\t\t\t<\/div>\n\t\t\t\t\t\t<\/div>\n\t\t\t\t\t<\/a> \n\t\t\t\t\t\t\n\t\t\t\t\t<a href=\"https:\/\/www.atlanticholidayrentals.com\/es\/alquiler\/apartamento-funchal-banana-lodge-379026.html\" rel=\"nofollow\" style=\"width: 23%;\">\n\t\t\t\t\t\t<div class=\"apartamento-box\">\n\t\t\t\t\t\t\t<div class=\"imagen_recomendados\">\n\t\t\t\t\t\t\t\t<img decoding=\"async\" src=\"https:\/\/crs.avantio.com\/fotos\/2\/16444080983ae05b8522345da5c2cf8e65e13acfba\/big1672944402c643b4eb912fc272dfddd4467f763d42.jpg\" alt=\"Banana Lodge by Atlantic Holiday\">\n\t\t\t\t\t\t\t<\/div>\n\t\t\t\t\t\t\t<div class=\"info\">\n\t\t\t\t\t\t\t\t<div class=\"ubicacion\">\n\t\t\t\t\t\t\t\t\t<i class=\"fa-solid fa-location-dot icono-mapa\"><\/i><span class=\"ubicacion-texto\">Funchal - Ilha da Madeira<\/span>\n\t\t\t\t\t\t\t\t<\/div>\n\t\t\t\t\t\t\t\t<H3 class=\"titulo-alojamiento\">\n\t\t\t\t\t\t\t\t\tBanana Lodge by Atlantic Holiday\t\t\t\t\t\t\t\t<\/H3>\n\t\t\t\t\t\t\t\t<p class=\"precio-alojamiento\">Desde <span class=\"precio\">100.00\u20ac<\/span> por noche<\/p>\n\t\t\t\t\t\t\t<\/div>\n\t\t\t\t\t\t<\/div>\n\t\t\t\t\t<\/a> \n\t\t\t\t\t\t\n\t\t\t\t\t<a href=\"https:\/\/www.atlanticholidayrentals.com\/es\/alquiler\/apartamento-canico-savana-apartment-379129.html\" rel=\"nofollow\" style=\"width: 23%;\">\n\t\t\t\t\t\t<div class=\"apartamento-box\">\n\t\t\t\t\t\t\t<div class=\"imagen_recomendados\">\n\t\t\t\t\t\t\t\t<img decoding=\"async\" src=\"https:\/\/crs.avantio.com\/fotos\/2\/1644413089052b4b20c147797280036725630e03ea\/big16444130900add9346d245f3554c7c611220d5de2e.jpg\" alt=\"Savana Apartment by Atlantic Holiday\">\n\t\t\t\t\t\t\t<\/div>\n\t\t\t\t\t\t\t<div class=\"info\">\n\t\t\t\t\t\t\t\t<div class=\"ubicacion\">\n\t\t\t\t\t\t\t\t\t<i class=\"fa-solid fa-location-dot icono-mapa\"><\/i><span class=\"ubicacion-texto\">Cani\u00e7o - Ilha da Madeira<\/span>\n\t\t\t\t\t\t\t\t<\/div>\n\t\t\t\t\t\t\t\t<H3 class=\"titulo-alojamiento\">\n\t\t\t\t\t\t\t\t\tSavana Apartment by Atlantic Holiday\t\t\t\t\t\t\t\t<\/H3>\n\t\t\t\t\t\t\t\t<p class=\"precio-alojamiento\">Desde <span class=\"precio\">57.00\u20ac<\/span> por noche<\/p>\n\t\t\t\t\t\t\t<\/div>\n\t\t\t\t\t\t<\/div>\n\t\t\t\t\t<\/a> \n\t\t\t\t\t\t\n\t\t\t\t\t<a href=\"https:\/\/www.atlanticholidayrentals.com\/es\/alquiler\/apartamento-canico-sea-view-379213.html\" rel=\"nofollow\" style=\"width: 23%;\">\n\t\t\t\t\t\t<div class=\"apartamento-box\">\n\t\t\t\t\t\t\t<div class=\"imagen_recomendados\">\n\t\t\t\t\t\t\t\t<img decoding=\"async\" src=\"https:\/\/crs.avantio.com\/fotos\/2\/164441379833be3e642971f3e72d9bca30d6fa3d9d\/big1644413800e6f570e76a27258044755ac3840c7bd2.jpg\" alt=\"Sea View by Atlantic Holiday\">\n\t\t\t\t\t\t\t<\/div>\n\t\t\t\t\t\t\t<div class=\"info\">\n\t\t\t\t\t\t\t\t<div class=\"ubicacion\">\n\t\t\t\t\t\t\t\t\t<i class=\"fa-solid fa-location-dot icono-mapa\"><\/i><span class=\"ubicacion-texto\">Cani\u00e7o - Ilha da Madeira<\/span>\n\t\t\t\t\t\t\t\t<\/div>\n\t\t\t\t\t\t\t\t<H3 class=\"titulo-alojamiento\">\n\t\t\t\t\t\t\t\t\tSea View by Atlantic Holiday\t\t\t\t\t\t\t\t<\/H3>\n\t\t\t\t\t\t\t\t<p class=\"precio-alojamiento\">Desde <span class=\"precio\">54.00\u20ac<\/span> por noche<\/p>\n\t\t\t\t\t\t\t<\/div>\n\t\t\t\t\t\t<\/div>\n\t\t\t\t\t<\/a> \n\t\t\t\t\t\t\t\t<\/div>\n\t\t\t<\/div>\n\t\t\t\t\t\t<\/div>\n\t\t\t\t<\/div>\n\t\t\t\t\t<\/div>\n\t\t\t\t<\/div>\n\t\t<div class=\"elementor-element elementor-element-29afe904 e-flex e-con-boxed e-con e-parent\" data-id=\"29afe904\" data-element_type=\"container\" data-e-type=\"container\">\n\t\t\t\t\t<div class=\"e-con-inner\">\n\t\t\t\t<div class=\"elementor-element elementor-element-77b04c72 elementor-widget elementor-widget-heading\" data-id=\"77b04c72\" data-element_type=\"widget\" data-e-type=\"widget\" data-widget_type=\"heading.default\">\n\t\t\t\t<div class=\"elementor-widget-container\">\n\t\t\t\t\t<h2 class=\"elementor-heading-title elementor-size-default\">Alojamientos con piscina cerca de Calheta<\/h2>\t\t\t\t<\/div>\n\t\t\t\t<\/div>\n\t\t\t\t<div class=\"elementor-element elementor-element-ea9b00a elementor-widget elementor-widget-grid\" data-id=\"ea9b00a\" data-element_type=\"widget\" data-e-type=\"widget\" data-widget_type=\"grid.default\">\n\t\t\t\t<div class=\"elementor-widget-container\">\n\t\t\t\t\t\t\t<div class=\"its--row alojamientos-recomendados\">\n\n\t\t\t<div class=\"alojamientos-recomendados-container\">\n\n\t\t\t\t\t\n\t\t\t\t\t<a href=\"https:\/\/www.atlanticholidayrentals.com\/es\/alquiler\/villa-estreito-calheta-villa-de-la-ponte-383781.html\" rel=\"nofollow\" style=\"width: 23%;\">\n\t\t\t\t\t\t<div class=\"apartamento-box\">\n\t\t\t\t\t\t\t<div class=\"imagen_recomendados\">\n\t\t\t\t\t\t\t\t<img decoding=\"async\" src=\"https:\/\/crs.avantio.com\/fotos\/2\/164795331146283ae6e4074994c60d1a5cb87e4dfb\/big167941330031db8d9c0a359622176e5fa8ee7cc8e5.jpg\" alt=\"Villa de la Ponte by Atlantic Holiday\">\n\t\t\t\t\t\t\t<\/div>\n\t\t\t\t\t\t\t<div class=\"info\">\n\t\t\t\t\t\t\t\t<div class=\"ubicacion\">\n\t\t\t\t\t\t\t\t\t<i class=\"fa-solid fa-location-dot icono-mapa\"><\/i><span class=\"ubicacion-texto\">Estreito Calheta - Ilha da Madeira<\/span>\n\t\t\t\t\t\t\t\t<\/div>\n\t\t\t\t\t\t\t\t<H3 class=\"titulo-alojamiento\">\n\t\t\t\t\t\t\t\t\tVilla de la Ponte by Atlantic Holiday\t\t\t\t\t\t\t\t<\/H3>\n\t\t\t\t\t\t\t\t<p class=\"precio-alojamiento\">Desde <span class=\"precio\">256.00\u20ac<\/span> por noche<\/p>\n\t\t\t\t\t\t\t<\/div>\n\t\t\t\t\t\t<\/div>\n\t\t\t\t\t<\/a> \n\t\t\t\t\t\t\n\t\t\t\t\t<a href=\"https:\/\/www.atlanticholidayrentals.com\/es\/alquiler\/apartamento-funchal-terrace-apartment-386814.html\" rel=\"nofollow\" style=\"width: 23%;\">\n\t\t\t\t\t\t<div class=\"apartamento-box\">\n\t\t\t\t\t\t\t<div class=\"imagen_recomendados\">\n\t\t\t\t\t\t\t\t<img decoding=\"async\" src=\"https:\/\/crs.avantio.com\/fotos\/2\/1650295103c6c793f9c7ef4868374359580ab69e32\/big17639799558e370b545d604d241db4ea507507c403.jpg\" alt=\"Terrace Apartment by Atlantic Holiday\">\n\t\t\t\t\t\t\t<\/div>\n\t\t\t\t\t\t\t<div class=\"info\">\n\t\t\t\t\t\t\t\t<div class=\"ubicacion\">\n\t\t\t\t\t\t\t\t\t<i class=\"fa-solid fa-location-dot icono-mapa\"><\/i><span class=\"ubicacion-texto\">Funchal - Ilha da Madeira<\/span>\n\t\t\t\t\t\t\t\t<\/div>\n\t\t\t\t\t\t\t\t<H3 class=\"titulo-alojamiento\">\n\t\t\t\t\t\t\t\t\tTerrace Apartment by Atlantic Holiday\t\t\t\t\t\t\t\t<\/H3>\n\t\t\t\t\t\t\t\t<p class=\"precio-alojamiento\">Desde <span class=\"precio\">75.00\u20ac<\/span> por noche<\/p>\n\t\t\t\t\t\t\t<\/div>\n\t\t\t\t\t\t<\/div>\n\t\t\t\t\t<\/a> \n\t\t\t\t\t\t\n\t\t\t\t\t<a href=\"https:\/\/www.atlanticholidayrentals.com\/es\/alquiler\/villa-ribeira-brava-villa-ocean-haven-402035.html\" rel=\"nofollow\" style=\"width: 23%;\">\n\t\t\t\t\t\t<div class=\"apartamento-box\">\n\t\t\t\t\t\t\t<div class=\"imagen_recomendados\">\n\t\t\t\t\t\t\t\t<img decoding=\"async\" src=\"https:\/\/crs.avantio.com\/fotos\/2\/166307210658ff47228a0975da0993bf5cd7150ebd\/big16789971756d0822b0ebae19d2e0d9560729dcd140.jpg\" alt=\"Villa Ocean Haven by Atlantic Holiday\">\n\t\t\t\t\t\t\t<\/div>\n\t\t\t\t\t\t\t<div class=\"info\">\n\t\t\t\t\t\t\t\t<div class=\"ubicacion\">\n\t\t\t\t\t\t\t\t\t<i class=\"fa-solid fa-location-dot icono-mapa\"><\/i><span class=\"ubicacion-texto\">Ribeira Brava - Ilha da Madeira<\/span>\n\t\t\t\t\t\t\t\t<\/div>\n\t\t\t\t\t\t\t\t<H3 class=\"titulo-alojamiento\">\n\t\t\t\t\t\t\t\t\tVilla Ocean Haven by Atlantic Holiday\t\t\t\t\t\t\t\t<\/H3>\n\t\t\t\t\t\t\t\t<p class=\"precio-alojamiento\">Desde <span class=\"precio\">198.00\u20ac<\/span> por noche<\/p>\n\t\t\t\t\t\t\t<\/div>\n\t\t\t\t\t\t<\/div>\n\t\t\t\t\t<\/a> \n\t\t\t\t\t\t\n\t\t\t\t\t<a href=\"https:\/\/www.atlanticholidayrentals.com\/es\/alquiler\/apartamento-funchal-monumental-ocean-view-412999.html\" rel=\"nofollow\" style=\"width: 23%;\">\n\t\t\t\t\t\t<div class=\"apartamento-box\">\n\t\t\t\t\t\t\t<div class=\"imagen_recomendados\">\n\t\t\t\t\t\t\t\t<img decoding=\"async\" src=\"https:\/\/crs.avantio.com\/fotos\/2\/1671792342a9abfeabbecc60cfb4072896fb1b815c\/big1723368710f8c8bf796723a9c82c753aa9ab88e4af.jpg\" alt=\"Monumental Ocean View by Atlantic Holiday\">\n\t\t\t\t\t\t\t<\/div>\n\t\t\t\t\t\t\t<div class=\"info\">\n\t\t\t\t\t\t\t\t<div class=\"ubicacion\">\n\t\t\t\t\t\t\t\t\t<i class=\"fa-solid fa-location-dot icono-mapa\"><\/i><span class=\"ubicacion-texto\">Funchal - Ilha da Madeira<\/span>\n\t\t\t\t\t\t\t\t<\/div>\n\t\t\t\t\t\t\t\t<H3 class=\"titulo-alojamiento\">\n\t\t\t\t\t\t\t\t\tMonumental Ocean View by Atlantic Holiday\t\t\t\t\t\t\t\t<\/H3>\n\t\t\t\t\t\t\t\t<p class=\"precio-alojamiento\">Desde <span class=\"precio\">126.00\u20ac<\/span> por noche<\/p>\n\t\t\t\t\t\t\t<\/div>\n\t\t\t\t\t\t<\/div>\n\t\t\t\t\t<\/a> \n\t\t\t\t\t\t\t\t<\/div>\n\t\t\t<\/div>\n\t\t\t\t\t\t<\/div>\n\t\t\t\t<\/div>\n\t\t\t\t\t<\/div>\n\t\t\t\t<\/div>\n\t\t<div class=\"elementor-element elementor-element-4403ae66 e-flex e-con-boxed e-con e-parent\" data-id=\"4403ae66\" data-element_type=\"container\" data-e-type=\"container\">\n\t\t\t\t\t<div class=\"e-con-inner\">\n\t\t\t\t<div class=\"elementor-element elementor-element-1c41000d elementor-widget elementor-widget-heading\" data-id=\"1c41000d\" data-element_type=\"widget\" data-e-type=\"widget\" data-widget_type=\"heading.default\">\n\t\t\t\t<div class=\"elementor-widget-container\">\n\t\t\t\t\t<h2 class=\"elementor-heading-title elementor-size-default\">Alojamientos para familias cerca de Calheta<\/h2>\t\t\t\t<\/div>\n\t\t\t\t<\/div>\n\t\t\t\t<div class=\"elementor-element elementor-element-27c2a91 elementor-widget elementor-widget-grid\" data-id=\"27c2a91\" data-element_type=\"widget\" data-e-type=\"widget\" data-widget_type=\"grid.default\">\n\t\t\t\t<div class=\"elementor-widget-container\">\n\t\t\t\t\t\t\t<div class=\"its--row alojamientos-recomendados\">\n\n\t\t\t<div class=\"alojamientos-recomendados-container\">\n\n\t\t\t\t\t\n\t\t\t\t\t<a href=\"https:\/\/www.atlanticholidayrentals.com\/es\/alquiler\/apartamento-funchal-banana-lodge-379026.html\" rel=\"nofollow\" style=\"width: 23%;\">\n\t\t\t\t\t\t<div class=\"apartamento-box\">\n\t\t\t\t\t\t\t<div class=\"imagen_recomendados\">\n\t\t\t\t\t\t\t\t<img decoding=\"async\" src=\"https:\/\/crs.avantio.com\/fotos\/2\/16444080983ae05b8522345da5c2cf8e65e13acfba\/big1672944402c643b4eb912fc272dfddd4467f763d42.jpg\" alt=\"Banana Lodge by Atlantic Holiday\">\n\t\t\t\t\t\t\t<\/div>\n\t\t\t\t\t\t\t<div class=\"info\">\n\t\t\t\t\t\t\t\t<div class=\"ubicacion\">\n\t\t\t\t\t\t\t\t\t<i class=\"fa-solid fa-location-dot icono-mapa\"><\/i><span class=\"ubicacion-texto\">Funchal - Ilha da Madeira<\/span>\n\t\t\t\t\t\t\t\t<\/div>\n\t\t\t\t\t\t\t\t<H3 class=\"titulo-alojamiento\">\n\t\t\t\t\t\t\t\t\tBanana Lodge by Atlantic Holiday\t\t\t\t\t\t\t\t<\/H3>\n\t\t\t\t\t\t\t\t<p class=\"precio-alojamiento\">Desde <span class=\"precio\">100.00\u20ac<\/span> por noche<\/p>\n\t\t\t\t\t\t\t<\/div>\n\t\t\t\t\t\t<\/div>\n\t\t\t\t\t<\/a> \n\t\t\t\t\t\t\n\t\t\t\t\t<a href=\"https:\/\/www.atlanticholidayrentals.com\/es\/alquiler\/apartamento-funchal-elena-apartment-379078.html\" rel=\"nofollow\" style=\"width: 23%;\">\n\t\t\t\t\t\t<div class=\"apartamento-box\">\n\t\t\t\t\t\t\t<div class=\"imagen_recomendados\">\n\t\t\t\t\t\t\t\t<img decoding=\"async\" src=\"https:\/\/crs.avantio.com\/fotos\/2\/1644409436cc7e7d5e9d11cf86d7ec3734cd54fd26\/big1731497837157828092993fdf9c07bc972d16e1edb.jpg\" alt=\"Elena Apartment by Atlantic Holiday\">\n\t\t\t\t\t\t\t<\/div>\n\t\t\t\t\t\t\t<div class=\"info\">\n\t\t\t\t\t\t\t\t<div class=\"ubicacion\">\n\t\t\t\t\t\t\t\t\t<i class=\"fa-solid fa-location-dot icono-mapa\"><\/i><span class=\"ubicacion-texto\">Funchal - Ilha da Madeira<\/span>\n\t\t\t\t\t\t\t\t<\/div>\n\t\t\t\t\t\t\t\t<H3 class=\"titulo-alojamiento\">\n\t\t\t\t\t\t\t\t\tElena Apartment by Atlantic Holiday\t\t\t\t\t\t\t\t<\/H3>\n\t\t\t\t\t\t\t\t<p class=\"precio-alojamiento\">Desde <span class=\"precio\">112.00\u20ac<\/span> por noche<\/p>\n\t\t\t\t\t\t\t<\/div>\n\t\t\t\t\t\t<\/div>\n\t\t\t\t\t<\/a> \n\t\t\t\t\t\t\n\t\t\t\t\t<a href=\"https:\/\/www.atlanticholidayrentals.com\/es\/alquiler\/apartamento-canico-savana-apartment-379129.html\" rel=\"nofollow\" style=\"width: 23%;\">\n\t\t\t\t\t\t<div class=\"apartamento-box\">\n\t\t\t\t\t\t\t<div class=\"imagen_recomendados\">\n\t\t\t\t\t\t\t\t<img decoding=\"async\" src=\"https:\/\/crs.avantio.com\/fotos\/2\/1644413089052b4b20c147797280036725630e03ea\/big16444130900add9346d245f3554c7c611220d5de2e.jpg\" alt=\"Savana Apartment by Atlantic Holiday\">\n\t\t\t\t\t\t\t<\/div>\n\t\t\t\t\t\t\t<div class=\"info\">\n\t\t\t\t\t\t\t\t<div class=\"ubicacion\">\n\t\t\t\t\t\t\t\t\t<i class=\"fa-solid fa-location-dot icono-mapa\"><\/i><span class=\"ubicacion-texto\">Cani\u00e7o - Ilha da Madeira<\/span>\n\t\t\t\t\t\t\t\t<\/div>\n\t\t\t\t\t\t\t\t<H3 class=\"titulo-alojamiento\">\n\t\t\t\t\t\t\t\t\tSavana Apartment by Atlantic Holiday\t\t\t\t\t\t\t\t<\/H3>\n\t\t\t\t\t\t\t\t<p class=\"precio-alojamiento\">Desde <span class=\"precio\">57.00\u20ac<\/span> por noche<\/p>\n\t\t\t\t\t\t\t<\/div>\n\t\t\t\t\t\t<\/div>\n\t\t\t\t\t<\/a> \n\t\t\t\t\t\t\n\t\t\t\t\t<a href=\"https:\/\/www.atlanticholidayrentals.com\/es\/alquiler\/apartamento-machico-rose-house-379215.html\" rel=\"nofollow\" style=\"width: 23%;\">\n\t\t\t\t\t\t<div class=\"apartamento-box\">\n\t\t\t\t\t\t\t<div class=\"imagen_recomendados\">\n\t\t\t\t\t\t\t\t<img decoding=\"async\" src=\"https:\/\/crs.avantio.com\/fotos\/2\/164442615024272eb91fcd6c189016cd95f38d82fa\/big16729433570cd294208cb7e168927417b163d37445.jpg\" alt=\"Rose House by Atlantic Holiday\">\n\t\t\t\t\t\t\t<\/div>\n\t\t\t\t\t\t\t<div class=\"info\">\n\t\t\t\t\t\t\t\t<div class=\"ubicacion\">\n\t\t\t\t\t\t\t\t\t<i class=\"fa-solid fa-location-dot icono-mapa\"><\/i><span class=\"ubicacion-texto\">Machico - Ilha da Madeira<\/span>\n\t\t\t\t\t\t\t\t<\/div>\n\t\t\t\t\t\t\t\t<H3 class=\"titulo-alojamiento\">\n\t\t\t\t\t\t\t\t\tRose House by Atlantic Holiday\t\t\t\t\t\t\t\t<\/H3>\n\t\t\t\t\t\t\t\t<p class=\"precio-alojamiento\">Desde <span class=\"precio\">93.00\u20ac<\/span> por noche<\/p>\n\t\t\t\t\t\t\t<\/div>\n\t\t\t\t\t\t<\/div>\n\t\t\t\t\t<\/a> \n\t\t\t\t\t\t\t\t<\/div>\n\t\t\t<\/div>\n\t\t\t\t\t\t<\/div>\n\t\t\t\t<\/div>\n\t\t\t\t\t<\/div>\n\t\t\t\t<\/div>\n\t\t<div class=\"elementor-element elementor-element-38e3d3bb e-flex e-con-boxed e-con e-parent\" data-id=\"38e3d3bb\" data-element_type=\"container\" data-e-type=\"container\">\n\t\t\t\t\t<div class=\"e-con-inner\">\n\t\t\t\t<div class=\"elementor-element elementor-element-627fdaef elementor-widget elementor-widget-heading\" data-id=\"627fdaef\" data-element_type=\"widget\" data-e-type=\"widget\" data-widget_type=\"heading.default\">\n\t\t\t\t<div class=\"elementor-widget-container\">\n\t\t\t\t\t<h2 class=\"elementor-heading-title elementor-size-default\">Descubre Calheta, Madeira<\/h2>\t\t\t\t<\/div>\n\t\t\t\t<\/div>\n\t\t\t\t<div class=\"elementor-element elementor-element-7428c910 e-n-tabs-mobile elementor-widget elementor-widget-n-tabs\" data-id=\"7428c910\" data-element_type=\"widget\" data-e-type=\"widget\" data-settings=\"{&quot;tabs_justify_horizontal&quot;:&quot;start&quot;,&quot;horizontal_scroll&quot;:&quot;disable&quot;}\" data-widget_type=\"nested-tabs.default\">\n\t\t\t\t<div class=\"elementor-widget-container\">\n\t\t\t\t\t\t\t<div class=\"e-n-tabs\" data-widget-number=\"1948829968\" aria-label=\"Pesta\u00f1as. Abre elementos con Intro o Espacio, ci\u00e9rralos con Escape y navega con las fechas.\">\n\t\t\t<div class=\"e-n-tabs-heading\" role=\"tablist\">\n\t\t\t\t\t<button id=\"e-n-tab-title-19488299681\" data-tab-title-id=\"e-n-tab-title-19488299681\" class=\"e-n-tab-title\" aria-selected=\"true\" data-tab-index=\"1\" role=\"tab\" tabindex=\"0\" aria-controls=\"e-n-tab-content-19488299681\" style=\"--n-tabs-title-order: 1;\">\n\t\t\t\t\t\t<span class=\"e-n-tab-title-text\">\n\t\t\t\t\u00bfPor qu\u00e9 merece la pena visitar Calheta?\t\t\t<\/span>\n\t\t<\/button>\n\t\t\t\t<button id=\"e-n-tab-title-19488299682\" data-tab-title-id=\"e-n-tab-title-19488299682\" class=\"e-n-tab-title\" aria-selected=\"false\" data-tab-index=\"2\" role=\"tab\" tabindex=\"-1\" aria-controls=\"e-n-tab-content-19488299682\" style=\"--n-tabs-title-order: 2;\">\n\t\t\t\t\t\t<span class=\"e-n-tab-title-text\">\n\t\t\t\tConsejos y recomendaciones de expertos\t\t\t<\/span>\n\t\t<\/button>\n\t\t\t\t<button id=\"e-n-tab-title-19488299683\" data-tab-title-id=\"e-n-tab-title-19488299683\" class=\"e-n-tab-title\" aria-selected=\"false\" data-tab-index=\"3\" role=\"tab\" tabindex=\"-1\" aria-controls=\"e-n-tab-content-19488299683\" style=\"--n-tabs-title-order: 3;\">\n\t\t\t\t\t\t<span class=\"e-n-tab-title-text\">\n\t\t\t\tGastronom\u00eda en Calheta\t\t\t<\/span>\n\t\t<\/button>\n\t\t\t\t<button id=\"e-n-tab-title-19488299684\" data-tab-title-id=\"e-n-tab-title-19488299684\" class=\"e-n-tab-title\" aria-selected=\"false\" data-tab-index=\"4\" role=\"tab\" tabindex=\"-1\" aria-controls=\"e-n-tab-content-19488299684\" style=\"--n-tabs-title-order: 4;\">\n\t\t\t\t\t\t<span class=\"e-n-tab-title-text\">\n\t\t\t\tD\u00f3nde comer en Calheta\t\t\t<\/span>\n\t\t<\/button>\n\t\t\t\t\t<\/div>\n\t\t\t<div class=\"e-n-tabs-content\">\n\t\t\t\t<div id=\"e-n-tab-content-19488299681\" role=\"tabpanel\" aria-labelledby=\"e-n-tab-title-19488299681\" data-tab-index=\"1\" style=\"--n-tabs-title-order: 1;\" class=\"e-active elementor-element elementor-element-2175005e e-con-full e-flex e-con e-child\" data-id=\"2175005e\" data-element_type=\"container\" data-e-type=\"container\">\n\t\t\t\t<div class=\"elementor-element elementor-element-61a31915 elementor-widget elementor-widget-heading\" data-id=\"61a31915\" data-element_type=\"widget\" data-e-type=\"widget\" data-widget_type=\"heading.default\">\n\t\t\t\t<div class=\"elementor-widget-container\">\n\t\t\t\t\t<h3 class=\"elementor-heading-title elementor-size-default\">Los mejores planes y cosas que hacer en Calheta<\/h3>\t\t\t\t<\/div>\n\t\t\t\t<\/div>\n\t\t\t\t<div class=\"elementor-element elementor-element-2d7eeb41 elementor-widget elementor-widget-text-editor\" data-id=\"2d7eeb41\" data-element_type=\"widget\" data-e-type=\"widget\" data-widget_type=\"text-editor.default\">\n\t\t\t\t<div class=\"elementor-widget-container\">\n\t\t\t\t\t\t\t\t\t<p data-start=\"2362\" data-end=\"2669\">Calheta es uno de los destinos m\u00e1s atractivos de Madeira, conocido por su ambiente relajado, sus paisajes esc\u00e9nicos y el acceso a algunas de las zonas costeras y de monta\u00f1a m\u00e1s bonitas de la isla. Ofrece un equilibrio perfecto entre tranquilidad y exploraci\u00f3n, lo que la hace ideal para familias y viajeros que buscan una escapada refinada y, a la vez, acogedora. <\/p><p data-start=\"2673\" data-end=\"2800\">Descubre m\u00e1s <a href=\"https:\/\/www.atlanticholidayrentals.com\/blog\/category\/experiences\/\">actividades y experiencias para familias<\/a>.<\/p><p data-start=\"2802\" data-end=\"2849\"> <\/p>\t\t\t\t\t\t\t\t<\/div>\n\t\t\t\t<\/div>\n\t\t\t\t<\/div>\n\t\t<div id=\"e-n-tab-content-19488299682\" role=\"tabpanel\" aria-labelledby=\"e-n-tab-title-19488299682\" data-tab-index=\"2\" style=\"--n-tabs-title-order: 2;\" class=\" elementor-element elementor-element-7be7ea6a e-con-full e-flex e-con e-child\" data-id=\"7be7ea6a\" data-element_type=\"container\" data-e-type=\"container\">\n\t\t\t\t<div class=\"elementor-element elementor-element-7b48edf0 elementor-widget elementor-widget-heading\" data-id=\"7b48edf0\" data-element_type=\"widget\" data-e-type=\"widget\" data-widget_type=\"heading.default\">\n\t\t\t\t<div class=\"elementor-widget-container\">\n\t\t\t\t\t<h3 class=\"elementor-heading-title elementor-size-default\">Explora Calheta<\/h3>\t\t\t\t<\/div>\n\t\t\t\t<\/div>\n\t\t\t\t<div class=\"elementor-element elementor-element-55898fc2 elementor-widget elementor-widget-text-editor\" data-id=\"55898fc2\" data-element_type=\"widget\" data-e-type=\"widget\" data-widget_type=\"text-editor.default\">\n\t\t\t\t<div class=\"elementor-widget-container\">\n\t\t\t\t\t\t\t\t\t<p data-start=\"2748\" data-end=\"2873\">Aprovecha al m\u00e1ximo tu estancia explorando algunos de los imprescindibles de Madeira y sus miradores \u00fanicos, todo a poca distancia de Calheta.<\/p><ul><li data-section-id=\"180wocp\" data-start=\"2875\" data-end=\"3065\"><strong data-start=\"2877\" data-end=\"2910\"><a href=\"https:\/\/www.atlanticholidayrentals.com\/blog\/miradouro-do-guindaste\/\">Visita el Miradouro do Guindaste<\/a>:<\/strong> Disfruta de impresionantes vistas de la costa desde uno de los miradores m\u00e1s impactantes de Madeira:.<\/li><li data-section-id=\"1kazrf\" data-start=\"3066\" data-end=\"3227\"><strong data-start=\"3068\" data-end=\"3098\"><a href=\"https:\/\/www.atlanticholidayrentals.com\/blog\/reis-magos-beach\/\">Rel\u00e1jate en la playa de Reis Magos<\/a>:<\/strong> Disfruta de una tranquila experiencia junto al mar en esta popular playa local.<\/li><li data-section-id=\"1ltwirb\" data-start=\"3228\" data-end=\"3392\"><a href=\"https:\/\/www.atlanticholidayrentals.com\/blog\/funchal-port\/\"><strong data-start=\"3230\" data-end=\"3255\">Explora el puerto de Funchal:<\/strong><\/a> Descubre la animada zona portuaria y sus alrededores en la capital de Madeira.<\/li><li data-section-id=\"8qwyx8\" data-start=\"3393\" data-end=\"3442\">Descubre rutas de levadas y senderos naturales locales<\/li><li data-section-id=\"55ydex\" data-start=\"3443\" data-end=\"3503\">Disfruta de la cocina tradicional madeirense en restaurantes cercanos<\/li><li data-section-id=\"x1a3yg\" data-start=\"3504\" data-end=\"3557\">Explora las rutas panor\u00e1micas y los miradores de la isla<\/li><li>M\u00e1s informaci\u00f3n sobre el <a href=\"https:\/\/www.atlanticholidayrentals.com\/blog\/category\/weather-in-madeira\/\">tiempo en Madeira<\/a>.<\/li><\/ul>\t\t\t\t\t\t\t\t<\/div>\n\t\t\t\t<\/div>\n\t\t\t\t<\/div>\n\t\t<div id=\"e-n-tab-content-19488299683\" role=\"tabpanel\" aria-labelledby=\"e-n-tab-title-19488299683\" data-tab-index=\"3\" style=\"--n-tabs-title-order: 3;\" class=\" elementor-element elementor-element-3e80b8bf e-con-full e-flex e-con e-child\" data-id=\"3e80b8bf\" data-element_type=\"container\" data-e-type=\"container\">\n\t\t\t\t<div class=\"elementor-element elementor-element-875ff29 elementor-widget elementor-widget-heading\" data-id=\"875ff29\" data-element_type=\"widget\" data-e-type=\"widget\" data-widget_type=\"heading.default\">\n\t\t\t\t<div class=\"elementor-widget-container\">\n\t\t\t\t\t<h3 class=\"elementor-heading-title elementor-size-default\">Sabores locales de Madeira<\/h3>\t\t\t\t<\/div>\n\t\t\t\t<\/div>\n\t\t\t\t<div class=\"elementor-element elementor-element-14fb6b07 elementor-widget elementor-widget-text-editor\" data-id=\"14fb6b07\" data-element_type=\"widget\" data-e-type=\"widget\" data-widget_type=\"text-editor.default\">\n\t\t\t\t<div class=\"elementor-widget-container\">\n\t\t\t\t\t\t\t\t\t<p data-start=\"3254\" data-end=\"3471\">Calheta ofrece una deliciosa introducci\u00f3n a la cocina madeirense, donde los ingredientes frescos y las recetas tradicionales se unen. Desde pescado capturado localmente hasta especialidades regionales, comer aqu\u00ed refleja el rico patrimonio culinario de la isla. <\/p>\t\t\t\t\t\t\t\t<\/div>\n\t\t\t\t<\/div>\n\t\t\t\t<\/div>\n\t\t<div id=\"e-n-tab-content-19488299684\" role=\"tabpanel\" aria-labelledby=\"e-n-tab-title-19488299684\" data-tab-index=\"4\" style=\"--n-tabs-title-order: 4;\" class=\" elementor-element elementor-element-75f35cc e-flex e-con-boxed e-con e-child\" data-id=\"75f35cc\" data-element_type=\"container\" data-e-type=\"container\">\n\t\t\t\t\t<div class=\"e-con-inner\">\n\t\t\t\t<div class=\"elementor-element elementor-element-8c25e4c elementor-widget elementor-widget-heading\" data-id=\"8c25e4c\" data-element_type=\"widget\" data-e-type=\"widget\" data-widget_type=\"heading.default\">\n\t\t\t\t<div class=\"elementor-widget-container\">\n\t\t\t\t\t<h3 class=\"elementor-heading-title elementor-size-default\">Experiencias gastron\u00f3micas aut\u00e9nticas<\/h3>\t\t\t\t<\/div>\n\t\t\t\t<\/div>\n\t\t\t\t<div class=\"elementor-element elementor-element-dabc7cb elementor-widget elementor-widget-text-editor\" data-id=\"dabc7cb\" data-element_type=\"widget\" data-e-type=\"widget\" data-widget_type=\"text-editor.default\">\n\t\t\t\t<div class=\"elementor-widget-container\">\n\t\t\t\t\t\t\t\t\t<ul><li>Disfruta de platos de marisco fresco en restaurantes locales<\/li><li>Prueba especialidades tradicionales madeirenses como la espetada y el bolo do caco<\/li><li>Visita caf\u00e9s y panader\u00edas locales para degustar dulces regionales<\/li><li>Acompa\u00f1a tus comidas con vino de Madeira para una experiencia completa<\/li><li>Descubre lugares tranquilos para comer con vistas al oc\u00e9ano<\/li><\/ul>\t\t\t\t\t\t\t\t<\/div>\n\t\t\t\t<\/div>\n\t\t\t\t\t<\/div>\n\t\t\t\t<\/div>\n\t\t\t\t\t<\/div>\n\t\t<\/div>\n\t\t\t\t\t\t<\/div>\n\t\t\t\t<\/div>\n\t\t\t\t\t<\/div>\n\t\t\t\t<\/div>\n\t\t<div class=\"elementor-element elementor-element-cbad7e5 e-flex e-con-boxed e-con e-parent\" data-id=\"cbad7e5\" data-element_type=\"container\" data-e-type=\"container\">\n\t\t\t\t\t<div class=\"e-con-inner\">\n\t\t<div class=\"elementor-element elementor-element-2d3be7b e-con-full e-flex e-con e-child\" data-id=\"2d3be7b\" data-element_type=\"container\" data-e-type=\"container\">\n\t\t\t\t<div class=\"elementor-element elementor-element-4439ce43 elementor-widget elementor-widget-heading\" data-id=\"4439ce43\" data-element_type=\"widget\" data-e-type=\"widget\" data-widget_type=\"heading.default\">\n\t\t\t\t<div class=\"elementor-widget-container\">\n\t\t\t\t\t<h2 class=\"elementor-heading-title elementor-size-default\">Explora nuestro blog sobre Madeira<\/h2>\t\t\t\t<\/div>\n\t\t\t\t<\/div>\n\t\t\t\t<div class=\"elementor-element elementor-element-31e959b elementor-grid-3 elementor-grid-tablet-2 elementor-grid-mobile-1 elementor-posts--thumbnail-top elementor-widget elementor-widget-posts\" data-id=\"31e959b\" data-element_type=\"widget\" data-e-type=\"widget\" data-settings=\"{&quot;classic_row_gap&quot;:{&quot;unit&quot;:&quot;px&quot;,&quot;size&quot;:30,&quot;sizes&quot;:[]},&quot;classic_columns&quot;:&quot;3&quot;,&quot;classic_columns_tablet&quot;:&quot;2&quot;,&quot;classic_columns_mobile&quot;:&quot;1&quot;,&quot;classic_row_gap_tablet&quot;:{&quot;unit&quot;:&quot;px&quot;,&quot;size&quot;:&quot;&quot;,&quot;sizes&quot;:[]},&quot;classic_row_gap_mobile&quot;:{&quot;unit&quot;:&quot;px&quot;,&quot;size&quot;:&quot;&quot;,&quot;sizes&quot;:[]}}\" data-widget_type=\"posts.classic\">\n\t\t\t\t<div class=\"elementor-widget-container\">\n\t\t\t\t\t\t\t<div class=\"elementor-posts-container elementor-posts elementor-posts--skin-classic elementor-grid\" role=\"list\">\n\t\t\t\t<article class=\"elementor-post elementor-grid-item post-6086 post type-post status-publish format-standard has-post-thumbnail hentry category-alquiler-vacacional\" role=\"listitem\">\n\t\t\t\t<a class=\"elementor-post__thumbnail__link\" href=\"https:\/\/www.atlanticholidayrentals.com\/blog\/es\/luxury-holidays-madeira\/\" tabindex=\"-1\" >\n\t\t\t<div class=\"elementor-post__thumbnail\"><img decoding=\"async\" width=\"768\" height=\"260\" src=\"https:\/\/www.atlanticholidayrentals.com\/blog\/wp-content\/uploads\/2026\/04\/luxury-holidays-madeira-768x260.webp\" class=\"attachment-medium_large size-medium_large wp-image-6082\" alt=\"vacaciones de lujo madeira\" srcset=\"https:\/\/www.atlanticholidayrentals.com\/blog\/wp-content\/uploads\/2026\/04\/luxury-holidays-madeira-768x260.webp 768w, https:\/\/www.atlanticholidayrentals.com\/blog\/wp-content\/uploads\/2026\/04\/luxury-holidays-madeira-300x102.webp 300w, https:\/\/www.atlanticholidayrentals.com\/blog\/wp-content\/uploads\/2026\/04\/luxury-holidays-madeira-1024x347.webp 1024w, https:\/\/www.atlanticholidayrentals.com\/blog\/wp-content\/uploads\/2026\/04\/luxury-holidays-madeira-1536x520.webp 1536w, https:\/\/www.atlanticholidayrentals.com\/blog\/wp-content\/uploads\/2026\/04\/luxury-holidays-madeira.webp 1920w\" sizes=\"(max-width: 768px) 100vw, 768px\" \/><\/div>\n\t\t<\/a>\n\t\t\t\t<div class=\"elementor-post__text\">\n\t\t\t\t<h3 class=\"elementor-post__title\">\n\t\t\t<a href=\"https:\/\/www.atlanticholidayrentals.com\/blog\/es\/luxury-holidays-madeira\/\" >\n\t\t\t\tVacaciones de lujo en Madeira\t\t\t<\/a>\n\t\t<\/h3>\n\t\t\t\t<div class=\"elementor-post__meta-data\">\n\t\t\t\t\t<span class=\"elementor-post-date\">\n\t\t\t24 de abril de 2026\t\t<\/span>\n\t\t\t\t<\/div>\n\t\t\n\t\t<a class=\"elementor-post__read-more\" href=\"https:\/\/www.atlanticholidayrentals.com\/blog\/es\/luxury-holidays-madeira\/\" aria-label=\"M\u00e1s informaci\u00f3n sobre Vacaciones de lujo en Madeira\" tabindex=\"-1\" >\n\t\t\tLeer m\u00e1s\t\t<\/a>\n\n\t\t\t\t<\/div>\n\t\t\t\t<\/article>\n\t\t\t\t<article class=\"elementor-post elementor-grid-item post-6068 post type-post status-publish format-standard has-post-thumbnail hentry category-alquiler-vacacional\" role=\"listitem\">\n\t\t\t\t<a class=\"elementor-post__thumbnail__link\" href=\"https:\/\/www.atlanticholidayrentals.com\/blog\/es\/alojamientos-vacacionales-calheta\/\" tabindex=\"-1\" >\n\t\t\t<div class=\"elementor-post__thumbnail\"><img loading=\"lazy\" decoding=\"async\" width=\"768\" height=\"260\" src=\"https:\/\/www.atlanticholidayrentals.com\/blog\/wp-content\/uploads\/2026\/04\/calheta-holiday-houses\u200b-768x260.webp\" class=\"attachment-medium_large size-medium_large wp-image-6067\" alt=\"casas de alquiler vacacional en Calheta\" srcset=\"https:\/\/www.atlanticholidayrentals.com\/blog\/wp-content\/uploads\/2026\/04\/calheta-holiday-houses\u200b-768x260.webp 768w, https:\/\/www.atlanticholidayrentals.com\/blog\/wp-content\/uploads\/2026\/04\/calheta-holiday-houses\u200b-300x102.webp 300w, https:\/\/www.atlanticholidayrentals.com\/blog\/wp-content\/uploads\/2026\/04\/calheta-holiday-houses\u200b-1024x347.webp 1024w, https:\/\/www.atlanticholidayrentals.com\/blog\/wp-content\/uploads\/2026\/04\/calheta-holiday-houses\u200b-1536x520.webp 1536w, https:\/\/www.atlanticholidayrentals.com\/blog\/wp-content\/uploads\/2026\/04\/calheta-holiday-houses\u200b.webp 1920w\" sizes=\"(max-width: 768px) 100vw, 768px\" \/><\/div>\n\t\t<\/a>\n\t\t\t\t<div class=\"elementor-post__text\">\n\t\t\t\t<h3 class=\"elementor-post__title\">\n\t\t\t<a href=\"https:\/\/www.atlanticholidayrentals.com\/blog\/es\/alojamientos-vacacionales-calheta\/\" >\n\t\t\t\tCasas de alquiler vacacional en Calheta\t\t\t<\/a>\n\t\t<\/h3>\n\t\t\t\t<div class=\"elementor-post__meta-data\">\n\t\t\t\t\t<span class=\"elementor-post-date\">\n\t\t\t23 de abril de 2026\t\t<\/span>\n\t\t\t\t<\/div>\n\t\t\n\t\t<a class=\"elementor-post__read-more\" href=\"https:\/\/www.atlanticholidayrentals.com\/blog\/es\/alojamientos-vacacionales-calheta\/\" aria-label=\"M\u00e1s informaci\u00f3n sobre Casas de alquiler vacacional en Calheta\" tabindex=\"-1\" >\n\t\t\tLeer m\u00e1s\t\t<\/a>\n\n\t\t\t\t<\/div>\n\t\t\t\t<\/article>\n\t\t\t\t<article class=\"elementor-post elementor-grid-item post-5983 post type-post status-publish format-standard has-post-thumbnail hentry category-miradores\" role=\"listitem\">\n\t\t\t\t<a class=\"elementor-post__thumbnail__link\" href=\"https:\/\/www.atlanticholidayrentals.com\/blog\/es\/miradouro-da-eira-do-serrado\/\" tabindex=\"-1\" >\n\t\t\t<div class=\"elementor-post__thumbnail\"><img loading=\"lazy\" decoding=\"async\" width=\"768\" height=\"576\" src=\"https:\/\/www.atlanticholidayrentals.com\/blog\/wp-content\/uploads\/2026\/04\/Miradouro-da-Eira-do-Serrado-valley-768x576.webp\" class=\"attachment-medium_large size-medium_large wp-image-5982\" alt=\"\" srcset=\"https:\/\/www.atlanticholidayrentals.com\/blog\/wp-content\/uploads\/2026\/04\/Miradouro-da-Eira-do-Serrado-valley-768x576.webp 768w, https:\/\/www.atlanticholidayrentals.com\/blog\/wp-content\/uploads\/2026\/04\/Miradouro-da-Eira-do-Serrado-valley-300x225.webp 300w, https:\/\/www.atlanticholidayrentals.com\/blog\/wp-content\/uploads\/2026\/04\/Miradouro-da-Eira-do-Serrado-valley-1024x768.webp 1024w, https:\/\/www.atlanticholidayrentals.com\/blog\/wp-content\/uploads\/2026\/04\/Miradouro-da-Eira-do-Serrado-valley.webp 1360w\" sizes=\"(max-width: 768px) 100vw, 768px\" \/><\/div>\n\t\t<\/a>\n\t\t\t\t<div class=\"elementor-post__text\">\n\t\t\t\t<h3 class=\"elementor-post__title\">\n\t\t\t<a href=\"https:\/\/www.atlanticholidayrentals.com\/blog\/es\/miradouro-da-eira-do-serrado\/\" >\n\t\t\t\tVisitar el Miradouro da Eira do Serrado: la mejor vista del valle de Madeira, explicada\t\t\t<\/a>\n\t\t<\/h3>\n\t\t\t\t<div class=\"elementor-post__meta-data\">\n\t\t\t\t\t<span class=\"elementor-post-date\">\n\t\t\t2 de abril de 2026\t\t<\/span>\n\t\t\t\t<\/div>\n\t\t\n\t\t<a class=\"elementor-post__read-more\" href=\"https:\/\/www.atlanticholidayrentals.com\/blog\/es\/miradouro-da-eira-do-serrado\/\" aria-label=\"M\u00e1s informaci\u00f3n sobre Visitar el Miradouro da Eira do Serrado: la mejor vista del valle de Madeira, explicada\" tabindex=\"-1\" >\n\t\t\tLeer m\u00e1s\t\t<\/a>\n\n\t\t\t\t<\/div>\n\t\t\t\t<\/article>\n\t\t\t\t<article class=\"elementor-post elementor-grid-item post-5995 post type-post status-publish format-standard has-post-thumbnail hentry category-miradores\" role=\"listitem\">\n\t\t\t\t<a class=\"elementor-post__thumbnail__link\" href=\"https:\/\/www.atlanticholidayrentals.com\/blog\/es\/mirador-ponta-do-rosto-madeira\/\" tabindex=\"-1\" >\n\t\t\t<div class=\"elementor-post__thumbnail\"><img loading=\"lazy\" decoding=\"async\" width=\"768\" height=\"576\" src=\"https:\/\/www.atlanticholidayrentals.com\/blog\/wp-content\/uploads\/2026\/04\/Miradouro-da-Ponta-do-Rosto-in-Madeira-768x576.webp\" class=\"attachment-medium_large size-medium_large wp-image-5966\" alt=\"\" srcset=\"https:\/\/www.atlanticholidayrentals.com\/blog\/wp-content\/uploads\/2026\/04\/Miradouro-da-Ponta-do-Rosto-in-Madeira-768x576.webp 768w, https:\/\/www.atlanticholidayrentals.com\/blog\/wp-content\/uploads\/2026\/04\/Miradouro-da-Ponta-do-Rosto-in-Madeira-300x225.webp 300w, https:\/\/www.atlanticholidayrentals.com\/blog\/wp-content\/uploads\/2026\/04\/Miradouro-da-Ponta-do-Rosto-in-Madeira-1024x768.webp 1024w, https:\/\/www.atlanticholidayrentals.com\/blog\/wp-content\/uploads\/2026\/04\/Miradouro-da-Ponta-do-Rosto-in-Madeira.webp 1360w\" sizes=\"(max-width: 768px) 100vw, 768px\" \/><\/div>\n\t\t<\/a>\n\t\t\t\t<div class=\"elementor-post__text\">\n\t\t\t\t<h3 class=\"elementor-post__title\">\n\t\t\t<a href=\"https:\/\/www.atlanticholidayrentals.com\/blog\/es\/mirador-ponta-do-rosto-madeira\/\" >\n\t\t\t\tMiradouro da Ponta do Rosto: Gu\u00eda completa del mirador oriental de Madeira\t\t\t<\/a>\n\t\t<\/h3>\n\t\t\t\t<div class=\"elementor-post__meta-data\">\n\t\t\t\t\t<span class=\"elementor-post-date\">\n\t\t\t2 de abril de 2026\t\t<\/span>\n\t\t\t\t<\/div>\n\t\t\n\t\t<a class=\"elementor-post__read-more\" href=\"https:\/\/www.atlanticholidayrentals.com\/blog\/es\/mirador-ponta-do-rosto-madeira\/\" aria-label=\"M\u00e1s informaci\u00f3n sobre Miradouro da Ponta do Rosto: Gu\u00eda completa del mirador oriental de Madeira\" tabindex=\"-1\" >\n\t\t\tLeer m\u00e1s\t\t<\/a>\n\n\t\t\t\t<\/div>\n\t\t\t\t<\/article>\n\t\t\t\t<article class=\"elementor-post elementor-grid-item post-5719 post type-post status-publish format-standard has-post-thumbnail hentry category-funchal category-isla-de-madeira tag-funchal\" role=\"listitem\">\n\t\t\t\t<a class=\"elementor-post__thumbnail__link\" href=\"https:\/\/www.atlanticholidayrentals.com\/blog\/es\/que-hacer-en-funchal\/\" tabindex=\"-1\" >\n\t\t\t<div class=\"elementor-post__thumbnail\"><img loading=\"lazy\" decoding=\"async\" width=\"768\" height=\"548\" src=\"https:\/\/www.atlanticholidayrentals.com\/blog\/wp-content\/uploads\/2024\/07\/Funchal-Cable-Car-768x548.jpg\" class=\"attachment-medium_large size-medium_large wp-image-916\" alt=\"Teleferico-Funchal\" srcset=\"https:\/\/www.atlanticholidayrentals.com\/blog\/wp-content\/uploads\/2024\/07\/Funchal-Cable-Car-768x548.jpg 768w, https:\/\/www.atlanticholidayrentals.com\/blog\/wp-content\/uploads\/2024\/07\/Funchal-Cable-Car-1536x1097.jpg 1536w, https:\/\/www.atlanticholidayrentals.com\/blog\/wp-content\/uploads\/2024\/07\/Funchal-Cable-Car.jpg 1940w\" sizes=\"(max-width: 768px) 100vw, 768px\" \/><\/div>\n\t\t<\/a>\n\t\t\t\t<div class=\"elementor-post__text\">\n\t\t\t\t<h3 class=\"elementor-post__title\">\n\t\t\t<a href=\"https:\/\/www.atlanticholidayrentals.com\/blog\/es\/que-hacer-en-funchal\/\" >\n\t\t\t\tLas mejores cosas que hacer en Funchal para unas vacaciones perfectas\t\t\t<\/a>\n\t\t<\/h3>\n\t\t\t\t<div class=\"elementor-post__meta-data\">\n\t\t\t\t\t<span class=\"elementor-post-date\">\n\t\t\t28 de junio de 2024\t\t<\/span>\n\t\t\t\t<\/div>\n\t\t\n\t\t<a class=\"elementor-post__read-more\" href=\"https:\/\/www.atlanticholidayrentals.com\/blog\/es\/que-hacer-en-funchal\/\" aria-label=\"M\u00e1s informaci\u00f3n sobre Las mejores cosas que hacer en Funchal para unas vacaciones perfectas\" tabindex=\"-1\" >\n\t\t\tLeer m\u00e1s\t\t<\/a>\n\n\t\t\t\t<\/div>\n\t\t\t\t<\/article>\n\t\t\t\t<article class=\"elementor-post elementor-grid-item post-2844 post type-post status-publish format-standard has-post-thumbnail hentry category-sin-categorizar\" role=\"listitem\">\n\t\t\t\t<a class=\"elementor-post__thumbnail__link\" href=\"https:\/\/www.atlanticholidayrentals.com\/blog\/es\/things-to-do-in-madeira\/\" tabindex=\"-1\" >\n\t\t\t<div class=\"elementor-post__thumbnail\"><img loading=\"lazy\" decoding=\"async\" width=\"768\" height=\"200\" src=\"https:\/\/www.atlanticholidayrentals.com\/blog\/wp-content\/uploads\/2023\/12\/What-to-do-in-madeira-768x200.jpg\" class=\"attachment-medium_large size-medium_large wp-image-174\" alt=\"What to do in madeira\" srcset=\"https:\/\/www.atlanticholidayrentals.com\/blog\/wp-content\/uploads\/2023\/12\/What-to-do-in-madeira-768x200.jpg 768w, https:\/\/www.atlanticholidayrentals.com\/blog\/wp-content\/uploads\/2023\/12\/What-to-do-in-madeira-1536x400.jpg 1536w, https:\/\/www.atlanticholidayrentals.com\/blog\/wp-content\/uploads\/2023\/12\/What-to-do-in-madeira.jpg 1920w\" sizes=\"(max-width: 768px) 100vw, 768px\" \/><\/div>\n\t\t<\/a>\n\t\t\t\t<div class=\"elementor-post__text\">\n\t\t\t\t<h3 class=\"elementor-post__title\">\n\t\t\t<a href=\"https:\/\/www.atlanticholidayrentals.com\/blog\/es\/things-to-do-in-madeira\/\" >\n\t\t\t\tThings To Do In Madeira: Unveiling the Island&#8217;s Hidden Gems\t\t\t<\/a>\n\t\t<\/h3>\n\t\t\t\t<div class=\"elementor-post__meta-data\">\n\t\t\t\t\t<span class=\"elementor-post-date\">\n\t\t\t13 de diciembre de 2023\t\t<\/span>\n\t\t\t\t<\/div>\n\t\t\n\t\t<a class=\"elementor-post__read-more\" href=\"https:\/\/www.atlanticholidayrentals.com\/blog\/es\/things-to-do-in-madeira\/\" aria-label=\"M\u00e1s informaci\u00f3n sobre Things To Do In Madeira: Unveiling the Island&#8217;s Hidden Gems\" tabindex=\"-1\" >\n\t\t\tLeer m\u00e1s\t\t<\/a>\n\n\t\t\t\t<\/div>\n\t\t\t\t<\/article>\n\t\t\t\t<\/div>\n\t\t\n\t\t\t\t\t\t<\/div>\n\t\t\t\t<\/div>\n\t\t\t\t<div class=\"elementor-element elementor-element-4ab1056c elementor-align-center elementor-widget elementor-widget-button\" data-id=\"4ab1056c\" data-element_type=\"widget\" data-e-type=\"widget\" data-widget_type=\"button.default\">\n\t\t\t\t<div class=\"elementor-widget-container\">\n\t\t\t\t\t\t\t\t\t<div class=\"elementor-button-wrapper\">\n\t\t\t\t\t<a class=\"elementor-button elementor-button-link elementor-size-sm\" href=\"https:\/\/www.atlanticholidayrentals.com\/es\/blog\/\">\n\t\t\t\t\t\t<span class=\"elementor-button-content-wrapper\">\n\t\t\t\t\t\t\t\t\t<span class=\"elementor-button-text\">Blog de turismo de Madeira<\/span>\n\t\t\t\t\t<\/span>\n\t\t\t\t\t<\/a>\n\t\t\t\t<\/div>\n\t\t\t\t\t\t\t\t<\/div>\n\t\t\t\t<\/div>\n\t\t\t\t<\/div>\n\t\t\t\t\t<\/div>\n\t\t\t\t<\/div>\n\t\t<div class=\"elementor-element elementor-element-ff20b5a e-flex e-con-boxed e-con e-parent\" data-id=\"ff20b5a\" data-element_type=\"container\" data-e-type=\"container\">\n\t\t\t\t\t<div class=\"e-con-inner\">\n\t\t<div class=\"elementor-element elementor-element-47d365e6 e-con-full e-flex e-con e-child\" data-id=\"47d365e6\" data-element_type=\"container\" data-e-type=\"container\">\n\t\t\t\t<div class=\"elementor-element elementor-element-365ff1e elementor-widget elementor-widget-heading\" data-id=\"365ff1e\" data-element_type=\"widget\" data-e-type=\"widget\" data-widget_type=\"heading.default\">\n\t\t\t\t<div class=\"elementor-widget-container\">\n\t\t\t\t\t<h2 class=\"elementor-heading-title elementor-size-default\">Preguntas frecuentes sobre las casas de alquiler vacacional en Calheta<\/h2>\t\t\t\t<\/div>\n\t\t\t\t<\/div>\n\t\t\t\t<div class=\"elementor-element elementor-element-31ae0e81 elementor-widget elementor-widget-n-accordion\" data-id=\"31ae0e81\" data-element_type=\"widget\" data-e-type=\"widget\" data-settings=\"{&quot;default_state&quot;:&quot;expanded&quot;,&quot;max_items_expended&quot;:&quot;one&quot;,&quot;n_accordion_animation_duration&quot;:{&quot;unit&quot;:&quot;ms&quot;,&quot;size&quot;:400,&quot;sizes&quot;:[]}}\" data-widget_type=\"nested-accordion.default\">\n\t\t\t\t<div class=\"elementor-widget-container\">\n\t\t\t\t\t\t\t<div class=\"e-n-accordion\" aria-label=\"Accordion. Open links with Enter or Space, close with Escape, and navigate with Arrow Keys\">\n\t\t\t\t\t\t<details id=\"e-n-accordion-item-8330\" class=\"e-n-accordion-item\" open>\n\t\t\t\t<summary class=\"e-n-accordion-item-title\" data-accordion-index=\"1\" tabindex=\"0\" aria-expanded=\"true\" aria-controls=\"e-n-accordion-item-8330\" >\n\t\t\t\t\t<span class='e-n-accordion-item-title-header'><div class=\"e-n-accordion-item-title-text\"> \u00bfPor qu\u00e9 elegir Calheta para alojarte en una casa de alquiler vacacional? <\/div><\/span>\n\t\t\t\t\t\t\t<span class='e-n-accordion-item-title-icon'>\n\t\t\t<span class='e-opened' ><svg aria-hidden=\"true\" class=\"e-font-icon-svg e-fas-minus\" viewBox=\"0 0 448 512\" xmlns=\"http:\/\/www.w3.org\/2000\/svg\"><path d=\"M416 208H32c-17.67 0-32 14.33-32 32v32c0 17.67 14.33 32 32 32h384c17.67 0 32-14.33 32-32v-32c0-17.67-14.33-32-32-32z\"><\/path><\/svg><\/span>\n\t\t\t<span class='e-closed'><svg aria-hidden=\"true\" class=\"e-font-icon-svg e-fas-plus\" viewBox=\"0 0 448 512\" xmlns=\"http:\/\/www.w3.org\/2000\/svg\"><path d=\"M416 208H272V64c0-17.67-14.33-32-32-32h-32c-17.67 0-32 14.33-32 32v144H32c-17.67 0-32 14.33-32 32v32c0 17.67 14.33 32 32 32h144v144c0 17.67 14.33 32 32 32h32c17.67 0 32-14.33 32-32V304h144c17.67 0 32-14.33 32-32v-32c0-17.67-14.33-32-32-32z\"><\/path><\/svg><\/span>\n\t\t<\/span>\n\n\t\t\t\t\t\t<\/summary>\n\t\t\t\t<div role=\"region\" aria-labelledby=\"e-n-accordion-item-8330\" class=\"elementor-element elementor-element-6f5e3f64 e-con-full e-flex e-con e-child\" data-id=\"6f5e3f64\" data-element_type=\"container\" data-e-type=\"container\">\n\t\t\t\t<div class=\"elementor-element elementor-element-60c1b04c elementor-widget elementor-widget-text-editor\" data-id=\"60c1b04c\" data-element_type=\"widget\" data-e-type=\"widget\" data-widget_type=\"text-editor.default\">\n\t\t\t\t<div class=\"elementor-widget-container\">\n\t\t\t\t\t\t\t\t\t<p data-start=\"4448\" data-end=\"4652\">Calheta ofrece un entorno tranquilo y pintoresco, ideal para viajeros que buscan relajarse sin renunciar al acceso a playas, naturaleza y atracciones locales.<\/p>\t\t\t\t\t\t\t\t<\/div>\n\t\t\t\t<\/div>\n\t\t\t\t<\/div>\n\t\t\t\t\t<\/details>\n\t\t\t\t\t\t<details id=\"e-n-accordion-item-8331\" class=\"e-n-accordion-item\" >\n\t\t\t\t<summary class=\"e-n-accordion-item-title\" data-accordion-index=\"2\" tabindex=\"-1\" aria-expanded=\"false\" aria-controls=\"e-n-accordion-item-8331\" >\n\t\t\t\t\t<span class='e-n-accordion-item-title-header'><div class=\"e-n-accordion-item-title-text\"> \u00bfLas casas de alquiler vacacional son adecuadas para familias? <\/div><\/span>\n\t\t\t\t\t\t\t<span class='e-n-accordion-item-title-icon'>\n\t\t\t<span class='e-opened' ><svg aria-hidden=\"true\" class=\"e-font-icon-svg e-fas-minus\" viewBox=\"0 0 448 512\" xmlns=\"http:\/\/www.w3.org\/2000\/svg\"><path d=\"M416 208H32c-17.67 0-32 14.33-32 32v32c0 17.67 14.33 32 32 32h384c17.67 0 32-14.33 32-32v-32c0-17.67-14.33-32-32-32z\"><\/path><\/svg><\/span>\n\t\t\t<span class='e-closed'><svg aria-hidden=\"true\" class=\"e-font-icon-svg e-fas-plus\" viewBox=\"0 0 448 512\" xmlns=\"http:\/\/www.w3.org\/2000\/svg\"><path d=\"M416 208H272V64c0-17.67-14.33-32-32-32h-32c-17.67 0-32 14.33-32 32v144H32c-17.67 0-32 14.33-32 32v32c0 17.67 14.33 32 32 32h144v144c0 17.67 14.33 32 32 32h32c17.67 0 32-14.33 32-32V304h144c17.67 0 32-14.33 32-32v-32c0-17.67-14.33-32-32-32z\"><\/path><\/svg><\/span>\n\t\t<\/span>\n\n\t\t\t\t\t\t<\/summary>\n\t\t\t\t<div role=\"region\" aria-labelledby=\"e-n-accordion-item-8331\" class=\"elementor-element elementor-element-275368be e-con-full e-flex e-con e-child\" data-id=\"275368be\" data-element_type=\"container\" data-e-type=\"container\">\n\t\t\t\t<div class=\"elementor-element elementor-element-43683fcc elementor-widget elementor-widget-text-editor\" data-id=\"43683fcc\" data-element_type=\"widget\" data-e-type=\"widget\" data-widget_type=\"text-editor.default\">\n\t\t\t\t<div class=\"elementor-widget-container\">\n\t\t\t\t\t\t\t\t\t<p>S\u00ed, nuestras propiedades est\u00e1n pensadas para familias, con distribuciones amplias, varios dormitorios, jardines y piscinas privadas.<\/p>\t\t\t\t\t\t\t\t<\/div>\n\t\t\t\t<\/div>\n\t\t\t\t<\/div>\n\t\t\t\t\t<\/details>\n\t\t\t\t\t\t<details id=\"e-n-accordion-item-8332\" class=\"e-n-accordion-item\" >\n\t\t\t\t<summary class=\"e-n-accordion-item-title\" data-accordion-index=\"3\" tabindex=\"-1\" aria-expanded=\"false\" aria-controls=\"e-n-accordion-item-8332\" >\n\t\t\t\t\t<span class='e-n-accordion-item-title-header'><div class=\"e-n-accordion-item-title-text\"> \u00bfLas casas incluyen piscinas privadas? <\/div><\/span>\n\t\t\t\t\t\t\t<span class='e-n-accordion-item-title-icon'>\n\t\t\t<span class='e-opened' ><svg aria-hidden=\"true\" class=\"e-font-icon-svg e-fas-minus\" viewBox=\"0 0 448 512\" xmlns=\"http:\/\/www.w3.org\/2000\/svg\"><path d=\"M416 208H32c-17.67 0-32 14.33-32 32v32c0 17.67 14.33 32 32 32h384c17.67 0 32-14.33 32-32v-32c0-17.67-14.33-32-32-32z\"><\/path><\/svg><\/span>\n\t\t\t<span class='e-closed'><svg aria-hidden=\"true\" class=\"e-font-icon-svg e-fas-plus\" viewBox=\"0 0 448 512\" xmlns=\"http:\/\/www.w3.org\/2000\/svg\"><path d=\"M416 208H272V64c0-17.67-14.33-32-32-32h-32c-17.67 0-32 14.33-32 32v144H32c-17.67 0-32 14.33-32 32v32c0 17.67 14.33 32 32 32h144v144c0 17.67 14.33 32 32 32h32c17.67 0 32-14.33 32-32V304h144c17.67 0 32-14.33 32-32v-32c0-17.67-14.33-32-32-32z\"><\/path><\/svg><\/span>\n\t\t<\/span>\n\n\t\t\t\t\t\t<\/summary>\n\t\t\t\t<div role=\"region\" aria-labelledby=\"e-n-accordion-item-8332\" class=\"elementor-element elementor-element-2d6af71c e-con-full e-flex e-con e-child\" data-id=\"2d6af71c\" data-element_type=\"container\" data-e-type=\"container\">\n\t\t\t\t<div class=\"elementor-element elementor-element-63a234a7 elementor-widget elementor-widget-text-editor\" data-id=\"63a234a7\" data-element_type=\"widget\" data-e-type=\"widget\" data-widget_type=\"text-editor.default\">\n\t\t\t\t<div class=\"elementor-widget-container\">\n\t\t\t\t\t\t\t\t\t<p>Muchas de nuestras casas de alquiler vacacional en Calheta cuentan con piscinas privadas, lo que permite a los hu\u00e9spedes disfrutar de comodidad y privacidad durante toda su estancia.<\/p>\t\t\t\t\t\t\t\t<\/div>\n\t\t\t\t<\/div>\n\t\t\t\t<\/div>\n\t\t\t\t\t<\/details>\n\t\t\t\t\t\t<details id=\"e-n-accordion-item-8333\" class=\"e-n-accordion-item\" >\n\t\t\t\t<summary class=\"e-n-accordion-item-title\" data-accordion-index=\"4\" tabindex=\"-1\" aria-expanded=\"false\" aria-controls=\"e-n-accordion-item-8333\" >\n\t\t\t\t\t<span class='e-n-accordion-item-title-header'><div class=\"e-n-accordion-item-title-text\"> \u00bfEs necesario alquilar un coche en Madeira? <\/div><\/span>\n\t\t\t\t\t\t\t<span class='e-n-accordion-item-title-icon'>\n\t\t\t<span class='e-opened' ><svg aria-hidden=\"true\" class=\"e-font-icon-svg e-fas-minus\" viewBox=\"0 0 448 512\" xmlns=\"http:\/\/www.w3.org\/2000\/svg\"><path d=\"M416 208H32c-17.67 0-32 14.33-32 32v32c0 17.67 14.33 32 32 32h384c17.67 0 32-14.33 32-32v-32c0-17.67-14.33-32-32-32z\"><\/path><\/svg><\/span>\n\t\t\t<span class='e-closed'><svg aria-hidden=\"true\" class=\"e-font-icon-svg e-fas-plus\" viewBox=\"0 0 448 512\" xmlns=\"http:\/\/www.w3.org\/2000\/svg\"><path d=\"M416 208H272V64c0-17.67-14.33-32-32-32h-32c-17.67 0-32 14.33-32 32v144H32c-17.67 0-32 14.33-32 32v32c0 17.67 14.33 32 32 32h144v144c0 17.67 14.33 32 32 32h32c17.67 0 32-14.33 32-32V304h144c17.67 0 32-14.33 32-32v-32c0-17.67-14.33-32-32-32z\"><\/path><\/svg><\/span>\n\t\t<\/span>\n\n\t\t\t\t\t\t<\/summary>\n\t\t\t\t<div role=\"region\" aria-labelledby=\"e-n-accordion-item-8333\" class=\"elementor-element elementor-element-40850ed1 e-con-full e-flex e-con e-child\" data-id=\"40850ed1\" data-element_type=\"container\" data-e-type=\"container\">\n\t\t\t\t<div class=\"elementor-element elementor-element-8706b25 elementor-widget elementor-widget-text-editor\" data-id=\"8706b25\" data-element_type=\"widget\" data-e-type=\"widget\" data-widget_type=\"text-editor.default\">\n\t\t\t\t<div class=\"elementor-widget-container\">\n\t\t\t\t\t\t\t\t\t<p>S\u00ed, se recomienda <a href=\"https:\/\/www.carjet.com\/en\/portugal\/rent-a-car\/madeira\/zone.htm?odin=1349\">alquilar un coche<\/a> para explorar Calheta y el resto de la isla con comodidad y a tu ritmo.<\/p>\t\t\t\t\t\t\t\t<\/div>\n\t\t\t\t<\/div>\n\t\t\t\t<\/div>\n\t\t\t\t\t<\/details>\n\t\t\t\t\t\t<details id=\"e-n-accordion-item-8334\" class=\"e-n-accordion-item\" >\n\t\t\t\t<summary class=\"e-n-accordion-item-title\" data-accordion-index=\"5\" tabindex=\"-1\" aria-expanded=\"false\" aria-controls=\"e-n-accordion-item-8334\" >\n\t\t\t\t\t<span class='e-n-accordion-item-title-header'><div class=\"e-n-accordion-item-title-text\"> \u00bfQu\u00e9 actividades puedo disfrutar en Calheta? <\/div><\/span>\n\t\t\t\t\t\t\t<span class='e-n-accordion-item-title-icon'>\n\t\t\t<span class='e-opened' ><svg aria-hidden=\"true\" class=\"e-font-icon-svg e-fas-minus\" viewBox=\"0 0 448 512\" xmlns=\"http:\/\/www.w3.org\/2000\/svg\"><path d=\"M416 208H32c-17.67 0-32 14.33-32 32v32c0 17.67 14.33 32 32 32h384c17.67 0 32-14.33 32-32v-32c0-17.67-14.33-32-32-32z\"><\/path><\/svg><\/span>\n\t\t\t<span class='e-closed'><svg aria-hidden=\"true\" class=\"e-font-icon-svg e-fas-plus\" viewBox=\"0 0 448 512\" xmlns=\"http:\/\/www.w3.org\/2000\/svg\"><path d=\"M416 208H272V64c0-17.67-14.33-32-32-32h-32c-17.67 0-32 14.33-32 32v144H32c-17.67 0-32 14.33-32 32v32c0 17.67 14.33 32 32 32h144v144c0 17.67 14.33 32 32 32h32c17.67 0 32-14.33 32-32V304h144c17.67 0 32-14.33 32-32v-32c0-17.67-14.33-32-32-32z\"><\/path><\/svg><\/span>\n\t\t<\/span>\n\n\t\t\t\t\t\t<\/summary>\n\t\t\t\t<div role=\"region\" aria-labelledby=\"e-n-accordion-item-8334\" class=\"elementor-element elementor-element-47722f36 e-con-full e-flex e-con e-child\" data-id=\"47722f36\" data-element_type=\"container\" data-e-type=\"container\">\n\t\t\t\t<div class=\"elementor-element elementor-element-5c6102ec elementor-widget elementor-widget-text-editor\" data-id=\"5c6102ec\" data-element_type=\"widget\" data-e-type=\"widget\" data-widget_type=\"text-editor.default\">\n\t\t\t\t<div class=\"elementor-widget-container\">\n\t\t\t\t\t\t\t\t\t<p>Puedes disfrutar de playas, rutas de senderismo, miradores panor\u00e1micos, actividades acu\u00e1ticas y visitas culturales por toda Madeira.<\/p>\t\t\t\t\t\t\t\t<\/div>\n\t\t\t\t<\/div>\n\t\t\t\t<\/div>\n\t\t\t\t\t<\/details>\n\t\t\t\t\t\t<details id=\"e-n-accordion-item-8335\" class=\"e-n-accordion-item\" >\n\t\t\t\t<summary class=\"e-n-accordion-item-title\" data-accordion-index=\"6\" tabindex=\"-1\" aria-expanded=\"false\" aria-controls=\"e-n-accordion-item-8335\" >\n\t\t\t\t\t<span class='e-n-accordion-item-title-header'><div class=\"e-n-accordion-item-title-text\"> \u00bfEs Calheta una buena base para explorar Madeira? <\/div><\/span>\n\t\t\t\t\t\t\t<span class='e-n-accordion-item-title-icon'>\n\t\t\t<span class='e-opened' ><svg aria-hidden=\"true\" class=\"e-font-icon-svg e-fas-minus\" viewBox=\"0 0 448 512\" xmlns=\"http:\/\/www.w3.org\/2000\/svg\"><path d=\"M416 208H32c-17.67 0-32 14.33-32 32v32c0 17.67 14.33 32 32 32h384c17.67 0 32-14.33 32-32v-32c0-17.67-14.33-32-32-32z\"><\/path><\/svg><\/span>\n\t\t\t<span class='e-closed'><svg aria-hidden=\"true\" class=\"e-font-icon-svg e-fas-plus\" viewBox=\"0 0 448 512\" xmlns=\"http:\/\/www.w3.org\/2000\/svg\"><path d=\"M416 208H272V64c0-17.67-14.33-32-32-32h-32c-17.67 0-32 14.33-32 32v144H32c-17.67 0-32 14.33-32 32v32c0 17.67 14.33 32 32 32h144v144c0 17.67 14.33 32 32 32h32c17.67 0 32-14.33 32-32V304h144c17.67 0 32-14.33 32-32v-32c0-17.67-14.33-32-32-32z\"><\/path><\/svg><\/span>\n\t\t<\/span>\n\n\t\t\t\t\t\t<\/summary>\n\t\t\t\t<div role=\"region\" aria-labelledby=\"e-n-accordion-item-8335\" class=\"elementor-element elementor-element-6d8be28a e-con-full e-flex e-con e-child\" data-id=\"6d8be28a\" data-element_type=\"container\" data-e-type=\"container\">\n\t\t\t\t<div class=\"elementor-element elementor-element-7df35b11 elementor-widget elementor-widget-text-editor\" data-id=\"7df35b11\" data-element_type=\"widget\" data-e-type=\"widget\" data-widget_type=\"text-editor.default\">\n\t\t\t\t<div class=\"elementor-widget-container\">\n\t\t\t\t\t\t\t\t\t<p>El aeropuerto de Madeira se encuentra a unos 20 minutos de Funchal en coche, lo que facilita llegar a la mayor\u00eda de los alojamientos vacacionales de la isla.<\/p>\t\t\t\t\t\t\t\t<\/div>\n\t\t\t\t<\/div>\n\t\t\t\t<\/div>\n\t\t\t\t\t<\/details>\n\t\t\t\t\t<\/div>\n\t\t\t\t\t\t<\/div>\n\t\t\t\t<\/div>\n\t\t\t\t<\/div>\n\t\t\t\t\t<\/div>\n\t\t\t\t<\/div>\n\t\t\t\t<\/div>\n\t\t","protected":false},"excerpt":{"rendered":"<p>Casas de alquiler vacacional en Calheta Tu estancia perfecta en villa en Calheta, Madeira Lujo Piscina Econ\u00f3mico Familias Nuestra selecci\u00f3n de casas de alquiler vacacional en Calheta Calheta &#8211; Ilha<\/p>\n","protected":false},"author":2,"featured_media":6067,"comment_status":"open","ping_status":"closed","sticky":false,"template":"","format":"standard","meta":{"footnotes":""},"categories":[81],"tags":[],"class_list":["post-6068","post","type-post","status-publish","format-standard","has-post-thumbnail","hentry","category-alquiler-vacacional"],"yoast_head":"<!-- This site is optimized with the Yoast SEO plugin v27.5 - https:\/\/yoast.com\/product\/yoast-seo-wordpress\/ -->\n<title>Casas de alquiler vacacional en Calheta | Atlantic Alquiler vacacional<\/title>\n<meta name=\"description\" content=\"Al\u00f3jate en casas de alquiler vacacional en Calheta con piscinas y jardines. Villas amplias en Madeira, ideales para familias y viajeros premium.\" \/>\n<meta name=\"robots\" content=\"index, follow, max-snippet:-1, max-image-preview:large, max-video-preview:-1\" \/>\n<link rel=\"canonical\" href=\"https:\/\/www.atlanticholidayrentals.com\/blog\/es\/alojamientos-vacacionales-calheta\/\" \/>\n<meta property=\"og:locale\" content=\"es_ES\" \/>\n<meta property=\"og:type\" content=\"article\" \/>\n<meta property=\"og:title\" content=\"Casas de alquiler vacacional en Calheta | Atlantic Alquiler vacacional\" \/>\n<meta property=\"og:description\" content=\"Al\u00f3jate en casas de alquiler vacacional en Calheta con piscinas y jardines. Villas amplias en Madeira, ideales para familias y viajeros premium.\" \/>\n<meta property=\"og:url\" content=\"https:\/\/www.atlanticholidayrentals.com\/blog\/es\/alojamientos-vacacionales-calheta\/\" \/>\n<meta property=\"og:site_name\" content=\"Blog\" \/>\n<meta property=\"article:published_time\" content=\"2026-04-23T15:19:04+00:00\" \/>\n<meta property=\"article:modified_time\" content=\"2026-04-24T10:17:09+00:00\" \/>\n<meta property=\"og:image\" content=\"https:\/\/www.atlanticholidayrentals.com\/blog\/wp-content\/uploads\/2026\/04\/calheta-holiday-houses\u200b.webp\" \/>\n\t<meta property=\"og:image:width\" content=\"1920\" \/>\n\t<meta property=\"og:image:height\" content=\"650\" \/>\n\t<meta property=\"og:image:type\" content=\"image\/webp\" \/>\n<meta name=\"author\" content=\"digitalservices\" \/>\n<meta name=\"twitter:card\" content=\"summary_large_image\" \/>\n<meta name=\"twitter:label1\" content=\"Escrito por\" \/>\n\t<meta name=\"twitter:data1\" content=\"digitalservices\" \/>\n\t<meta name=\"twitter:label2\" content=\"Tiempo de lectura\" \/>\n\t<meta name=\"twitter:data2\" content=\"7 minutos\" \/>\n<script type=\"application\/ld+json\" class=\"yoast-schema-graph\">{\"@context\":\"https:\\\/\\\/schema.org\",\"@graph\":[{\"@type\":\"Article\",\"@id\":\"https:\\\/\\\/www.atlanticholidayrentals.com\\\/blog\\\/es\\\/alojamientos-vacacionales-calheta\\\/#article\",\"isPartOf\":{\"@id\":\"https:\\\/\\\/www.atlanticholidayrentals.com\\\/blog\\\/es\\\/alojamientos-vacacionales-calheta\\\/\"},\"author\":{\"name\":\"digitalservices\",\"@id\":\"https:\\\/\\\/www.atlanticholidayrentals.com\\\/blog\\\/#\\\/schema\\\/person\\\/4ed40a36822f6a090c2c92a108486ae7\"},\"headline\":\"Casas de alquiler vacacional en Calheta\",\"datePublished\":\"2026-04-23T15:19:04+00:00\",\"dateModified\":\"2026-04-24T10:17:09+00:00\",\"mainEntityOfPage\":{\"@id\":\"https:\\\/\\\/www.atlanticholidayrentals.com\\\/blog\\\/es\\\/alojamientos-vacacionales-calheta\\\/\"},\"wordCount\":1430,\"commentCount\":0,\"image\":{\"@id\":\"https:\\\/\\\/www.atlanticholidayrentals.com\\\/blog\\\/es\\\/alojamientos-vacacionales-calheta\\\/#primaryimage\"},\"thumbnailUrl\":\"https:\\\/\\\/www.atlanticholidayrentals.com\\\/blog\\\/wp-content\\\/uploads\\\/2026\\\/04\\\/calheta-holiday-houses\u200b.webp\",\"articleSection\":[\"Alquiler Vacacional\"],\"inLanguage\":\"es\",\"potentialAction\":[{\"@type\":\"CommentAction\",\"name\":\"Comment\",\"target\":[\"https:\\\/\\\/www.atlanticholidayrentals.com\\\/blog\\\/es\\\/alojamientos-vacacionales-calheta\\\/#respond\"]}]},{\"@type\":\"WebPage\",\"@id\":\"https:\\\/\\\/www.atlanticholidayrentals.com\\\/blog\\\/es\\\/alojamientos-vacacionales-calheta\\\/\",\"url\":\"https:\\\/\\\/www.atlanticholidayrentals.com\\\/blog\\\/es\\\/alojamientos-vacacionales-calheta\\\/\",\"name\":\"Casas de alquiler vacacional en Calheta | Atlantic Alquiler vacacional\",\"isPartOf\":{\"@id\":\"https:\\\/\\\/www.atlanticholidayrentals.com\\\/blog\\\/#website\"},\"primaryImageOfPage\":{\"@id\":\"https:\\\/\\\/www.atlanticholidayrentals.com\\\/blog\\\/es\\\/alojamientos-vacacionales-calheta\\\/#primaryimage\"},\"image\":{\"@id\":\"https:\\\/\\\/www.atlanticholidayrentals.com\\\/blog\\\/es\\\/alojamientos-vacacionales-calheta\\\/#primaryimage\"},\"thumbnailUrl\":\"https:\\\/\\\/www.atlanticholidayrentals.com\\\/blog\\\/wp-content\\\/uploads\\\/2026\\\/04\\\/calheta-holiday-houses\u200b.webp\",\"datePublished\":\"2026-04-23T15:19:04+00:00\",\"dateModified\":\"2026-04-24T10:17:09+00:00\",\"author\":{\"@id\":\"https:\\\/\\\/www.atlanticholidayrentals.com\\\/blog\\\/#\\\/schema\\\/person\\\/4ed40a36822f6a090c2c92a108486ae7\"},\"description\":\"Al\u00f3jate en casas de alquiler vacacional en Calheta con piscinas y jardines. Villas amplias en Madeira, ideales para familias y viajeros premium.\",\"breadcrumb\":{\"@id\":\"https:\\\/\\\/www.atlanticholidayrentals.com\\\/blog\\\/es\\\/alojamientos-vacacionales-calheta\\\/#breadcrumb\"},\"inLanguage\":\"es\",\"potentialAction\":[{\"@type\":\"ReadAction\",\"target\":[\"https:\\\/\\\/www.atlanticholidayrentals.com\\\/blog\\\/es\\\/alojamientos-vacacionales-calheta\\\/\"]}]},{\"@type\":\"ImageObject\",\"inLanguage\":\"es\",\"@id\":\"https:\\\/\\\/www.atlanticholidayrentals.com\\\/blog\\\/es\\\/alojamientos-vacacionales-calheta\\\/#primaryimage\",\"url\":\"https:\\\/\\\/www.atlanticholidayrentals.com\\\/blog\\\/wp-content\\\/uploads\\\/2026\\\/04\\\/calheta-holiday-houses\u200b.webp\",\"contentUrl\":\"https:\\\/\\\/www.atlanticholidayrentals.com\\\/blog\\\/wp-content\\\/uploads\\\/2026\\\/04\\\/calheta-holiday-houses\u200b.webp\",\"width\":1920,\"height\":650,\"caption\":\"casas de alquiler vacacional en Calheta\"},{\"@type\":\"BreadcrumbList\",\"@id\":\"https:\\\/\\\/www.atlanticholidayrentals.com\\\/blog\\\/es\\\/alojamientos-vacacionales-calheta\\\/#breadcrumb\",\"itemListElement\":[{\"@type\":\"ListItem\",\"position\":1,\"name\":\"Home\",\"item\":\"https:\\\/\\\/www.atlanticholidayrentals.com\\\/blog\\\/es\\\/\"},{\"@type\":\"ListItem\",\"position\":2,\"name\":\"Casas de alquiler vacacional en Calheta\"}]},{\"@type\":\"WebSite\",\"@id\":\"https:\\\/\\\/www.atlanticholidayrentals.com\\\/blog\\\/#website\",\"url\":\"https:\\\/\\\/www.atlanticholidayrentals.com\\\/blog\\\/\",\"name\":\"Blog\",\"description\":\"Atlanticholidayrentals\",\"potentialAction\":[{\"@type\":\"SearchAction\",\"target\":{\"@type\":\"EntryPoint\",\"urlTemplate\":\"https:\\\/\\\/www.atlanticholidayrentals.com\\\/blog\\\/?s={search_term_string}\"},\"query-input\":{\"@type\":\"PropertyValueSpecification\",\"valueRequired\":true,\"valueName\":\"search_term_string\"}}],\"inLanguage\":\"es\"},{\"@type\":\"Person\",\"@id\":\"https:\\\/\\\/www.atlanticholidayrentals.com\\\/blog\\\/#\\\/schema\\\/person\\\/4ed40a36822f6a090c2c92a108486ae7\",\"name\":\"digitalservices\",\"image\":{\"@type\":\"ImageObject\",\"inLanguage\":\"es\",\"@id\":\"https:\\\/\\\/secure.gravatar.com\\\/avatar\\\/af30f88a1904294c1f3eb09a9d7903eec4ffa18fa2cf40c28a8681014ecdfc20?s=96&d=mm&r=g\",\"url\":\"https:\\\/\\\/secure.gravatar.com\\\/avatar\\\/af30f88a1904294c1f3eb09a9d7903eec4ffa18fa2cf40c28a8681014ecdfc20?s=96&d=mm&r=g\",\"contentUrl\":\"https:\\\/\\\/secure.gravatar.com\\\/avatar\\\/af30f88a1904294c1f3eb09a9d7903eec4ffa18fa2cf40c28a8681014ecdfc20?s=96&d=mm&r=g\",\"caption\":\"digitalservices\"},\"url\":\"https:\\\/\\\/www.atlanticholidayrentals.com\\\/blog\\\/es\\\/author\\\/digitalservices\\\/\"}]}<\/script>\n<!-- \/ Yoast SEO plugin. -->","yoast_head_json":{"title":"Casas de alquiler vacacional en Calheta | Atlantic Alquiler vacacional","description":"Al\u00f3jate en casas de alquiler vacacional en Calheta con piscinas y jardines. Villas amplias en Madeira, ideales para familias y viajeros premium.","robots":{"index":"index","follow":"follow","max-snippet":"max-snippet:-1","max-image-preview":"max-image-preview:large","max-video-preview":"max-video-preview:-1"},"canonical":"https:\/\/www.atlanticholidayrentals.com\/blog\/es\/alojamientos-vacacionales-calheta\/","og_locale":"es_ES","og_type":"article","og_title":"Casas de alquiler vacacional en Calheta | Atlantic Alquiler vacacional","og_description":"Al\u00f3jate en casas de alquiler vacacional en Calheta con piscinas y jardines. Villas amplias en Madeira, ideales para familias y viajeros premium.","og_url":"https:\/\/www.atlanticholidayrentals.com\/blog\/es\/alojamientos-vacacionales-calheta\/","og_site_name":"Blog","article_published_time":"2026-04-23T15:19:04+00:00","article_modified_time":"2026-04-24T10:17:09+00:00","og_image":[{"width":1920,"height":650,"url":"https:\/\/www.atlanticholidayrentals.com\/blog\/wp-content\/uploads\/2026\/04\/calheta-holiday-houses\u200b.webp","type":"image\/webp"}],"author":"digitalservices","twitter_card":"summary_large_image","twitter_misc":{"Escrito por":"digitalservices","Tiempo de lectura":"7 minutos"},"schema":{"@context":"https:\/\/schema.org","@graph":[{"@type":"Article","@id":"https:\/\/www.atlanticholidayrentals.com\/blog\/es\/alojamientos-vacacionales-calheta\/#article","isPartOf":{"@id":"https:\/\/www.atlanticholidayrentals.com\/blog\/es\/alojamientos-vacacionales-calheta\/"},"author":{"name":"digitalservices","@id":"https:\/\/www.atlanticholidayrentals.com\/blog\/#\/schema\/person\/4ed40a36822f6a090c2c92a108486ae7"},"headline":"Casas de alquiler vacacional en Calheta","datePublished":"2026-04-23T15:19:04+00:00","dateModified":"2026-04-24T10:17:09+00:00","mainEntityOfPage":{"@id":"https:\/\/www.atlanticholidayrentals.com\/blog\/es\/alojamientos-vacacionales-calheta\/"},"wordCount":1430,"commentCount":0,"image":{"@id":"https:\/\/www.atlanticholidayrentals.com\/blog\/es\/alojamientos-vacacionales-calheta\/#primaryimage"},"thumbnailUrl":"https:\/\/www.atlanticholidayrentals.com\/blog\/wp-content\/uploads\/2026\/04\/calheta-holiday-houses\u200b.webp","articleSection":["Alquiler Vacacional"],"inLanguage":"es","potentialAction":[{"@type":"CommentAction","name":"Comment","target":["https:\/\/www.atlanticholidayrentals.com\/blog\/es\/alojamientos-vacacionales-calheta\/#respond"]}]},{"@type":"WebPage","@id":"https:\/\/www.atlanticholidayrentals.com\/blog\/es\/alojamientos-vacacionales-calheta\/","url":"https:\/\/www.atlanticholidayrentals.com\/blog\/es\/alojamientos-vacacionales-calheta\/","name":"Casas de alquiler vacacional en Calheta | Atlantic Alquiler vacacional","isPartOf":{"@id":"https:\/\/www.atlanticholidayrentals.com\/blog\/#website"},"primaryImageOfPage":{"@id":"https:\/\/www.atlanticholidayrentals.com\/blog\/es\/alojamientos-vacacionales-calheta\/#primaryimage"},"image":{"@id":"https:\/\/www.atlanticholidayrentals.com\/blog\/es\/alojamientos-vacacionales-calheta\/#primaryimage"},"thumbnailUrl":"https:\/\/www.atlanticholidayrentals.com\/blog\/wp-content\/uploads\/2026\/04\/calheta-holiday-houses\u200b.webp","datePublished":"2026-04-23T15:19:04+00:00","dateModified":"2026-04-24T10:17:09+00:00","author":{"@id":"https:\/\/www.atlanticholidayrentals.com\/blog\/#\/schema\/person\/4ed40a36822f6a090c2c92a108486ae7"},"description":"Al\u00f3jate en casas de alquiler vacacional en Calheta con piscinas y jardines. Villas amplias en Madeira, ideales para familias y viajeros premium.","breadcrumb":{"@id":"https:\/\/www.atlanticholidayrentals.com\/blog\/es\/alojamientos-vacacionales-calheta\/#breadcrumb"},"inLanguage":"es","potentialAction":[{"@type":"ReadAction","target":["https:\/\/www.atlanticholidayrentals.com\/blog\/es\/alojamientos-vacacionales-calheta\/"]}]},{"@type":"ImageObject","inLanguage":"es","@id":"https:\/\/www.atlanticholidayrentals.com\/blog\/es\/alojamientos-vacacionales-calheta\/#primaryimage","url":"https:\/\/www.atlanticholidayrentals.com\/blog\/wp-content\/uploads\/2026\/04\/calheta-holiday-houses\u200b.webp","contentUrl":"https:\/\/www.atlanticholidayrentals.com\/blog\/wp-content\/uploads\/2026\/04\/calheta-holiday-houses\u200b.webp","width":1920,"height":650,"caption":"casas de alquiler vacacional en Calheta"},{"@type":"BreadcrumbList","@id":"https:\/\/www.atlanticholidayrentals.com\/blog\/es\/alojamientos-vacacionales-calheta\/#breadcrumb","itemListElement":[{"@type":"ListItem","position":1,"name":"Home","item":"https:\/\/www.atlanticholidayrentals.com\/blog\/es\/"},{"@type":"ListItem","position":2,"name":"Casas de alquiler vacacional en Calheta"}]},{"@type":"WebSite","@id":"https:\/\/www.atlanticholidayrentals.com\/blog\/#website","url":"https:\/\/www.atlanticholidayrentals.com\/blog\/","name":"Blog","description":"Atlanticholidayrentals","potentialAction":[{"@type":"SearchAction","target":{"@type":"EntryPoint","urlTemplate":"https:\/\/www.atlanticholidayrentals.com\/blog\/?s={search_term_string}"},"query-input":{"@type":"PropertyValueSpecification","valueRequired":true,"valueName":"search_term_string"}}],"inLanguage":"es"},{"@type":"Person","@id":"https:\/\/www.atlanticholidayrentals.com\/blog\/#\/schema\/person\/4ed40a36822f6a090c2c92a108486ae7","name":"digitalservices","image":{"@type":"ImageObject","inLanguage":"es","@id":"https:\/\/secure.gravatar.com\/avatar\/af30f88a1904294c1f3eb09a9d7903eec4ffa18fa2cf40c28a8681014ecdfc20?s=96&d=mm&r=g","url":"https:\/\/secure.gravatar.com\/avatar\/af30f88a1904294c1f3eb09a9d7903eec4ffa18fa2cf40c28a8681014ecdfc20?s=96&d=mm&r=g","contentUrl":"https:\/\/secure.gravatar.com\/avatar\/af30f88a1904294c1f3eb09a9d7903eec4ffa18fa2cf40c28a8681014ecdfc20?s=96&d=mm&r=g","caption":"digitalservices"},"url":"https:\/\/www.atlanticholidayrentals.com\/blog\/es\/author\/digitalservices\/"}]}},"_links":{"self":[{"href":"https:\/\/www.atlanticholidayrentals.com\/blog\/es\/wp-json\/wp\/v2\/posts\/6068","targetHints":{"allow":["GET"]}}],"collection":[{"href":"https:\/\/www.atlanticholidayrentals.com\/blog\/es\/wp-json\/wp\/v2\/posts"}],"about":[{"href":"https:\/\/www.atlanticholidayrentals.com\/blog\/es\/wp-json\/wp\/v2\/types\/post"}],"author":[{"embeddable":true,"href":"https:\/\/www.atlanticholidayrentals.com\/blog\/es\/wp-json\/wp\/v2\/users\/2"}],"replies":[{"embeddable":true,"href":"https:\/\/www.atlanticholidayrentals.com\/blog\/es\/wp-json\/wp\/v2\/comments?post=6068"}],"version-history":[{"count":1,"href":"https:\/\/www.atlanticholidayrentals.com\/blog\/es\/wp-json\/wp\/v2\/posts\/6068\/revisions"}],"predecessor-version":[{"id":6069,"href":"https:\/\/www.atlanticholidayrentals.com\/blog\/es\/wp-json\/wp\/v2\/posts\/6068\/revisions\/6069"}],"wp:featuredmedia":[{"embeddable":true,"href":"https:\/\/www.atlanticholidayrentals.com\/blog\/es\/wp-json\/wp\/v2\/media\/6067"}],"wp:attachment":[{"href":"https:\/\/www.atlanticholidayrentals.com\/blog\/es\/wp-json\/wp\/v2\/media?parent=6068"}],"wp:term":[{"taxonomy":"category","embeddable":true,"href":"https:\/\/www.atlanticholidayrentals.com\/blog\/es\/wp-json\/wp\/v2\/categories?post=6068"},{"taxonomy":"post_tag","embeddable":true,"href":"https:\/\/www.atlanticholidayrentals.com\/blog\/es\/wp-json\/wp\/v2\/tags?post=6068"}],"curies":[{"name":"wp","href":"https:\/\/api.w.org\/{rel}","templated":true}]}}