{"id":5995,"date":"2026-04-02T14:19:07","date_gmt":"2026-04-02T14:19:07","guid":{"rendered":"https:\/\/www.atlanticholidayrentals.com\/blog\/mirador-ponta-do-rosto-madeira\/"},"modified":"2026-04-22T14:43:24","modified_gmt":"2026-04-22T14:43:24","slug":"mirador-ponta-do-rosto-madeira","status":"publish","type":"post","link":"https:\/\/www.atlanticholidayrentals.com\/blog\/es\/mirador-ponta-do-rosto-madeira\/","title":{"rendered":"Miradouro da Ponta do Rosto: Gu\u00eda completa del mirador oriental de Madeira"},"content":{"rendered":"\t\t<div data-elementor-type=\"wp-post\" data-elementor-id=\"5995\" class=\"elementor elementor-5995 elementor-5562\" data-elementor-post-type=\"post\">\n\t\t\t\t<div class=\"elementor-element elementor-element-51a135d1 e-flex e-con-boxed e-con e-parent\" data-id=\"51a135d1\" data-element_type=\"container\" data-e-type=\"container\">\n\t\t\t\t\t<div class=\"e-con-inner\">\n\t\t\t\t<div class=\"elementor-element elementor-element-314bc905 elementor-widget elementor-widget-text-editor\" data-id=\"314bc905\" data-element_type=\"widget\" data-e-type=\"widget\" data-widget_type=\"text-editor.default\">\n\t\t\t\t<div class=\"elementor-widget-container\">\n\t\t\t\t\t\t\t\t\t<p><span style=\"font-weight: 400;\">Si te diriges hacia el este de Madeira, el Miradouro da Ponta do Rosto es uno de esos lugares que parece un poco apartado hasta que llegas, y entonces de repente entiendes por qu\u00e9 la gente se desv\u00eda para llegar hasta aqu\u00ed. Situado en el extremo oriental, cerca de Cani\u00e7al, este mirador ofrece vistas tanto de la costa norte como de la sur a la vez, con solo el Atl\u00e1ntico abierto por delante. <\/span><\/p><p><span style=\"font-weight: 400;\">No es exuberante como gran parte de Madeira. El paisaje aqu\u00ed es seco, expuesto y moldeado por el viento y la roca volc\u00e1nica. Eso es exactamente lo que lo hace destacar. En lugar de vegetaci\u00f3n, obtienes acantilados escarpados, colores en capas en la piedra y una costa que parece haber sido esculpida en lugar de haber crecido.   <\/span><\/p>\t\t\t\t\t\t\t\t<\/div>\n\t\t\t\t<\/div>\n\t\t\t\t\t<\/div>\n\t\t\t\t<\/div>\n\t\t<div class=\"elementor-element elementor-element-5a2a2ff5 e-flex e-con-boxed e-con e-parent\" data-id=\"5a2a2ff5\" data-element_type=\"container\" data-e-type=\"container\">\n\t\t\t\t\t<div class=\"e-con-inner\">\n\t\t\t\t<div class=\"elementor-element elementor-element-4470cd33 elementor-widget elementor-widget-table-of-contents\" data-id=\"4470cd33\" data-element_type=\"widget\" data-e-type=\"widget\" data-settings=\"{&quot;headings_by_tags&quot;:[&quot;h2&quot;],&quot;exclude_headings_by_selector&quot;:[],&quot;marker_view&quot;:&quot;bullets&quot;,&quot;icon&quot;:{&quot;value&quot;:&quot;&quot;,&quot;library&quot;:&quot;&quot;},&quot;no_headings_message&quot;:&quot;No headings were found on this page.&quot;,&quot;hierarchical_view&quot;:&quot;yes&quot;,&quot;min_height&quot;:{&quot;unit&quot;:&quot;px&quot;,&quot;size&quot;:&quot;&quot;,&quot;sizes&quot;:[]},&quot;min_height_tablet&quot;:{&quot;unit&quot;:&quot;px&quot;,&quot;size&quot;:&quot;&quot;,&quot;sizes&quot;:[]},&quot;min_height_mobile&quot;:{&quot;unit&quot;:&quot;px&quot;,&quot;size&quot;:&quot;&quot;,&quot;sizes&quot;:[]}}\" data-widget_type=\"table-of-contents.default\">\n\t\t\t\t<div class=\"elementor-widget-container\">\n\t\t\t\t\t\t\t\t\t<div class=\"elementor-toc__header\">\n\t\t\t\t\t\t<div class=\"elementor-toc__header-title\">\n\t\t\t\t\u00cdndice de Contenidos\t\t\t<\/div>\n\t\t\t\t\t\t\t\t<\/div>\n\t\t\t\t<div id=\"elementor-toc__4470cd33\" class=\"elementor-toc__body\">\n\t\t\t<div class=\"elementor-toc__spinner-container\">\n\t\t\t\t<svg class=\"elementor-toc__spinner eicon-animation-spin e-font-icon-svg e-eicon-loading\" aria-hidden=\"true\" viewBox=\"0 0 1000 1000\" xmlns=\"http:\/\/www.w3.org\/2000\/svg\"><path d=\"M500 975V858C696 858 858 696 858 500S696 142 500 142 142 304 142 500H25C25 237 238 25 500 25S975 237 975 500 763 975 500 975Z\"><\/path><\/svg>\t\t\t<\/div>\n\t\t<\/div>\n\t\t\t\t\t\t<\/div>\n\t\t\t\t<\/div>\n\t\t\t\t\t<\/div>\n\t\t\t\t<\/div>\n\t\t<div class=\"elementor-element elementor-element-74e80485 e-flex e-con-boxed e-con e-parent\" data-id=\"74e80485\" data-element_type=\"container\" data-e-type=\"container\">\n\t\t\t\t\t<div class=\"e-con-inner\">\n\t\t\t\t<div class=\"elementor-element elementor-element-da958ca elementor-widget elementor-widget-heading\" data-id=\"da958ca\" data-element_type=\"widget\" data-e-type=\"widget\" data-widget_type=\"heading.default\">\n\t\t\t\t<div class=\"elementor-widget-container\">\n\t\t\t\t\t<h2 class=\"elementor-heading-title elementor-size-default\">Qu\u00e9 ver y hacer en el Miradouro da Ponta do Rosto Madeira\n<\/h2>\t\t\t\t<\/div>\n\t\t\t\t<\/div>\n\t\t\t\t<div class=\"elementor-element elementor-element-680ac0c elementor-widget elementor-widget-text-editor\" data-id=\"680ac0c\" data-element_type=\"widget\" data-e-type=\"widget\" data-widget_type=\"text-editor.default\">\n\t\t\t\t<div class=\"elementor-widget-container\">\n\t\t\t\t\t\t\t\t\t<p><span style=\"font-weight: 400;\">Lo primero que notas en el Mirador de Ponta do Rosto es lo abierto que se siente todo. No hay \u00e1rboles que bloqueen la vista, ni edificios que compitan por la atenci\u00f3n, solo acantilados que caen al oc\u00e9ano y largas crestas que se extienden en ambas direcciones. <\/span><\/p><p><span style=\"font-weight: 400;\">Mira al norte y ver\u00e1s una costa m\u00e1s \u00e1spera y oscura, a menudo con olas rompiendo con m\u00e1s fuerza contra los acantilados. Gira al sur y suele haber aguas m\u00e1s tranquilas y un horizonte m\u00e1s claro. En un buen d\u00eda, el contraste entre ambos lados es obvio.  <\/span><\/p><p><span style=\"font-weight: 400;\">La geolog\u00eda es lo que m\u00e1s destaca. Los acantilados presentan vetas rojas, marrones y amarillas, y si miras de cerca, puedes ver las l\u00edneas y formaciones que insin\u00faan c\u00f3mo se form\u00f3 la isla. Es el tipo de lugar donde no necesitas un gu\u00eda para entender que Madeira es volc\u00e1nica; est\u00e1 escrito en el paisaje.  <\/span><\/p><p><span style=\"font-weight: 400;\">Tambi\u00e9n hay espacio para moverse. Incluso cuando aparecen algunos grupos para hacer fotos, rara vez se siente abarrotado. Puedes caminar un poco m\u00e1s por los senderos y encontrar tu propio \u00e1ngulo sin mucho esfuerzo. Solo ten en cuenta que hay muy pocas barreras, as\u00ed que no es un lugar para deambular sin cuidado, especialmente con ni\u00f1os.   <\/span><\/p><p><span style=\"font-weight: 400;\">El viento es un factor constante aqu\u00ed. Algunos d\u00edas es solo una brisa, otros es lo suficientemente fuerte como para que tengas que pisar con cuidado. Contribuye a la atm\u00f3sfera, pero vale la pena tenerlo en cuenta al planificar tu visita.  <\/span><\/p>\t\t\t\t\t\t\t\t<\/div>\n\t\t\t\t<\/div>\n\t\t\t\t<div class=\"elementor-element elementor-element-9bd4006 elementor-widget elementor-widget-image\" data-id=\"9bd4006\" data-element_type=\"widget\" data-e-type=\"widget\" data-widget_type=\"image.default\">\n\t\t\t\t<div class=\"elementor-widget-container\">\n\t\t\t\t\t\t\t\t\t\t\t\t\t\t\t<img fetchpriority=\"high\" decoding=\"async\" width=\"1360\" height=\"910\" src=\"https:\/\/www.atlanticholidayrentals.com\/blog\/wp-content\/uploads\/2026\/04\/Miradouro-da-Ponta-do-Rosto-Madeira.webp\" class=\"attachment-full size-full wp-image-5964\" alt=\"\" srcset=\"https:\/\/www.atlanticholidayrentals.com\/blog\/wp-content\/uploads\/2026\/04\/Miradouro-da-Ponta-do-Rosto-Madeira.webp 1360w, https:\/\/www.atlanticholidayrentals.com\/blog\/wp-content\/uploads\/2026\/04\/Miradouro-da-Ponta-do-Rosto-Madeira-300x201.webp 300w, https:\/\/www.atlanticholidayrentals.com\/blog\/wp-content\/uploads\/2026\/04\/Miradouro-da-Ponta-do-Rosto-Madeira-1024x685.webp 1024w, https:\/\/www.atlanticholidayrentals.com\/blog\/wp-content\/uploads\/2026\/04\/Miradouro-da-Ponta-do-Rosto-Madeira-768x514.webp 768w\" sizes=\"(max-width: 1360px) 100vw, 1360px\" \/>\t\t\t\t\t\t\t\t\t\t\t\t\t\t\t<\/div>\n\t\t\t\t<\/div>\n\t\t\t\t\t<\/div>\n\t\t\t\t<\/div>\n\t\t<div class=\"elementor-element elementor-element-3408181 e-flex e-con-boxed e-con e-parent\" data-id=\"3408181\" data-element_type=\"container\" data-e-type=\"container\">\n\t\t\t\t\t<div class=\"e-con-inner\">\n\t\t\t\t<div class=\"elementor-element elementor-element-675ea7a elementor-widget elementor-widget-heading\" data-id=\"675ea7a\" data-element_type=\"widget\" data-e-type=\"widget\" data-widget_type=\"heading.default\">\n\t\t\t\t<div class=\"elementor-widget-container\">\n\t\t\t\t\t<h2 class=\"elementor-heading-title elementor-size-default\">C\u00f3mo llegar al Mirador de Ponta do Rosto en Cani\u00e7al\n<\/h2>\t\t\t\t<\/div>\n\t\t\t\t<\/div>\n\t\t\t\t<div class=\"elementor-element elementor-element-20ddd3a elementor-widget elementor-widget-text-editor\" data-id=\"20ddd3a\" data-element_type=\"widget\" data-e-type=\"widget\" data-widget_type=\"text-editor.default\">\n\t\t\t\t<div class=\"elementor-widget-container\">\n\t\t\t\t\t\t\t\t\t<p><span style=\"font-weight: 400;\">Llegar al Miradouro da Ponta do Rosto Cani\u00e7al es sencillo si tienes coche, que es, en realidad, la mejor manera de llegar. Desde Funchal, el trayecto dura entre 30 y 40 minutos, dirigi\u00e9ndote hacia el este, hacia Machico, y luego continuando hasta Cani\u00e7al. <\/span><\/p><p><span style=\"font-weight: 400;\">Si ya est\u00e1s explorando el este de la isla, combina bien con una parada en <\/span><a href=\"https:\/\/www.atlanticholidayrentals.com\/blog\/machico\/\"><span style=\"font-weight: 400;\">Machico<\/span><\/a><span style=\"font-weight: 400;\"> o una visita a la <\/span><a href=\"https:\/\/www.atlanticholidayrentals.com\/blog\/machico-beach\/\"><span style=\"font-weight: 400;\">Playa de Machico<\/span><\/a><span style=\"font-weight: 400;\">, ambas de camino.<\/span><\/p><p><span style=\"font-weight: 400;\">El tramo final de la carretera se estrecha ligeramente, pero est\u00e1 asfaltado y es manejable. No necesitas un 4&#215;4 ni nada especializado, solo un poco de paciencia si viene otro coche en sentido contrario. <\/span><\/p><p><span style=\"font-weight: 400;\">El transporte p\u00fablico es limitado en esta zona, por lo que depender de los autobuses puede complicar la visita m\u00e1s de lo necesario.<\/span><\/p>\t\t\t\t\t\t\t\t<\/div>\n\t\t\t\t<\/div>\n\t\t\t\t<div class=\"elementor-element elementor-element-05cd012 elementor-widget elementor-widget-google_maps\" data-id=\"05cd012\" data-element_type=\"widget\" data-e-type=\"widget\" data-widget_type=\"google_maps.default\">\n\t\t\t\t<div class=\"elementor-widget-container\">\n\t\t\t\t\t\t\t<div class=\"elementor-custom-embed\">\n\t\t\t<iframe loading=\"lazy\"\n\t\t\t\t\tsrc=\"https:\/\/maps.google.com\/maps?q=Miradouro%20da%20Ponta%20do%20Rosto%20Madeira&#038;t=m&#038;z=10&#038;output=embed&#038;iwloc=near\"\n\t\t\t\t\ttitle=\"Miradouro da Ponta do Rosto Madeira\"\n\t\t\t\t\taria-label=\"Miradouro da Ponta do Rosto Madeira\"\n\t\t\t><\/iframe>\n\t\t<\/div>\n\t\t\t\t\t\t<\/div>\n\t\t\t\t<\/div>\n\t\t\t\t\t<\/div>\n\t\t\t\t<\/div>\n\t\t<div class=\"elementor-element elementor-element-17cef17 e-flex e-con-boxed e-con e-parent\" data-id=\"17cef17\" data-element_type=\"container\" data-e-type=\"container\">\n\t\t\t\t\t<div class=\"e-con-inner\">\n\t\t\t\t<div class=\"elementor-element elementor-element-23dc06e elementor-widget elementor-widget-heading\" data-id=\"23dc06e\" data-element_type=\"widget\" data-e-type=\"widget\" data-widget_type=\"heading.default\">\n\t\t\t\t<div class=\"elementor-widget-container\">\n\t\t\t\t\t<h2 class=\"elementor-heading-title elementor-size-default\">Informaci\u00f3n pr\u00e1ctica: acceso, aparcamiento y horarios\n<\/h2>\t\t\t\t<\/div>\n\t\t\t\t<\/div>\n\t\t\t\t<div class=\"elementor-element elementor-element-9c4e3f6 elementor-widget elementor-widget-text-editor\" data-id=\"9c4e3f6\" data-element_type=\"widget\" data-e-type=\"widget\" data-widget_type=\"text-editor.default\">\n\t\t\t\t<div class=\"elementor-widget-container\">\n\t\t\t\t\t\t\t\t\t<p><span style=\"font-weight: 400;\">El acceso al mirador es gratuito y hay una peque\u00f1a zona de aparcamiento justo en la entrada. Sin embargo, no se necesitan muchos coches para llenarla, por lo que el momento de la visita es importante. Por la ma\u00f1ana temprano o por la tarde suele haber menos gente.  <\/span><\/p><p><span style=\"font-weight: 400;\">Hay un peque\u00f1o bar y una tienda b\u00e1sica cerca, lo cual es \u00fatil dada la sensaci\u00f3n de lejan\u00eda del lugar. No es un sitio para planificar una larga parada para comer, pero es suficiente para tomar algo o un breve descanso. <\/span><\/p><p><span style=\"font-weight: 400;\">El atardecer es uno de los mejores momentos para visitarlo. Los colores de los acantilados se acent\u00faan y la luz sobre el oc\u00e9ano lo suaviza todo. Solo prep\u00e1rate para que el viento aumente a medida que el d\u00eda refresca.  <\/span><\/p><p><span style=\"font-weight: 400;\">Las condiciones en este lado de la isla pueden sentirse bastante diferentes a las de Funchal, especialmente en cuanto al viento, por lo que vale la pena consultar el tiempo antes de salir.<\/span><\/p>\t\t\t\t\t\t\t\t<\/div>\n\t\t\t\t<\/div>\n\t\t\t\t<div class=\"elementor-element elementor-element-36fdfeb elementor-widget elementor-widget-image\" data-id=\"36fdfeb\" data-element_type=\"widget\" data-e-type=\"widget\" data-widget_type=\"image.default\">\n\t\t\t\t<div class=\"elementor-widget-container\">\n\t\t\t\t\t\t\t\t\t\t\t\t\t\t\t<img decoding=\"async\" width=\"800\" height=\"450\" src=\"https:\/\/www.atlanticholidayrentals.com\/blog\/wp-content\/uploads\/2026\/04\/Ponta-do-Rosto-Madeira-1024x576.webp\" class=\"attachment-large size-large wp-image-5965\" alt=\"\" srcset=\"https:\/\/www.atlanticholidayrentals.com\/blog\/wp-content\/uploads\/2026\/04\/Ponta-do-Rosto-Madeira-1024x576.webp 1024w, https:\/\/www.atlanticholidayrentals.com\/blog\/wp-content\/uploads\/2026\/04\/Ponta-do-Rosto-Madeira-300x169.webp 300w, https:\/\/www.atlanticholidayrentals.com\/blog\/wp-content\/uploads\/2026\/04\/Ponta-do-Rosto-Madeira-768x432.webp 768w, https:\/\/www.atlanticholidayrentals.com\/blog\/wp-content\/uploads\/2026\/04\/Ponta-do-Rosto-Madeira.webp 1360w\" sizes=\"(max-width: 800px) 100vw, 800px\" \/>\t\t\t\t\t\t\t\t\t\t\t\t\t\t\t<\/div>\n\t\t\t\t<\/div>\n\t\t\t\t\t<\/div>\n\t\t\t\t<\/div>\n\t\t<div class=\"elementor-element elementor-element-297c512 e-flex e-con-boxed e-con e-parent\" data-id=\"297c512\" data-element_type=\"container\" data-e-type=\"container\">\n\t\t\t\t\t<div class=\"e-con-inner\">\n\t\t\t\t<div class=\"elementor-element elementor-element-b0fc3ba elementor-widget elementor-widget-heading\" data-id=\"b0fc3ba\" data-element_type=\"widget\" data-e-type=\"widget\" data-widget_type=\"heading.default\">\n\t\t\t\t<div class=\"elementor-widget-container\">\n\t\t\t\t\t<h2 class=\"elementor-heading-title elementor-size-default\">Puntos de inter\u00e9s cerca del Miradouro da Ponta do Rosto\n<\/h2>\t\t\t\t<\/div>\n\t\t\t\t<\/div>\n\t\t\t\t<div class=\"elementor-element elementor-element-8d368ff elementor-widget elementor-widget-text-editor\" data-id=\"8d368ff\" data-element_type=\"widget\" data-e-type=\"widget\" data-widget_type=\"text-editor.default\">\n\t\t\t\t<div class=\"elementor-widget-container\">\n\t\t\t\t\t\t\t\t\t<p><span style=\"font-weight: 400;\">La mayor\u00eda de la gente combina la visita al mirador con un viaje m\u00e1s amplio por el lado este de Madeira. Una de las adiciones m\u00e1s cercanas y obvias es el sendero Vereda da Ponta de S\u00e3o Louren\u00e7o, que comienza no muy lejos de aqu\u00ed. El sendero tiene unos 3 kil\u00f3metros en cada direcci\u00f3n y lleva al extremo oriental de Madeira. Incluso si no planeas recorrer la ruta completa, el paisaje a lo largo de la primera secci\u00f3n te ofrece m\u00e1s de la misma costa escarpada.   <\/span><\/p><p><span style=\"font-weight: 400;\">Si te interesan los miradores, tambi\u00e9n combina naturalmente con el <\/span><a href=\"https:\/\/www.atlanticholidayrentals.com\/blog\/es\/pico-do-facho-2\/\"><span style=\"font-weight: 400;\">Mirador de Pico do Facho<\/span><\/a><span style=\"font-weight: 400;\">, que domina Machico desde arriba y ofrece una perspectiva completamente diferente.<\/span><\/p><p><span style=\"font-weight: 400;\">M\u00e1s cerca de Funchal, zonas como <\/span><a href=\"https:\/\/www.atlanticholidayrentals.com\/blog\/es\/canico-madeira-2\/\"><span style=\"font-weight: 400;\">Cani\u00e7o<\/span><\/a><span style=\"font-weight: 400;\"> o <\/span><a href=\"https:\/\/www.atlanticholidayrentals.com\/blog\/canico-de-baixo\/\"><span style=\"font-weight: 400;\">Cani\u00e7o de Baixo<\/span><\/a><span style=\"font-weight: 400;\"> son buenos lugares para alojarse si quieres un f\u00e1cil acceso tanto al este como a la capital.<\/span><\/p><p><span style=\"font-weight: 400;\">Para un plan m\u00e1s amplio, gu\u00edas como <\/span><a href=\"https:\/\/www.atlanticholidayrentals.com\/blog\/things-to-do-in-madeira\/\"><span style=\"font-weight: 400;\">cosas que hacer en Madeira<\/span><\/a><span style=\"font-weight: 400;\"> o <\/span><a href=\"https:\/\/www.atlanticholidayrentals.com\/blog\/hikes-madeira\/\"><span style=\"font-weight: 400;\">rutas de senderismo en Madeira<\/span><\/a><span style=\"font-weight: 400;\"> ayudan a situar Ponta do Rosto dentro de un itinerario completo en lugar de tratarlo como una parada \u00fanica.<\/span><\/p>\t\t\t\t\t\t\t\t<\/div>\n\t\t\t\t<\/div>\n\t\t\t\t\t<\/div>\n\t\t\t\t<\/div>\n\t\t<div class=\"elementor-element elementor-element-66879ab e-flex e-con-boxed e-con e-parent\" data-id=\"66879ab\" data-element_type=\"container\" data-e-type=\"container\">\n\t\t\t\t\t<div class=\"e-con-inner\">\n\t\t\t\t<div class=\"elementor-element elementor-element-9b65e66 elementor-widget elementor-widget-heading\" data-id=\"9b65e66\" data-element_type=\"widget\" data-e-type=\"widget\" data-widget_type=\"heading.default\">\n\t\t\t\t<div class=\"elementor-widget-container\">\n\t\t\t\t\t<h2 class=\"elementor-heading-title elementor-size-default\">Por qu\u00e9 el Miradouro da Ponta do Rosto merece la pena a\u00f1adirlo a tu itinerario de Madeira\n<\/h2>\t\t\t\t<\/div>\n\t\t\t\t<\/div>\n\t\t\t\t<div class=\"elementor-element elementor-element-3dd8e44 elementor-widget elementor-widget-text-editor\" data-id=\"3dd8e44\" data-element_type=\"widget\" data-e-type=\"widget\" data-widget_type=\"text-editor.default\">\n\t\t\t\t<div class=\"elementor-widget-container\">\n\t\t\t\t\t\t\t\t\t<p><span style=\"font-weight: 400;\">El Miradouro da Ponta do Rosto es Madeira en su estado m\u00e1s expuesto. Sin distracciones, solo acantilados, oc\u00e9ano y viento. Es una parada r\u00e1pida que se queda contigo, especialmente una vez que has visto ambos lados de la isla desde un mismo punto.  <\/span><\/p><p><span style=\"font-weight: 400;\">Funciona mejor como parte de un recorrido m\u00e1s amplio por el este, combinado con Machico o S\u00e3o Louren\u00e7o, y luego equilibrado con tiempo en Funchal.<\/span><\/p><p><span style=\"font-weight: 400;\">Para el viaje en s\u00ed, tu base importa. Atlantic Holiday ofrece desde apartamentos frente al mar hasta villas m\u00e1s grandes con espacio y vistas, d\u00e1ndote f\u00e1cil acceso a lugares como Ponta do Rosto sin saturar demasiado tus d\u00edas.  <\/span><\/p><p><a href=\"https:\/\/www.atlanticholidayrentals.com\/\"><span style=\"font-weight: 400;\">Explora las opciones<\/span><\/a><span style=\"font-weight: 400;\"> y elige un lugar que te permita explorar adecuadamente, no solo de paso.<\/span><\/p>\t\t\t\t\t\t\t\t<\/div>\n\t\t\t\t<\/div>\n\t\t\t\t\t<\/div>\n\t\t\t\t<\/div>\n\t\t\t\t<\/div>\n\t\t","protected":false},"excerpt":{"rendered":"<p>Si te diriges hacia el este de Madeira, el Miradouro da Ponta do Rosto es uno de esos lugares que parece un poco apartado hasta que llegas, y entonces de [&hellip;]<\/p>\n","protected":false},"author":6,"featured_media":5966,"comment_status":"open","ping_status":"closed","sticky":false,"template":"","format":"standard","meta":{"footnotes":""},"categories":[92],"tags":[],"class_list":["post-5995","post","type-post","status-publish","format-standard","has-post-thumbnail","hentry","category-miradores"],"yoast_head":"<!-- This site is optimized with the Yoast SEO plugin v27.4 - https:\/\/yoast.com\/product\/yoast-seo-wordpress\/ -->\n<title>Miradouro da Ponta do Rosto, Madeira - Blog<\/title>\n<meta name=\"description\" content=\"Descubre los secretos del Miradouro da Ponta do Rosto. Dele\u00edtate con sus paisajes \u00fanicos y planifica tu escapada perfecta a Madeira. \u00a1Vis\u00edtalo ahora!\" \/>\n<meta name=\"robots\" content=\"index, follow, max-snippet:-1, max-image-preview:large, max-video-preview:-1\" \/>\n<link rel=\"canonical\" href=\"https:\/\/www.atlanticholidayrentals.com\/blog\/es\/mirador-ponta-do-rosto-madeira\/\" \/>\n<meta property=\"og:locale\" content=\"es_ES\" \/>\n<meta property=\"og:type\" content=\"article\" \/>\n<meta property=\"og:title\" content=\"Miradouro da Ponta do Rosto, Madeira - Blog\" \/>\n<meta property=\"og:description\" content=\"Descubre los secretos del Miradouro da Ponta do Rosto. Dele\u00edtate con sus paisajes \u00fanicos y planifica tu escapada perfecta a Madeira. \u00a1Vis\u00edtalo ahora!\" \/>\n<meta property=\"og:url\" content=\"https:\/\/www.atlanticholidayrentals.com\/blog\/es\/mirador-ponta-do-rosto-madeira\/\" \/>\n<meta property=\"og:site_name\" content=\"Blog\" \/>\n<meta property=\"article:published_time\" content=\"2026-04-02T14:19:07+00:00\" \/>\n<meta property=\"article:modified_time\" content=\"2026-04-22T14:43:24+00:00\" \/>\n<meta property=\"og:image\" content=\"https:\/\/www.atlanticholidayrentals.com\/blog\/wp-content\/uploads\/2026\/04\/Miradouro-da-Ponta-do-Rosto-in-Madeira.webp\" \/>\n\t<meta property=\"og:image:width\" content=\"1360\" \/>\n\t<meta property=\"og:image:height\" content=\"1020\" \/>\n\t<meta property=\"og:image:type\" content=\"image\/webp\" \/>\n<meta name=\"author\" content=\"Richard\" \/>\n<meta name=\"twitter:card\" content=\"summary_large_image\" \/>\n<meta name=\"twitter:label1\" content=\"Escrito por\" \/>\n\t<meta name=\"twitter:data1\" content=\"Richard\" \/>\n\t<meta name=\"twitter:label2\" content=\"Tiempo de lectura\" \/>\n\t<meta name=\"twitter:data2\" content=\"5 minutos\" \/>\n<script type=\"application\/ld+json\" class=\"yoast-schema-graph\">{\"@context\":\"https:\\\/\\\/schema.org\",\"@graph\":[{\"@type\":\"Article\",\"@id\":\"https:\\\/\\\/www.atlanticholidayrentals.com\\\/blog\\\/es\\\/mirador-ponta-do-rosto-madeira\\\/#article\",\"isPartOf\":{\"@id\":\"https:\\\/\\\/www.atlanticholidayrentals.com\\\/blog\\\/es\\\/mirador-ponta-do-rosto-madeira\\\/\"},\"author\":{\"name\":\"Richard\",\"@id\":\"https:\\\/\\\/www.atlanticholidayrentals.com\\\/blog\\\/#\\\/schema\\\/person\\\/ad3cabdee1032b4f701c81e7b6959d44\"},\"headline\":\"Miradouro da Ponta do Rosto: Gu\u00eda completa del mirador oriental de Madeira\",\"datePublished\":\"2026-04-02T14:19:07+00:00\",\"dateModified\":\"2026-04-22T14:43:24+00:00\",\"mainEntityOfPage\":{\"@id\":\"https:\\\/\\\/www.atlanticholidayrentals.com\\\/blog\\\/es\\\/mirador-ponta-do-rosto-madeira\\\/\"},\"wordCount\":1103,\"commentCount\":0,\"image\":{\"@id\":\"https:\\\/\\\/www.atlanticholidayrentals.com\\\/blog\\\/es\\\/mirador-ponta-do-rosto-madeira\\\/#primaryimage\"},\"thumbnailUrl\":\"https:\\\/\\\/www.atlanticholidayrentals.com\\\/blog\\\/wp-content\\\/uploads\\\/2026\\\/04\\\/Miradouro-da-Ponta-do-Rosto-in-Madeira.webp\",\"articleSection\":[\"Miradores\"],\"inLanguage\":\"es\",\"potentialAction\":[{\"@type\":\"CommentAction\",\"name\":\"Comment\",\"target\":[\"https:\\\/\\\/www.atlanticholidayrentals.com\\\/blog\\\/es\\\/mirador-ponta-do-rosto-madeira\\\/#respond\"]}]},{\"@type\":\"WebPage\",\"@id\":\"https:\\\/\\\/www.atlanticholidayrentals.com\\\/blog\\\/es\\\/mirador-ponta-do-rosto-madeira\\\/\",\"url\":\"https:\\\/\\\/www.atlanticholidayrentals.com\\\/blog\\\/es\\\/mirador-ponta-do-rosto-madeira\\\/\",\"name\":\"Miradouro da Ponta do Rosto, Madeira - Blog\",\"isPartOf\":{\"@id\":\"https:\\\/\\\/www.atlanticholidayrentals.com\\\/blog\\\/#website\"},\"primaryImageOfPage\":{\"@id\":\"https:\\\/\\\/www.atlanticholidayrentals.com\\\/blog\\\/es\\\/mirador-ponta-do-rosto-madeira\\\/#primaryimage\"},\"image\":{\"@id\":\"https:\\\/\\\/www.atlanticholidayrentals.com\\\/blog\\\/es\\\/mirador-ponta-do-rosto-madeira\\\/#primaryimage\"},\"thumbnailUrl\":\"https:\\\/\\\/www.atlanticholidayrentals.com\\\/blog\\\/wp-content\\\/uploads\\\/2026\\\/04\\\/Miradouro-da-Ponta-do-Rosto-in-Madeira.webp\",\"datePublished\":\"2026-04-02T14:19:07+00:00\",\"dateModified\":\"2026-04-22T14:43:24+00:00\",\"author\":{\"@id\":\"https:\\\/\\\/www.atlanticholidayrentals.com\\\/blog\\\/#\\\/schema\\\/person\\\/ad3cabdee1032b4f701c81e7b6959d44\"},\"description\":\"Descubre los secretos del Miradouro da Ponta do Rosto. Dele\u00edtate con sus paisajes \u00fanicos y planifica tu escapada perfecta a Madeira. \u00a1Vis\u00edtalo ahora!\",\"breadcrumb\":{\"@id\":\"https:\\\/\\\/www.atlanticholidayrentals.com\\\/blog\\\/es\\\/mirador-ponta-do-rosto-madeira\\\/#breadcrumb\"},\"inLanguage\":\"es\",\"potentialAction\":[{\"@type\":\"ReadAction\",\"target\":[\"https:\\\/\\\/www.atlanticholidayrentals.com\\\/blog\\\/es\\\/mirador-ponta-do-rosto-madeira\\\/\"]}]},{\"@type\":\"ImageObject\",\"inLanguage\":\"es\",\"@id\":\"https:\\\/\\\/www.atlanticholidayrentals.com\\\/blog\\\/es\\\/mirador-ponta-do-rosto-madeira\\\/#primaryimage\",\"url\":\"https:\\\/\\\/www.atlanticholidayrentals.com\\\/blog\\\/wp-content\\\/uploads\\\/2026\\\/04\\\/Miradouro-da-Ponta-do-Rosto-in-Madeira.webp\",\"contentUrl\":\"https:\\\/\\\/www.atlanticholidayrentals.com\\\/blog\\\/wp-content\\\/uploads\\\/2026\\\/04\\\/Miradouro-da-Ponta-do-Rosto-in-Madeira.webp\",\"width\":1360,\"height\":1020},{\"@type\":\"BreadcrumbList\",\"@id\":\"https:\\\/\\\/www.atlanticholidayrentals.com\\\/blog\\\/es\\\/mirador-ponta-do-rosto-madeira\\\/#breadcrumb\",\"itemListElement\":[{\"@type\":\"ListItem\",\"position\":1,\"name\":\"Home\",\"item\":\"https:\\\/\\\/www.atlanticholidayrentals.com\\\/blog\\\/es\\\/\"},{\"@type\":\"ListItem\",\"position\":2,\"name\":\"Miradouro da Ponta do Rosto: Gu\u00eda completa del mirador oriental de Madeira\"}]},{\"@type\":\"WebSite\",\"@id\":\"https:\\\/\\\/www.atlanticholidayrentals.com\\\/blog\\\/#website\",\"url\":\"https:\\\/\\\/www.atlanticholidayrentals.com\\\/blog\\\/\",\"name\":\"Blog\",\"description\":\"Atlanticholidayrentals\",\"potentialAction\":[{\"@type\":\"SearchAction\",\"target\":{\"@type\":\"EntryPoint\",\"urlTemplate\":\"https:\\\/\\\/www.atlanticholidayrentals.com\\\/blog\\\/?s={search_term_string}\"},\"query-input\":{\"@type\":\"PropertyValueSpecification\",\"valueRequired\":true,\"valueName\":\"search_term_string\"}}],\"inLanguage\":\"es\"},{\"@type\":\"Person\",\"@id\":\"https:\\\/\\\/www.atlanticholidayrentals.com\\\/blog\\\/#\\\/schema\\\/person\\\/ad3cabdee1032b4f701c81e7b6959d44\",\"name\":\"Richard\",\"image\":{\"@type\":\"ImageObject\",\"inLanguage\":\"es\",\"@id\":\"https:\\\/\\\/secure.gravatar.com\\\/avatar\\\/63f7d63df8bc500b7b072100eb25897597ec962e6be3ac33cf5045633fb5702a?s=96&d=mm&r=g\",\"url\":\"https:\\\/\\\/secure.gravatar.com\\\/avatar\\\/63f7d63df8bc500b7b072100eb25897597ec962e6be3ac33cf5045633fb5702a?s=96&d=mm&r=g\",\"contentUrl\":\"https:\\\/\\\/secure.gravatar.com\\\/avatar\\\/63f7d63df8bc500b7b072100eb25897597ec962e6be3ac33cf5045633fb5702a?s=96&d=mm&r=g\",\"caption\":\"Richard\"},\"url\":\"https:\\\/\\\/www.atlanticholidayrentals.com\\\/blog\\\/es\\\/author\\\/richard\\\/\"}]}<\/script>\n<!-- \/ Yoast SEO plugin. -->","yoast_head_json":{"title":"Miradouro da Ponta do Rosto, Madeira - Blog","description":"Descubre los secretos del Miradouro da Ponta do Rosto. Dele\u00edtate con sus paisajes \u00fanicos y planifica tu escapada perfecta a Madeira. \u00a1Vis\u00edtalo ahora!","robots":{"index":"index","follow":"follow","max-snippet":"max-snippet:-1","max-image-preview":"max-image-preview:large","max-video-preview":"max-video-preview:-1"},"canonical":"https:\/\/www.atlanticholidayrentals.com\/blog\/es\/mirador-ponta-do-rosto-madeira\/","og_locale":"es_ES","og_type":"article","og_title":"Miradouro da Ponta do Rosto, Madeira - Blog","og_description":"Descubre los secretos del Miradouro da Ponta do Rosto. Dele\u00edtate con sus paisajes \u00fanicos y planifica tu escapada perfecta a Madeira. \u00a1Vis\u00edtalo ahora!","og_url":"https:\/\/www.atlanticholidayrentals.com\/blog\/es\/mirador-ponta-do-rosto-madeira\/","og_site_name":"Blog","article_published_time":"2026-04-02T14:19:07+00:00","article_modified_time":"2026-04-22T14:43:24+00:00","og_image":[{"width":1360,"height":1020,"url":"https:\/\/www.atlanticholidayrentals.com\/blog\/wp-content\/uploads\/2026\/04\/Miradouro-da-Ponta-do-Rosto-in-Madeira.webp","type":"image\/webp"}],"author":"Richard","twitter_card":"summary_large_image","twitter_misc":{"Escrito por":"Richard","Tiempo de lectura":"5 minutos"},"schema":{"@context":"https:\/\/schema.org","@graph":[{"@type":"Article","@id":"https:\/\/www.atlanticholidayrentals.com\/blog\/es\/mirador-ponta-do-rosto-madeira\/#article","isPartOf":{"@id":"https:\/\/www.atlanticholidayrentals.com\/blog\/es\/mirador-ponta-do-rosto-madeira\/"},"author":{"name":"Richard","@id":"https:\/\/www.atlanticholidayrentals.com\/blog\/#\/schema\/person\/ad3cabdee1032b4f701c81e7b6959d44"},"headline":"Miradouro da Ponta do Rosto: Gu\u00eda completa del mirador oriental de Madeira","datePublished":"2026-04-02T14:19:07+00:00","dateModified":"2026-04-22T14:43:24+00:00","mainEntityOfPage":{"@id":"https:\/\/www.atlanticholidayrentals.com\/blog\/es\/mirador-ponta-do-rosto-madeira\/"},"wordCount":1103,"commentCount":0,"image":{"@id":"https:\/\/www.atlanticholidayrentals.com\/blog\/es\/mirador-ponta-do-rosto-madeira\/#primaryimage"},"thumbnailUrl":"https:\/\/www.atlanticholidayrentals.com\/blog\/wp-content\/uploads\/2026\/04\/Miradouro-da-Ponta-do-Rosto-in-Madeira.webp","articleSection":["Miradores"],"inLanguage":"es","potentialAction":[{"@type":"CommentAction","name":"Comment","target":["https:\/\/www.atlanticholidayrentals.com\/blog\/es\/mirador-ponta-do-rosto-madeira\/#respond"]}]},{"@type":"WebPage","@id":"https:\/\/www.atlanticholidayrentals.com\/blog\/es\/mirador-ponta-do-rosto-madeira\/","url":"https:\/\/www.atlanticholidayrentals.com\/blog\/es\/mirador-ponta-do-rosto-madeira\/","name":"Miradouro da Ponta do Rosto, Madeira - Blog","isPartOf":{"@id":"https:\/\/www.atlanticholidayrentals.com\/blog\/#website"},"primaryImageOfPage":{"@id":"https:\/\/www.atlanticholidayrentals.com\/blog\/es\/mirador-ponta-do-rosto-madeira\/#primaryimage"},"image":{"@id":"https:\/\/www.atlanticholidayrentals.com\/blog\/es\/mirador-ponta-do-rosto-madeira\/#primaryimage"},"thumbnailUrl":"https:\/\/www.atlanticholidayrentals.com\/blog\/wp-content\/uploads\/2026\/04\/Miradouro-da-Ponta-do-Rosto-in-Madeira.webp","datePublished":"2026-04-02T14:19:07+00:00","dateModified":"2026-04-22T14:43:24+00:00","author":{"@id":"https:\/\/www.atlanticholidayrentals.com\/blog\/#\/schema\/person\/ad3cabdee1032b4f701c81e7b6959d44"},"description":"Descubre los secretos del Miradouro da Ponta do Rosto. Dele\u00edtate con sus paisajes \u00fanicos y planifica tu escapada perfecta a Madeira. \u00a1Vis\u00edtalo ahora!","breadcrumb":{"@id":"https:\/\/www.atlanticholidayrentals.com\/blog\/es\/mirador-ponta-do-rosto-madeira\/#breadcrumb"},"inLanguage":"es","potentialAction":[{"@type":"ReadAction","target":["https:\/\/www.atlanticholidayrentals.com\/blog\/es\/mirador-ponta-do-rosto-madeira\/"]}]},{"@type":"ImageObject","inLanguage":"es","@id":"https:\/\/www.atlanticholidayrentals.com\/blog\/es\/mirador-ponta-do-rosto-madeira\/#primaryimage","url":"https:\/\/www.atlanticholidayrentals.com\/blog\/wp-content\/uploads\/2026\/04\/Miradouro-da-Ponta-do-Rosto-in-Madeira.webp","contentUrl":"https:\/\/www.atlanticholidayrentals.com\/blog\/wp-content\/uploads\/2026\/04\/Miradouro-da-Ponta-do-Rosto-in-Madeira.webp","width":1360,"height":1020},{"@type":"BreadcrumbList","@id":"https:\/\/www.atlanticholidayrentals.com\/blog\/es\/mirador-ponta-do-rosto-madeira\/#breadcrumb","itemListElement":[{"@type":"ListItem","position":1,"name":"Home","item":"https:\/\/www.atlanticholidayrentals.com\/blog\/es\/"},{"@type":"ListItem","position":2,"name":"Miradouro da Ponta do Rosto: Gu\u00eda completa del mirador oriental de Madeira"}]},{"@type":"WebSite","@id":"https:\/\/www.atlanticholidayrentals.com\/blog\/#website","url":"https:\/\/www.atlanticholidayrentals.com\/blog\/","name":"Blog","description":"Atlanticholidayrentals","potentialAction":[{"@type":"SearchAction","target":{"@type":"EntryPoint","urlTemplate":"https:\/\/www.atlanticholidayrentals.com\/blog\/?s={search_term_string}"},"query-input":{"@type":"PropertyValueSpecification","valueRequired":true,"valueName":"search_term_string"}}],"inLanguage":"es"},{"@type":"Person","@id":"https:\/\/www.atlanticholidayrentals.com\/blog\/#\/schema\/person\/ad3cabdee1032b4f701c81e7b6959d44","name":"Richard","image":{"@type":"ImageObject","inLanguage":"es","@id":"https:\/\/secure.gravatar.com\/avatar\/63f7d63df8bc500b7b072100eb25897597ec962e6be3ac33cf5045633fb5702a?s=96&d=mm&r=g","url":"https:\/\/secure.gravatar.com\/avatar\/63f7d63df8bc500b7b072100eb25897597ec962e6be3ac33cf5045633fb5702a?s=96&d=mm&r=g","contentUrl":"https:\/\/secure.gravatar.com\/avatar\/63f7d63df8bc500b7b072100eb25897597ec962e6be3ac33cf5045633fb5702a?s=96&d=mm&r=g","caption":"Richard"},"url":"https:\/\/www.atlanticholidayrentals.com\/blog\/es\/author\/richard\/"}]}},"_links":{"self":[{"href":"https:\/\/www.atlanticholidayrentals.com\/blog\/es\/wp-json\/wp\/v2\/posts\/5995","targetHints":{"allow":["GET"]}}],"collection":[{"href":"https:\/\/www.atlanticholidayrentals.com\/blog\/es\/wp-json\/wp\/v2\/posts"}],"about":[{"href":"https:\/\/www.atlanticholidayrentals.com\/blog\/es\/wp-json\/wp\/v2\/types\/post"}],"author":[{"embeddable":true,"href":"https:\/\/www.atlanticholidayrentals.com\/blog\/es\/wp-json\/wp\/v2\/users\/6"}],"replies":[{"embeddable":true,"href":"https:\/\/www.atlanticholidayrentals.com\/blog\/es\/wp-json\/wp\/v2\/comments?post=5995"}],"version-history":[{"count":3,"href":"https:\/\/www.atlanticholidayrentals.com\/blog\/es\/wp-json\/wp\/v2\/posts\/5995\/revisions"}],"predecessor-version":[{"id":5999,"href":"https:\/\/www.atlanticholidayrentals.com\/blog\/es\/wp-json\/wp\/v2\/posts\/5995\/revisions\/5999"}],"wp:featuredmedia":[{"embeddable":true,"href":"https:\/\/www.atlanticholidayrentals.com\/blog\/es\/wp-json\/wp\/v2\/media\/5966"}],"wp:attachment":[{"href":"https:\/\/www.atlanticholidayrentals.com\/blog\/es\/wp-json\/wp\/v2\/media?parent=5995"}],"wp:term":[{"taxonomy":"category","embeddable":true,"href":"https:\/\/www.atlanticholidayrentals.com\/blog\/es\/wp-json\/wp\/v2\/categories?post=5995"},{"taxonomy":"post_tag","embeddable":true,"href":"https:\/\/www.atlanticholidayrentals.com\/blog\/es\/wp-json\/wp\/v2\/tags?post=5995"}],"curies":[{"name":"wp","href":"https:\/\/api.w.org\/{rel}","templated":true}]}}