{"id":5983,"date":"2026-04-02T14:33:50","date_gmt":"2026-04-02T14:33:50","guid":{"rendered":"https:\/\/www.atlanticholidayrentals.com\/blog\/miradouro-da-eira-do-serrado\/"},"modified":"2026-04-22T14:31:50","modified_gmt":"2026-04-22T14:31:50","slug":"miradouro-da-eira-do-serrado","status":"publish","type":"post","link":"https:\/\/www.atlanticholidayrentals.com\/blog\/es\/miradouro-da-eira-do-serrado\/","title":{"rendered":"Visitar el Miradouro da Eira do Serrado: la mejor vista del valle de Madeira, explicada"},"content":{"rendered":"\t\t<div data-elementor-type=\"wp-post\" data-elementor-id=\"5983\" class=\"elementor elementor-5983 elementor-5567\" data-elementor-post-type=\"post\">\n\t\t\t\t<div class=\"elementor-element elementor-element-324c0cd8 e-flex e-con-boxed e-con e-parent\" data-id=\"324c0cd8\" data-element_type=\"container\" data-e-type=\"container\">\n\t\t\t\t\t<div class=\"e-con-inner\">\n\t\t\t\t<div class=\"elementor-element elementor-element-61db98de elementor-widget elementor-widget-text-editor\" data-id=\"61db98de\" data-element_type=\"widget\" data-e-type=\"widget\" data-widget_type=\"text-editor.default\">\n\t\t\t\t<div class=\"elementor-widget-container\">\n\t\t\t\t\t\t\t\t\t<p><span style=\"font-weight: 400;\">La mayor\u00eda de la gente visita el Miradouro da Eira do Serrado esperando una parada r\u00e1pida para hacer fotos de camino por las monta\u00f1as. A menudo se describe como uno de los mejores miradores de Madeira, lo que puede hacer que parezca un lugar concurrido, sobrevalorado o similar a otros de la isla. <\/span><\/p><p><span style=\"font-weight: 400;\">En realidad, destaca por lo accesible que es en comparaci\u00f3n con la magnitud de la vista. A los pocos minutos de salir del aparcamiento, est\u00e1s mirando directamente hacia Curral das Freiras, un valle profundo rodeado de crestas escarpadas, con muy pocas barreras o distracciones. Es un mirador sencillo, pero el paisaje lo hace casi todo.  <\/span><\/p>\t\t\t\t\t\t\t\t<\/div>\n\t\t\t\t<\/div>\n\t\t\t\t\t<\/div>\n\t\t\t\t<\/div>\n\t\t<div class=\"elementor-element elementor-element-18eead e-flex e-con-boxed e-con e-parent\" data-id=\"18eead\" data-element_type=\"container\" data-e-type=\"container\">\n\t\t\t\t\t<div class=\"e-con-inner\">\n\t\t\t\t<div class=\"elementor-element elementor-element-75dda795 elementor-widget elementor-widget-table-of-contents\" data-id=\"75dda795\" data-element_type=\"widget\" data-e-type=\"widget\" data-settings=\"{&quot;headings_by_tags&quot;:[&quot;h2&quot;],&quot;exclude_headings_by_selector&quot;:[],&quot;marker_view&quot;:&quot;bullets&quot;,&quot;icon&quot;:{&quot;value&quot;:&quot;&quot;,&quot;library&quot;:&quot;&quot;},&quot;no_headings_message&quot;:&quot;No headings were found on this page.&quot;,&quot;hierarchical_view&quot;:&quot;yes&quot;,&quot;min_height&quot;:{&quot;unit&quot;:&quot;px&quot;,&quot;size&quot;:&quot;&quot;,&quot;sizes&quot;:[]},&quot;min_height_tablet&quot;:{&quot;unit&quot;:&quot;px&quot;,&quot;size&quot;:&quot;&quot;,&quot;sizes&quot;:[]},&quot;min_height_mobile&quot;:{&quot;unit&quot;:&quot;px&quot;,&quot;size&quot;:&quot;&quot;,&quot;sizes&quot;:[]}}\" data-widget_type=\"table-of-contents.default\">\n\t\t\t\t<div class=\"elementor-widget-container\">\n\t\t\t\t\t\t\t\t\t<div class=\"elementor-toc__header\">\n\t\t\t\t\t\t<div class=\"elementor-toc__header-title\">\n\t\t\t\t\u00cdndice de Contenidos\t\t\t<\/div>\n\t\t\t\t\t\t\t\t<\/div>\n\t\t\t\t<div id=\"elementor-toc__75dda795\" class=\"elementor-toc__body\">\n\t\t\t<div class=\"elementor-toc__spinner-container\">\n\t\t\t\t<svg class=\"elementor-toc__spinner eicon-animation-spin e-font-icon-svg e-eicon-loading\" aria-hidden=\"true\" viewBox=\"0 0 1000 1000\" xmlns=\"http:\/\/www.w3.org\/2000\/svg\"><path d=\"M500 975V858C696 858 858 696 858 500S696 142 500 142 142 304 142 500H25C25 237 238 25 500 25S975 237 975 500 763 975 500 975Z\"><\/path><\/svg>\t\t\t<\/div>\n\t\t<\/div>\n\t\t\t\t\t\t<\/div>\n\t\t\t\t<\/div>\n\t\t\t\t\t<\/div>\n\t\t\t\t<\/div>\n\t\t<div class=\"elementor-element elementor-element-6f75e475 e-flex e-con-boxed e-con e-parent\" data-id=\"6f75e475\" data-element_type=\"container\" data-e-type=\"container\">\n\t\t\t\t\t<div class=\"e-con-inner\">\n\t\t\t\t<div class=\"elementor-element elementor-element-280032c1 elementor-widget elementor-widget-heading\" data-id=\"280032c1\" data-element_type=\"widget\" data-e-type=\"widget\" data-widget_type=\"heading.default\">\n\t\t\t\t<div class=\"elementor-widget-container\">\n\t\t\t\t\t<h2 class=\"elementor-heading-title elementor-size-default\">D\u00f3nde est\u00e1 y c\u00f3mo llegar al Miradouro da Eira do Serrado\n<\/h2>\t\t\t\t<\/div>\n\t\t\t\t<\/div>\n\t\t\t\t<div class=\"elementor-element elementor-element-6fb26897 elementor-widget elementor-widget-text-editor\" data-id=\"6fb26897\" data-element_type=\"widget\" data-e-type=\"widget\" data-widget_type=\"text-editor.default\">\n\t\t\t\t<div class=\"elementor-widget-container\">\n\t\t\t\t\t\t\t\t\t<p><span style=\"font-weight: 400;\">El Miradouro da Eira do Serrado est\u00e1 a unos 20\u201330 minutos de Funchal, en lo alto de las monta\u00f1as centrales, sobre Curral das Freiras. La ruta asciende de forma constante desde la costa, con carreteras sinuosas y un cambio notable de temperatura a medida que ganas altitud. <\/span><\/p><p><span style=\"font-weight: 400;\">Ir en coche es la forma m\u00e1s sencilla de llegar, con aparcamiento gratuito disponible cerca de la entrada. Tambi\u00e9n hay una opci\u00f3n fiable de transporte p\u00fablico. El autob\u00fas 81 sale de Funchal y para directamente en el mirador, lo que lo convierte en uno de los lugares de monta\u00f1a m\u00e1s f\u00e1ciles de visitar sin coche.  <\/span><\/p><p><span style=\"font-weight: 400;\">Una vez all\u00ed, el acceso al mirador es sencillo. Un camino corto y pavimentado sube desde el aparcamiento; se tarda unos cinco minutos a un ritmo constante y termina en la plataforma principal. <\/span><\/p><p><span style=\"font-weight: 400;\">Si planeas algo m\u00e1s que una parada r\u00e1pida, aqu\u00ed tambi\u00e9n empieza la ruta que baja a Curral das Freiras. El Nuns Path es un sendero de unos 2 km que desciende desde cerca del aparcamiento hasta el valle por un recorrido escalonado y bien definido. La mayor\u00eda de la gente baja andando en lugar de intentar la subida de vuelta, y luego usa el autob\u00fas 81 desde el pueblo para regresar al mirador o continuar hasta Funchal.  <\/span><\/p><p><span style=\"font-weight: 400;\">Si ya vas a pasar tiempo en la capital, encaja f\u00e1cilmente en una excursi\u00f3n de d\u00eda m\u00e1s amplia junto con ideas de esta gu\u00eda de <\/span><a href=\"https:\/\/www.atlanticholidayrentals.com\/blog\/es\/que-hacer-en-funchal\/\"><span style=\"font-weight: 400;\">cosas que hacer en Funchal<\/span><\/a><span style=\"font-weight: 400;\">, sobre todo si vas a combinar miradores con tiempo en la monta\u00f1a.<\/span><\/p>\t\t\t\t\t\t\t\t<\/div>\n\t\t\t\t<\/div>\n\t\t\t\t<div class=\"elementor-element elementor-element-f9aca06 elementor-widget elementor-widget-google_maps\" data-id=\"f9aca06\" data-element_type=\"widget\" data-e-type=\"widget\" data-widget_type=\"google_maps.default\">\n\t\t\t\t<div class=\"elementor-widget-container\">\n\t\t\t\t\t\t\t<div class=\"elementor-custom-embed\">\n\t\t\t<iframe loading=\"lazy\"\n\t\t\t\t\tsrc=\"https:\/\/maps.google.com\/maps?q=Miradouro%20da%20Eira%20do%20Serrado&#038;t=m&#038;z=12&#038;output=embed&#038;iwloc=near\"\n\t\t\t\t\ttitle=\"Miradouro da Eira do Serrado\"\n\t\t\t\t\taria-label=\"Miradouro da Eira do Serrado\"\n\t\t\t><\/iframe>\n\t\t<\/div>\n\t\t\t\t\t\t<\/div>\n\t\t\t\t<\/div>\n\t\t\t\t\t<\/div>\n\t\t\t\t<\/div>\n\t\t<div class=\"elementor-element elementor-element-7ac514d e-flex e-con-boxed e-con e-parent\" data-id=\"7ac514d\" data-element_type=\"container\" data-e-type=\"container\">\n\t\t\t\t\t<div class=\"e-con-inner\">\n\t\t\t\t<div class=\"elementor-element elementor-element-b7c95bd elementor-widget elementor-widget-heading\" data-id=\"b7c95bd\" data-element_type=\"widget\" data-e-type=\"widget\" data-widget_type=\"heading.default\">\n\t\t\t\t<div class=\"elementor-widget-container\">\n\t\t\t\t\t<h2 class=\"elementor-heading-title elementor-size-default\">Qu\u00e9 esperar de las vistas en el Miradouro da Eira do Serrado\n<\/h2>\t\t\t\t<\/div>\n\t\t\t\t<\/div>\n\t\t\t\t<div class=\"elementor-element elementor-element-b579f6e elementor-widget elementor-widget-text-editor\" data-id=\"b579f6e\" data-element_type=\"widget\" data-e-type=\"widget\" data-widget_type=\"text-editor.default\">\n\t\t\t\t<div class=\"elementor-widget-container\">\n\t\t\t\t\t\t\t\t\t<p><span style=\"font-weight: 400;\">Lo primero que llama la atenci\u00f3n es la profundidad. A 1.095 metros de altitud, no es una vista suave de ladera. El valle cae en picado bajo tus pies, con el pueblo de Curral das Freiras muy abajo, rodeado por paredes monta\u00f1osas empinadas, casi cerradas.  <\/span><\/p><p><span style=\"font-weight: 400;\">En un d\u00eda despejado, la escala se hace evidente. Capas de crestas verdes se extienden en todas direcciones, y el pueblo se ve peque\u00f1o y lejano, casi escondido del resto de la isla. <\/span><\/p><p><span style=\"font-weight: 400;\">La plataforma de observaci\u00f3n es sencilla, pero est\u00e1 muy bien situada. Al final hay una peque\u00f1a subida de escalones, pero nada dif\u00edcil. Es lo bastante accesible para la mayor\u00eda de visitantes, incluidas familias con cochecitos hasta cierto punto, aunque los \u00faltimos escalones pueden requerir un poco de esfuerzo.  <\/span><\/p><p><span style=\"font-weight: 400;\">Lo que destaca aqu\u00ed es lo r\u00e1pido que pueden cambiar las condiciones. Un minuto el valle est\u00e1 completamente visible y al siguiente queda parcialmente cubierto por nubes que se deslizan entre los picos. Aporta ambiente, pero tambi\u00e9n significa que el momento del d\u00eda puede afectar a lo que ves. Por la ma\u00f1ana suele haber vistas m\u00e1s claras, mientras que m\u00e1s tarde puede ser m\u00e1s impredecible.   <\/span><\/p>\t\t\t\t\t\t\t\t<\/div>\n\t\t\t\t<\/div>\n\t\t\t\t<div class=\"elementor-element elementor-element-1b488dc elementor-widget elementor-widget-image\" data-id=\"1b488dc\" data-element_type=\"widget\" data-e-type=\"widget\" data-widget_type=\"image.default\">\n\t\t\t\t<div class=\"elementor-widget-container\">\n\t\t\t\t\t\t\t\t\t\t\t\t\t\t\t<img fetchpriority=\"high\" decoding=\"async\" width=\"800\" height=\"389\" src=\"https:\/\/www.atlanticholidayrentals.com\/blog\/wp-content\/uploads\/2026\/04\/Miradouro-da-Eira-do-Serrado-Madeira-1024x498.webp\" class=\"attachment-large size-large wp-image-5976\" alt=\"\" srcset=\"https:\/\/www.atlanticholidayrentals.com\/blog\/wp-content\/uploads\/2026\/04\/Miradouro-da-Eira-do-Serrado-Madeira-1024x498.webp 1024w, https:\/\/www.atlanticholidayrentals.com\/blog\/wp-content\/uploads\/2026\/04\/Miradouro-da-Eira-do-Serrado-Madeira-300x146.webp 300w, https:\/\/www.atlanticholidayrentals.com\/blog\/wp-content\/uploads\/2026\/04\/Miradouro-da-Eira-do-Serrado-Madeira-768x373.webp 768w, https:\/\/www.atlanticholidayrentals.com\/blog\/wp-content\/uploads\/2026\/04\/Miradouro-da-Eira-do-Serrado-Madeira.webp 1360w\" sizes=\"(max-width: 800px) 100vw, 800px\" \/>\t\t\t\t\t\t\t\t\t\t\t\t\t\t\t<\/div>\n\t\t\t\t<\/div>\n\t\t\t\t\t<\/div>\n\t\t\t\t<\/div>\n\t\t<div class=\"elementor-element elementor-element-487e151 e-flex e-con-boxed e-con e-parent\" data-id=\"487e151\" data-element_type=\"container\" data-e-type=\"container\">\n\t\t\t\t\t<div class=\"e-con-inner\">\n\t\t\t\t<div class=\"elementor-element elementor-element-4058216 elementor-widget elementor-widget-heading\" data-id=\"4058216\" data-element_type=\"widget\" data-e-type=\"widget\" data-widget_type=\"heading.default\">\n\t\t\t\t<div class=\"elementor-widget-container\">\n\t\t\t\t\t<h2 class=\"elementor-heading-title elementor-size-default\">Informaci\u00f3n pr\u00e1ctica para visitar el Miradouro da Eira do Serrado\n<\/h2>\t\t\t\t<\/div>\n\t\t\t\t<\/div>\n\t\t\t\t<div class=\"elementor-element elementor-element-f15e041 elementor-widget elementor-widget-text-editor\" data-id=\"f15e041\" data-element_type=\"widget\" data-e-type=\"widget\" data-widget_type=\"text-editor.default\">\n\t\t\t\t<div class=\"elementor-widget-container\">\n\t\t\t\t\t\t\t\t\t<p><span style=\"font-weight: 400;\">A pesar del entorno espectacular, visitar el Miradouro da Eira do Serrado es sencillo. No hay entrada, y los servicios son mejores de lo que cabr\u00eda esperar en un mirador de monta\u00f1a. <\/span><\/p><p><span style=\"font-weight: 400;\">Cerca del aparcamiento encontrar\u00e1s una peque\u00f1a cafeter\u00eda, una tienda de recuerdos y aseos. No es un lugar donde vayas a pasar horas, pero es lo bastante c\u00f3modo para parar, tomar algo y disfrutar del entorno sin prisas. <\/span><\/p><p><span style=\"font-weight: 400;\">Por lo general hay aparcamiento, aunque en horas punta puede estar justo. A media ma\u00f1ana suele haber m\u00e1s gente, sobre todo cuando llegan los grupos organizados. Ir m\u00e1s temprano o a \u00faltima hora de la tarde suele significar una experiencia m\u00e1s tranquila.  <\/span><\/p><p><span style=\"font-weight: 400;\">Algo que a menudo pilla a la gente por sorpresa es la temperatura. Aunque en Funchal haga calor, aqu\u00ed puede sentirse bastante m\u00e1s fresco por la altitud y la exposici\u00f3n al viento. Llevar una chaqueta ligera es una buena idea, incluso en un d\u00eda soleado.  <\/span><\/p><p><span style=\"font-weight: 400;\">En cuanto al tiempo necesario, la mayor\u00eda de visitantes pasan aqu\u00ed entre 30 y 45 minutos. Es una parada corta, pero encaja f\u00e1cilmente en un d\u00eda m\u00e1s amplio explorando el interior de Madeira. <\/span><\/p><p><span style=\"font-weight: 400;\">Si est\u00e1s planificando tu viaje de forma m\u00e1s general, merece la pena consultar esta gu\u00eda sobre <\/span><a href=\"https:\/\/www.atlanticholidayrentals.com\/blog\/best-time-to-visit-madeira\/\"><span style=\"font-weight: 400;\">la mejor \u00e9poca para visitar Madeira<\/span><\/a><span style=\"font-weight: 400;\"> para entender c\u00f3mo el tiempo seg\u00fan la temporada puede afectar a la visibilidad en la monta\u00f1a.<\/span><\/p>\t\t\t\t\t\t\t\t<\/div>\n\t\t\t\t<\/div>\n\t\t\t\t<div class=\"elementor-element elementor-element-54b4be1 elementor-widget elementor-widget-image\" data-id=\"54b4be1\" data-element_type=\"widget\" data-e-type=\"widget\" data-widget_type=\"image.default\">\n\t\t\t\t<div class=\"elementor-widget-container\">\n\t\t\t\t\t\t\t\t\t\t\t\t\t\t\t<img decoding=\"async\" width=\"800\" height=\"451\" src=\"https:\/\/www.atlanticholidayrentals.com\/blog\/wp-content\/uploads\/2026\/04\/Miradouro-da-Eira-do-Serrado-views-1024x577.webp\" class=\"attachment-large size-large wp-image-5978\" alt=\"\" srcset=\"https:\/\/www.atlanticholidayrentals.com\/blog\/wp-content\/uploads\/2026\/04\/Miradouro-da-Eira-do-Serrado-views-1024x577.webp 1024w, https:\/\/www.atlanticholidayrentals.com\/blog\/wp-content\/uploads\/2026\/04\/Miradouro-da-Eira-do-Serrado-views-300x169.webp 300w, https:\/\/www.atlanticholidayrentals.com\/blog\/wp-content\/uploads\/2026\/04\/Miradouro-da-Eira-do-Serrado-views-768x433.webp 768w, https:\/\/www.atlanticholidayrentals.com\/blog\/wp-content\/uploads\/2026\/04\/Miradouro-da-Eira-do-Serrado-views.webp 1360w\" sizes=\"(max-width: 800px) 100vw, 800px\" \/>\t\t\t\t\t\t\t\t\t\t\t\t\t\t\t<\/div>\n\t\t\t\t<\/div>\n\t\t\t\t\t<\/div>\n\t\t\t\t<\/div>\n\t\t<div class=\"elementor-element elementor-element-7dda941 e-flex e-con-boxed e-con e-parent\" data-id=\"7dda941\" data-element_type=\"container\" data-e-type=\"container\">\n\t\t\t\t\t<div class=\"e-con-inner\">\n\t\t\t\t<div class=\"elementor-element elementor-element-2ce34ce elementor-widget elementor-widget-heading\" data-id=\"2ce34ce\" data-element_type=\"widget\" data-e-type=\"widget\" data-widget_type=\"heading.default\">\n\t\t\t\t<div class=\"elementor-widget-container\">\n\t\t\t\t\t<h2 class=\"elementor-heading-title elementor-size-default\">Otros lugares que visitar cerca del Miradouro da Eira do Serrado\n<\/h2>\t\t\t\t<\/div>\n\t\t\t\t<\/div>\n\t\t\t\t<div class=\"elementor-element elementor-element-189124a elementor-widget elementor-widget-text-editor\" data-id=\"189124a\" data-element_type=\"widget\" data-e-type=\"widget\" data-widget_type=\"text-editor.default\">\n\t\t\t\t<div class=\"elementor-widget-container\">\n\t\t\t\t\t\t\t\t\t<p><span style=\"font-weight: 400;\">Este mirador funciona mejor como parte de una ruta m\u00e1s amplia que como destino por s\u00ed solo. Despu\u00e9s de visitarlo, mucha gente contin\u00faa bajando a Curral das Freiras para ver el valle desde el nivel del suelo. El contraste entre ambas perspectivas ayuda a entender mejor el paisaje.  <\/span><\/p><p><span style=\"font-weight: 400;\">Si te interesan m\u00e1s miradores, en Madeira no faltan. El  <\/span><a href=\"https:\/\/www.atlanticholidayrentals.com\/blog\/es\/pico-dos-barcelos-viewpoint-2\/\"><span style=\"font-weight: 400;\">mirador Pico dos Barcelos<\/span><\/a><span style=\"font-weight: 400;\"> ofrece un \u00e1ngulo completamente distinto sobre Funchal, mientras que el <\/span><a href=\"https:\/\/www.atlanticholidayrentals.com\/blog\/es\/miradouro-da-portela-2\/\"><span style=\"font-weight: 400;\">Miradouro da Portela<\/span><\/a><span style=\"font-weight: 400;\">, en el lado este de la isla, ofrece una vista m\u00e1s amplia de la costa y el valle.<\/span><\/p><p><span style=\"font-weight: 400;\">Para quienes prefieren algo m\u00e1s activo, combinar miradores con rutas a pie es una buena opci\u00f3n. La red de senderos de Madeira es muy conocida, y esta gu\u00eda de  <\/span><a href=\"https:\/\/www.atlanticholidayrentals.com\/blog\/hikes-madeira\/\"><span style=\"font-weight: 400;\">rutas de senderismo en Madeira<\/span><\/a><span style=\"font-weight: 400;\"> es un buen punto de partida si quieres alargar tu tiempo al aire libre m\u00e1s all\u00e1 de paradas r\u00e1pidas.<\/span><\/p>\t\t\t\t\t\t\t\t<\/div>\n\t\t\t\t<\/div>\n\t\t\t\t<div class=\"elementor-element elementor-element-4508cb9 elementor-widget elementor-widget-image\" data-id=\"4508cb9\" data-element_type=\"widget\" data-e-type=\"widget\" data-widget_type=\"image.default\">\n\t\t\t\t<div class=\"elementor-widget-container\">\n\t\t\t\t\t\t\t\t\t\t\t\t\t\t\t<img decoding=\"async\" src=\"https:\/\/www.atlanticholidayrentals.com\/blog\/wp-content\/uploads\/elementor\/thumbs\/Miradouro-da-Eira-do-Serrado-rlf3g5hpgqkcj8p4em6kd390y3vb9e8dcpl9arnfjk.webp\" title=\"Miradouro-da-Eira-do-Serrado\" alt=\"Miradouro-da-Eira-do-Serrado\" loading=\"lazy\" \/>\t\t\t\t\t\t\t\t\t\t\t\t\t\t\t<\/div>\n\t\t\t\t<\/div>\n\t\t\t\t\t<\/div>\n\t\t\t\t<\/div>\n\t\t<div class=\"elementor-element elementor-element-cdc5c47 e-flex e-con-boxed e-con e-parent\" data-id=\"cdc5c47\" data-element_type=\"container\" data-e-type=\"container\">\n\t\t\t\t\t<div class=\"e-con-inner\">\n\t\t\t\t<div class=\"elementor-element elementor-element-810c0f5 elementor-widget elementor-widget-heading\" data-id=\"810c0f5\" data-element_type=\"widget\" data-e-type=\"widget\" data-widget_type=\"heading.default\">\n\t\t\t\t<div class=\"elementor-widget-container\">\n\t\t\t\t\t<h2 class=\"elementor-heading-title elementor-size-default\">Por qu\u00e9 merece la pena incluir el Miradouro da Eira do Serrado en tu viaje a Madeira\n<\/h2>\t\t\t\t<\/div>\n\t\t\t\t<\/div>\n\t\t\t\t<div class=\"elementor-element elementor-element-6641589 elementor-widget elementor-widget-text-editor\" data-id=\"6641589\" data-element_type=\"widget\" data-e-type=\"widget\" data-widget_type=\"text-editor.default\">\n\t\t\t\t<div class=\"elementor-widget-container\">\n\t\t\t\t\t\t\t\t\t<p><span style=\"font-weight: 400;\">El Miradouro da Eira do Serrado merece una visita por una raz\u00f3n sencilla: te ofrece una vista clara y directa del interior de Madeira sin tener que comprometerte con una caminata larga ni con un plan de d\u00eda completo. Llegas, recorres un sendero corto y, en cuesti\u00f3n de minutos, est\u00e1s mirando hacia uno de los paisajes m\u00e1s caracter\u00edsticos de la isla. <\/span><\/p><p><span style=\"font-weight: 400;\">Encaja f\u00e1cilmente en una ruta m\u00e1s amplia, sin necesidad de que sea el centro de tu d\u00eda. Comb\u00ednalo con un recorrido en coche por la monta\u00f1a o una parada en Curral das Freiras, y pasar\u00e1 a formar parte de una visi\u00f3n m\u00e1s completa de Madeira m\u00e1s all\u00e1 de la costa. <\/span><\/p><p><span style=\"font-weight: 400;\">Si est\u00e1s decidiendo d\u00f3nde alojarte, ayuda estar en un lugar desde el que tanto la monta\u00f1a como Funchal queden a mano. <\/span><\/p><p><span style=\"font-weight: 400;\">Puedes <\/span><a href=\"https:\/\/www.atlanticholidayrentals.com\/\"><span style=\"font-weight: 400;\">ver alojamientos de Atlantic Holiday<\/span><\/a><span style=\"font-weight: 400;\"> para encontrar opciones que faciliten moverte, sin a\u00f1adir tiempos de desplazamiento innecesarios a tus d\u00edas.<\/span><\/p>\t\t\t\t\t\t\t\t<\/div>\n\t\t\t\t<\/div>\n\t\t\t\t\t<\/div>\n\t\t\t\t<\/div>\n\t\t\t\t<\/div>\n\t\t","protected":false},"excerpt":{"rendered":"<p>La mayor\u00eda de la gente visita el Miradouro da Eira do Serrado esperando una parada r\u00e1pida para hacer fotos de camino por las monta\u00f1as. A menudo se describe como uno [&hellip;]<\/p>\n","protected":false},"author":6,"featured_media":5982,"comment_status":"open","ping_status":"closed","sticky":false,"template":"","format":"standard","meta":{"footnotes":""},"categories":[92],"tags":[],"class_list":["post-5983","post","type-post","status-publish","format-standard","has-post-thumbnail","hentry","category-miradores"],"yoast_head":"<!-- This site is optimized with the Yoast SEO plugin v27.4 - https:\/\/yoast.com\/product\/yoast-seo-wordpress\/ -->\n<title>Miradouro da Eira do Serrado - Blog<\/title>\n<meta name=\"description\" content=\"Explora las impresionantes vistas desde el Miradouro da Eira do Serrado. Disfruta del paisaje \u00fanico de Madeira y planifica tu ruta ideal.\" \/>\n<meta name=\"robots\" content=\"index, follow, max-snippet:-1, max-image-preview:large, max-video-preview:-1\" \/>\n<link rel=\"canonical\" href=\"https:\/\/www.atlanticholidayrentals.com\/blog\/es\/miradouro-da-eira-do-serrado\/\" \/>\n<meta property=\"og:locale\" content=\"es_ES\" \/>\n<meta property=\"og:type\" content=\"article\" \/>\n<meta property=\"og:title\" content=\"Miradouro da Eira do Serrado - Blog\" \/>\n<meta property=\"og:description\" content=\"Explora las impresionantes vistas desde el Miradouro da Eira do Serrado. Disfruta del paisaje \u00fanico de Madeira y planifica tu ruta ideal.\" \/>\n<meta property=\"og:url\" content=\"https:\/\/www.atlanticholidayrentals.com\/blog\/es\/miradouro-da-eira-do-serrado\/\" \/>\n<meta property=\"og:site_name\" content=\"Blog\" \/>\n<meta property=\"article:published_time\" content=\"2026-04-02T14:33:50+00:00\" \/>\n<meta property=\"article:modified_time\" content=\"2026-04-22T14:31:50+00:00\" \/>\n<meta property=\"og:image\" content=\"https:\/\/www.atlanticholidayrentals.com\/blog\/wp-content\/uploads\/2026\/04\/Miradouro-da-Eira-do-Serrado-valley.webp\" \/>\n\t<meta property=\"og:image:width\" content=\"1360\" \/>\n\t<meta property=\"og:image:height\" content=\"1020\" \/>\n\t<meta property=\"og:image:type\" content=\"image\/webp\" \/>\n<meta name=\"author\" content=\"Richard\" \/>\n<meta name=\"twitter:card\" content=\"summary_large_image\" \/>\n<meta name=\"twitter:label1\" content=\"Escrito por\" \/>\n\t<meta name=\"twitter:data1\" content=\"Richard\" \/>\n\t<meta name=\"twitter:label2\" content=\"Tiempo de lectura\" \/>\n\t<meta name=\"twitter:data2\" content=\"6 minutos\" \/>\n<script type=\"application\/ld+json\" class=\"yoast-schema-graph\">{\"@context\":\"https:\\\/\\\/schema.org\",\"@graph\":[{\"@type\":\"Article\",\"@id\":\"https:\\\/\\\/www.atlanticholidayrentals.com\\\/blog\\\/es\\\/miradouro-da-eira-do-serrado\\\/#article\",\"isPartOf\":{\"@id\":\"https:\\\/\\\/www.atlanticholidayrentals.com\\\/blog\\\/es\\\/miradouro-da-eira-do-serrado\\\/\"},\"author\":{\"name\":\"Richard\",\"@id\":\"https:\\\/\\\/www.atlanticholidayrentals.com\\\/blog\\\/#\\\/schema\\\/person\\\/ad3cabdee1032b4f701c81e7b6959d44\"},\"headline\":\"Visitar el Miradouro da Eira do Serrado: la mejor vista del valle de Madeira, explicada\",\"datePublished\":\"2026-04-02T14:33:50+00:00\",\"dateModified\":\"2026-04-22T14:31:50+00:00\",\"mainEntityOfPage\":{\"@id\":\"https:\\\/\\\/www.atlanticholidayrentals.com\\\/blog\\\/es\\\/miradouro-da-eira-do-serrado\\\/\"},\"wordCount\":1247,\"commentCount\":0,\"image\":{\"@id\":\"https:\\\/\\\/www.atlanticholidayrentals.com\\\/blog\\\/es\\\/miradouro-da-eira-do-serrado\\\/#primaryimage\"},\"thumbnailUrl\":\"https:\\\/\\\/www.atlanticholidayrentals.com\\\/blog\\\/wp-content\\\/uploads\\\/2026\\\/04\\\/Miradouro-da-Eira-do-Serrado-valley.webp\",\"articleSection\":[\"Miradores\"],\"inLanguage\":\"es\",\"potentialAction\":[{\"@type\":\"CommentAction\",\"name\":\"Comment\",\"target\":[\"https:\\\/\\\/www.atlanticholidayrentals.com\\\/blog\\\/es\\\/miradouro-da-eira-do-serrado\\\/#respond\"]}]},{\"@type\":\"WebPage\",\"@id\":\"https:\\\/\\\/www.atlanticholidayrentals.com\\\/blog\\\/es\\\/miradouro-da-eira-do-serrado\\\/\",\"url\":\"https:\\\/\\\/www.atlanticholidayrentals.com\\\/blog\\\/es\\\/miradouro-da-eira-do-serrado\\\/\",\"name\":\"Miradouro da Eira do Serrado - Blog\",\"isPartOf\":{\"@id\":\"https:\\\/\\\/www.atlanticholidayrentals.com\\\/blog\\\/#website\"},\"primaryImageOfPage\":{\"@id\":\"https:\\\/\\\/www.atlanticholidayrentals.com\\\/blog\\\/es\\\/miradouro-da-eira-do-serrado\\\/#primaryimage\"},\"image\":{\"@id\":\"https:\\\/\\\/www.atlanticholidayrentals.com\\\/blog\\\/es\\\/miradouro-da-eira-do-serrado\\\/#primaryimage\"},\"thumbnailUrl\":\"https:\\\/\\\/www.atlanticholidayrentals.com\\\/blog\\\/wp-content\\\/uploads\\\/2026\\\/04\\\/Miradouro-da-Eira-do-Serrado-valley.webp\",\"datePublished\":\"2026-04-02T14:33:50+00:00\",\"dateModified\":\"2026-04-22T14:31:50+00:00\",\"author\":{\"@id\":\"https:\\\/\\\/www.atlanticholidayrentals.com\\\/blog\\\/#\\\/schema\\\/person\\\/ad3cabdee1032b4f701c81e7b6959d44\"},\"description\":\"Explora las impresionantes vistas desde el Miradouro da Eira do Serrado. Disfruta del paisaje \u00fanico de Madeira y planifica tu ruta ideal.\",\"breadcrumb\":{\"@id\":\"https:\\\/\\\/www.atlanticholidayrentals.com\\\/blog\\\/es\\\/miradouro-da-eira-do-serrado\\\/#breadcrumb\"},\"inLanguage\":\"es\",\"potentialAction\":[{\"@type\":\"ReadAction\",\"target\":[\"https:\\\/\\\/www.atlanticholidayrentals.com\\\/blog\\\/es\\\/miradouro-da-eira-do-serrado\\\/\"]}]},{\"@type\":\"ImageObject\",\"inLanguage\":\"es\",\"@id\":\"https:\\\/\\\/www.atlanticholidayrentals.com\\\/blog\\\/es\\\/miradouro-da-eira-do-serrado\\\/#primaryimage\",\"url\":\"https:\\\/\\\/www.atlanticholidayrentals.com\\\/blog\\\/wp-content\\\/uploads\\\/2026\\\/04\\\/Miradouro-da-Eira-do-Serrado-valley.webp\",\"contentUrl\":\"https:\\\/\\\/www.atlanticholidayrentals.com\\\/blog\\\/wp-content\\\/uploads\\\/2026\\\/04\\\/Miradouro-da-Eira-do-Serrado-valley.webp\",\"width\":1360,\"height\":1020},{\"@type\":\"BreadcrumbList\",\"@id\":\"https:\\\/\\\/www.atlanticholidayrentals.com\\\/blog\\\/es\\\/miradouro-da-eira-do-serrado\\\/#breadcrumb\",\"itemListElement\":[{\"@type\":\"ListItem\",\"position\":1,\"name\":\"Home\",\"item\":\"https:\\\/\\\/www.atlanticholidayrentals.com\\\/blog\\\/es\\\/\"},{\"@type\":\"ListItem\",\"position\":2,\"name\":\"Visitar el Miradouro da Eira do Serrado: la mejor vista del valle de Madeira, explicada\"}]},{\"@type\":\"WebSite\",\"@id\":\"https:\\\/\\\/www.atlanticholidayrentals.com\\\/blog\\\/#website\",\"url\":\"https:\\\/\\\/www.atlanticholidayrentals.com\\\/blog\\\/\",\"name\":\"Blog\",\"description\":\"Atlanticholidayrentals\",\"potentialAction\":[{\"@type\":\"SearchAction\",\"target\":{\"@type\":\"EntryPoint\",\"urlTemplate\":\"https:\\\/\\\/www.atlanticholidayrentals.com\\\/blog\\\/?s={search_term_string}\"},\"query-input\":{\"@type\":\"PropertyValueSpecification\",\"valueRequired\":true,\"valueName\":\"search_term_string\"}}],\"inLanguage\":\"es\"},{\"@type\":\"Person\",\"@id\":\"https:\\\/\\\/www.atlanticholidayrentals.com\\\/blog\\\/#\\\/schema\\\/person\\\/ad3cabdee1032b4f701c81e7b6959d44\",\"name\":\"Richard\",\"image\":{\"@type\":\"ImageObject\",\"inLanguage\":\"es\",\"@id\":\"https:\\\/\\\/secure.gravatar.com\\\/avatar\\\/63f7d63df8bc500b7b072100eb25897597ec962e6be3ac33cf5045633fb5702a?s=96&d=mm&r=g\",\"url\":\"https:\\\/\\\/secure.gravatar.com\\\/avatar\\\/63f7d63df8bc500b7b072100eb25897597ec962e6be3ac33cf5045633fb5702a?s=96&d=mm&r=g\",\"contentUrl\":\"https:\\\/\\\/secure.gravatar.com\\\/avatar\\\/63f7d63df8bc500b7b072100eb25897597ec962e6be3ac33cf5045633fb5702a?s=96&d=mm&r=g\",\"caption\":\"Richard\"},\"url\":\"https:\\\/\\\/www.atlanticholidayrentals.com\\\/blog\\\/es\\\/author\\\/richard\\\/\"}]}<\/script>\n<!-- \/ Yoast SEO plugin. -->","yoast_head_json":{"title":"Miradouro da Eira do Serrado - Blog","description":"Explora las impresionantes vistas desde el Miradouro da Eira do Serrado. Disfruta del paisaje \u00fanico de Madeira y planifica tu ruta ideal.","robots":{"index":"index","follow":"follow","max-snippet":"max-snippet:-1","max-image-preview":"max-image-preview:large","max-video-preview":"max-video-preview:-1"},"canonical":"https:\/\/www.atlanticholidayrentals.com\/blog\/es\/miradouro-da-eira-do-serrado\/","og_locale":"es_ES","og_type":"article","og_title":"Miradouro da Eira do Serrado - Blog","og_description":"Explora las impresionantes vistas desde el Miradouro da Eira do Serrado. Disfruta del paisaje \u00fanico de Madeira y planifica tu ruta ideal.","og_url":"https:\/\/www.atlanticholidayrentals.com\/blog\/es\/miradouro-da-eira-do-serrado\/","og_site_name":"Blog","article_published_time":"2026-04-02T14:33:50+00:00","article_modified_time":"2026-04-22T14:31:50+00:00","og_image":[{"width":1360,"height":1020,"url":"https:\/\/www.atlanticholidayrentals.com\/blog\/wp-content\/uploads\/2026\/04\/Miradouro-da-Eira-do-Serrado-valley.webp","type":"image\/webp"}],"author":"Richard","twitter_card":"summary_large_image","twitter_misc":{"Escrito por":"Richard","Tiempo de lectura":"6 minutos"},"schema":{"@context":"https:\/\/schema.org","@graph":[{"@type":"Article","@id":"https:\/\/www.atlanticholidayrentals.com\/blog\/es\/miradouro-da-eira-do-serrado\/#article","isPartOf":{"@id":"https:\/\/www.atlanticholidayrentals.com\/blog\/es\/miradouro-da-eira-do-serrado\/"},"author":{"name":"Richard","@id":"https:\/\/www.atlanticholidayrentals.com\/blog\/#\/schema\/person\/ad3cabdee1032b4f701c81e7b6959d44"},"headline":"Visitar el Miradouro da Eira do Serrado: la mejor vista del valle de Madeira, explicada","datePublished":"2026-04-02T14:33:50+00:00","dateModified":"2026-04-22T14:31:50+00:00","mainEntityOfPage":{"@id":"https:\/\/www.atlanticholidayrentals.com\/blog\/es\/miradouro-da-eira-do-serrado\/"},"wordCount":1247,"commentCount":0,"image":{"@id":"https:\/\/www.atlanticholidayrentals.com\/blog\/es\/miradouro-da-eira-do-serrado\/#primaryimage"},"thumbnailUrl":"https:\/\/www.atlanticholidayrentals.com\/blog\/wp-content\/uploads\/2026\/04\/Miradouro-da-Eira-do-Serrado-valley.webp","articleSection":["Miradores"],"inLanguage":"es","potentialAction":[{"@type":"CommentAction","name":"Comment","target":["https:\/\/www.atlanticholidayrentals.com\/blog\/es\/miradouro-da-eira-do-serrado\/#respond"]}]},{"@type":"WebPage","@id":"https:\/\/www.atlanticholidayrentals.com\/blog\/es\/miradouro-da-eira-do-serrado\/","url":"https:\/\/www.atlanticholidayrentals.com\/blog\/es\/miradouro-da-eira-do-serrado\/","name":"Miradouro da Eira do Serrado - Blog","isPartOf":{"@id":"https:\/\/www.atlanticholidayrentals.com\/blog\/#website"},"primaryImageOfPage":{"@id":"https:\/\/www.atlanticholidayrentals.com\/blog\/es\/miradouro-da-eira-do-serrado\/#primaryimage"},"image":{"@id":"https:\/\/www.atlanticholidayrentals.com\/blog\/es\/miradouro-da-eira-do-serrado\/#primaryimage"},"thumbnailUrl":"https:\/\/www.atlanticholidayrentals.com\/blog\/wp-content\/uploads\/2026\/04\/Miradouro-da-Eira-do-Serrado-valley.webp","datePublished":"2026-04-02T14:33:50+00:00","dateModified":"2026-04-22T14:31:50+00:00","author":{"@id":"https:\/\/www.atlanticholidayrentals.com\/blog\/#\/schema\/person\/ad3cabdee1032b4f701c81e7b6959d44"},"description":"Explora las impresionantes vistas desde el Miradouro da Eira do Serrado. Disfruta del paisaje \u00fanico de Madeira y planifica tu ruta ideal.","breadcrumb":{"@id":"https:\/\/www.atlanticholidayrentals.com\/blog\/es\/miradouro-da-eira-do-serrado\/#breadcrumb"},"inLanguage":"es","potentialAction":[{"@type":"ReadAction","target":["https:\/\/www.atlanticholidayrentals.com\/blog\/es\/miradouro-da-eira-do-serrado\/"]}]},{"@type":"ImageObject","inLanguage":"es","@id":"https:\/\/www.atlanticholidayrentals.com\/blog\/es\/miradouro-da-eira-do-serrado\/#primaryimage","url":"https:\/\/www.atlanticholidayrentals.com\/blog\/wp-content\/uploads\/2026\/04\/Miradouro-da-Eira-do-Serrado-valley.webp","contentUrl":"https:\/\/www.atlanticholidayrentals.com\/blog\/wp-content\/uploads\/2026\/04\/Miradouro-da-Eira-do-Serrado-valley.webp","width":1360,"height":1020},{"@type":"BreadcrumbList","@id":"https:\/\/www.atlanticholidayrentals.com\/blog\/es\/miradouro-da-eira-do-serrado\/#breadcrumb","itemListElement":[{"@type":"ListItem","position":1,"name":"Home","item":"https:\/\/www.atlanticholidayrentals.com\/blog\/es\/"},{"@type":"ListItem","position":2,"name":"Visitar el Miradouro da Eira do Serrado: la mejor vista del valle de Madeira, explicada"}]},{"@type":"WebSite","@id":"https:\/\/www.atlanticholidayrentals.com\/blog\/#website","url":"https:\/\/www.atlanticholidayrentals.com\/blog\/","name":"Blog","description":"Atlanticholidayrentals","potentialAction":[{"@type":"SearchAction","target":{"@type":"EntryPoint","urlTemplate":"https:\/\/www.atlanticholidayrentals.com\/blog\/?s={search_term_string}"},"query-input":{"@type":"PropertyValueSpecification","valueRequired":true,"valueName":"search_term_string"}}],"inLanguage":"es"},{"@type":"Person","@id":"https:\/\/www.atlanticholidayrentals.com\/blog\/#\/schema\/person\/ad3cabdee1032b4f701c81e7b6959d44","name":"Richard","image":{"@type":"ImageObject","inLanguage":"es","@id":"https:\/\/secure.gravatar.com\/avatar\/63f7d63df8bc500b7b072100eb25897597ec962e6be3ac33cf5045633fb5702a?s=96&d=mm&r=g","url":"https:\/\/secure.gravatar.com\/avatar\/63f7d63df8bc500b7b072100eb25897597ec962e6be3ac33cf5045633fb5702a?s=96&d=mm&r=g","contentUrl":"https:\/\/secure.gravatar.com\/avatar\/63f7d63df8bc500b7b072100eb25897597ec962e6be3ac33cf5045633fb5702a?s=96&d=mm&r=g","caption":"Richard"},"url":"https:\/\/www.atlanticholidayrentals.com\/blog\/es\/author\/richard\/"}]}},"_links":{"self":[{"href":"https:\/\/www.atlanticholidayrentals.com\/blog\/es\/wp-json\/wp\/v2\/posts\/5983","targetHints":{"allow":["GET"]}}],"collection":[{"href":"https:\/\/www.atlanticholidayrentals.com\/blog\/es\/wp-json\/wp\/v2\/posts"}],"about":[{"href":"https:\/\/www.atlanticholidayrentals.com\/blog\/es\/wp-json\/wp\/v2\/types\/post"}],"author":[{"embeddable":true,"href":"https:\/\/www.atlanticholidayrentals.com\/blog\/es\/wp-json\/wp\/v2\/users\/6"}],"replies":[{"embeddable":true,"href":"https:\/\/www.atlanticholidayrentals.com\/blog\/es\/wp-json\/wp\/v2\/comments?post=5983"}],"version-history":[{"count":3,"href":"https:\/\/www.atlanticholidayrentals.com\/blog\/es\/wp-json\/wp\/v2\/posts\/5983\/revisions"}],"predecessor-version":[{"id":5986,"href":"https:\/\/www.atlanticholidayrentals.com\/blog\/es\/wp-json\/wp\/v2\/posts\/5983\/revisions\/5986"}],"wp:featuredmedia":[{"embeddable":true,"href":"https:\/\/www.atlanticholidayrentals.com\/blog\/es\/wp-json\/wp\/v2\/media\/5982"}],"wp:attachment":[{"href":"https:\/\/www.atlanticholidayrentals.com\/blog\/es\/wp-json\/wp\/v2\/media?parent=5983"}],"wp:term":[{"taxonomy":"category","embeddable":true,"href":"https:\/\/www.atlanticholidayrentals.com\/blog\/es\/wp-json\/wp\/v2\/categories?post=5983"},{"taxonomy":"post_tag","embeddable":true,"href":"https:\/\/www.atlanticholidayrentals.com\/blog\/es\/wp-json\/wp\/v2\/tags?post=5983"}],"curies":[{"name":"wp","href":"https:\/\/api.w.org\/{rel}","templated":true}]}}