{"id":6091,"date":"2026-04-24T11:48:11","date_gmt":"2026-04-24T11:48:11","guid":{"rendered":"https:\/\/www.atlanticholidayrentals.com\/blog\/luxury-holidays-madeira\/"},"modified":"2026-04-24T12:38:24","modified_gmt":"2026-04-24T12:38:24","slug":"luxury-holidays-madeira","status":"publish","type":"post","link":"https:\/\/www.atlanticholidayrentals.com\/blog\/de\/luxury-holidays-madeira\/","title":{"rendered":"Luxusurlaub auf Madeira"},"content":{"rendered":"\t\t<div data-elementor-type=\"wp-post\" data-elementor-id=\"6091\" class=\"elementor elementor-6091 elementor-6070\" data-elementor-post-type=\"post\">\n\t\t\t\t<div class=\"elementor-element elementor-element-3b12a6e3 e-con-full e-flex e-con e-parent\" data-id=\"3b12a6e3\" data-element_type=\"container\" data-e-type=\"container\" data-settings=\"{&quot;background_background&quot;:&quot;classic&quot;}\">\n\t\t\t\t<div class=\"elementor-element elementor-element-34a7a333 elementor-widget elementor-widget-heading\" data-id=\"34a7a333\" data-element_type=\"widget\" data-e-type=\"widget\" data-widget_type=\"heading.default\">\n\t\t\t\t<div class=\"elementor-widget-container\">\n\t\t\t\t\t<h1 class=\"elementor-heading-title elementor-size-default\">Luxusurlaub auf Madeira <\/h1>\t\t\t\t<\/div>\n\t\t\t\t<\/div>\n\t\t\t\t<div class=\"elementor-element elementor-element-382cb935 elementor-widget elementor-widget-heading\" data-id=\"382cb935\" data-element_type=\"widget\" data-e-type=\"widget\" data-widget_type=\"heading.default\">\n\t\t\t\t<div class=\"elementor-widget-container\">\n\t\t\t\t\t<h3 class=\"elementor-heading-title elementor-size-default\">Exklusive Villenaufenthalte f\u00fcr Ihren Madeira-Urlaub<\/h3>\t\t\t\t<\/div>\n\t\t\t\t<\/div>\n\t\t\t\t<\/div>\n\t\t<div class=\"elementor-element elementor-element-66afa0dd e-flex e-con-boxed e-con e-parent\" data-id=\"66afa0dd\" data-element_type=\"container\" data-e-type=\"container\">\n\t\t\t\t\t<div class=\"e-con-inner\">\n\t\t<div class=\"elementor-element elementor-element-51296082 e-grid e-con-full e-con e-child\" data-id=\"51296082\" data-element_type=\"container\" data-e-type=\"container\">\n\t\t<div class=\"elementor-element elementor-element-6d12940e e-con-full e-flex e-con e-child\" data-id=\"6d12940e\" data-element_type=\"container\" data-e-type=\"container\">\n\t\t\t\t<div class=\"elementor-element elementor-element-3c0c79e3 elementor-widget elementor-widget-heading\" data-id=\"3c0c79e3\" data-element_type=\"widget\" data-e-type=\"widget\" data-widget_type=\"heading.default\">\n\t\t\t\t<div class=\"elementor-widget-container\">\n\t\t\t\t\t<h2 class=\"elementor-heading-title elementor-size-default\"><a href=\"https:\/\/www.atlanticholidayrentals.com\/de\/luxus-villa-madeira\/\">Luxus<\/a><\/h2>\t\t\t\t<\/div>\n\t\t\t\t<\/div>\n\t\t\t\t<\/div>\n\t\t<div class=\"elementor-element elementor-element-10fa623 e-con-full e-flex e-con e-child\" data-id=\"10fa623\" data-element_type=\"container\" data-e-type=\"container\">\n\t\t\t\t<div class=\"elementor-element elementor-element-1e62a7d0 elementor-widget elementor-widget-heading\" data-id=\"1e62a7d0\" data-element_type=\"widget\" data-e-type=\"widget\" data-widget_type=\"heading.default\">\n\t\t\t\t<div class=\"elementor-widget-container\">\n\t\t\t\t\t<h2 class=\"elementor-heading-title elementor-size-default\"><a href=\"https:\/\/www.atlanticholidayrentals.com\/de\/madeira-villa-pool\/\">Pool<\/a><\/h2>\t\t\t\t<\/div>\n\t\t\t\t<\/div>\n\t\t\t\t<\/div>\n\t\t<div class=\"elementor-element elementor-element-ce334ed e-con-full e-flex e-con e-child\" data-id=\"ce334ed\" data-element_type=\"container\" data-e-type=\"container\">\n\t\t\t\t<div class=\"elementor-element elementor-element-5d0ab0c3 elementor-widget elementor-widget-heading\" data-id=\"5d0ab0c3\" data-element_type=\"widget\" data-e-type=\"widget\" data-widget_type=\"heading.default\">\n\t\t\t\t<div class=\"elementor-widget-container\">\n\t\t\t\t\t<h2 class=\"elementor-heading-title elementor-size-default\"><a href=\"https:\/\/www.atlanticholidayrentals.com\/de\/madeira-romantisch\/\">Paare<\/a><\/h2>\t\t\t\t<\/div>\n\t\t\t\t<\/div>\n\t\t\t\t<\/div>\n\t\t<div class=\"elementor-element elementor-element-8efad25 e-con-full e-flex e-con e-child\" data-id=\"8efad25\" data-element_type=\"container\" data-e-type=\"container\">\n\t\t\t\t<div class=\"elementor-element elementor-element-462b33c0 elementor-widget elementor-widget-heading\" data-id=\"462b33c0\" data-element_type=\"widget\" data-e-type=\"widget\" data-widget_type=\"heading.default\">\n\t\t\t\t<div class=\"elementor-widget-container\">\n\t\t\t\t\t<h2 class=\"elementor-heading-title elementor-size-default\"><a href=\"https:\/\/www.atlanticholidayrentals.com\/de\/familienurlaub-madeira\/\">Familien<\/a><\/h2>\t\t\t\t<\/div>\n\t\t\t\t<\/div>\n\t\t\t\t<\/div>\n\t\t\t\t<\/div>\n\t\t\t\t\t<\/div>\n\t\t\t\t<\/div>\n\t\t<div class=\"elementor-element elementor-element-5b12b317 e-flex e-con-boxed e-con e-parent\" data-id=\"5b12b317\" data-element_type=\"container\" data-e-type=\"container\">\n\t\t\t\t\t<div class=\"e-con-inner\">\n\t\t\t\t<div class=\"elementor-element elementor-element-400dda2c elementor-widget elementor-widget-heading\" data-id=\"400dda2c\" data-element_type=\"widget\" data-e-type=\"widget\" data-widget_type=\"heading.default\">\n\t\t\t\t<div class=\"elementor-widget-container\">\n\t\t\t\t\t<h2 class=\"elementor-heading-title elementor-size-default\">Unsere Auswahl an Villen f\u00fcr Luxusurlaub auf Madeira<\/h2>\t\t\t\t<\/div>\n\t\t\t\t<\/div>\n\t\t\t\t<div class=\"elementor-element elementor-element-209ff4ec elementor-widget elementor-widget-grid\" data-id=\"209ff4ec\" data-element_type=\"widget\" data-e-type=\"widget\" data-widget_type=\"grid.default\">\n\t\t\t\t<div class=\"elementor-widget-container\">\n\t\t\t\t\t\t\t<div class=\"its--row alojamientos-recomendados\">\n\n\t\t\t<div class=\"alojamientos-recomendados-container\">\n\n\t\t\t\t\t\n\t\t\t\t\t<a href=\"https:\/\/www.atlanticholidayrentals.com\/de\/vermietung\/villa-estreito-calheta-villa-de-la-ponte-383781.html\" rel=\"nofollow\" style=\"width: 23%;\">\n\t\t\t\t\t\t<div class=\"apartamento-box\">\n\t\t\t\t\t\t\t<div class=\"imagen_recomendados\">\n\t\t\t\t\t\t\t\t<img decoding=\"async\" src=\"https:\/\/crs.avantio.com\/fotos\/2\/164795331146283ae6e4074994c60d1a5cb87e4dfb\/big167941330031db8d9c0a359622176e5fa8ee7cc8e5.jpg\" alt=\"Villa de la Ponte by Atlantic Holiday\">\n\t\t\t\t\t\t\t<\/div>\n\t\t\t\t\t\t\t<div class=\"info\">\n\t\t\t\t\t\t\t\t<div class=\"ubicacion\">\n\t\t\t\t\t\t\t\t\t<i class=\"fa-solid fa-location-dot icono-mapa\"><\/i><span class=\"ubicacion-texto\">Estreito Calheta - Ilha da Madeira<\/span>\n\t\t\t\t\t\t\t\t<\/div>\n\t\t\t\t\t\t\t\t<H3 class=\"titulo-alojamiento\">\n\t\t\t\t\t\t\t\t\tVilla de la Ponte by Atlantic Holiday\t\t\t\t\t\t\t\t<\/H3>\n\t\t\t\t\t\t\t\t<p class=\"precio-alojamiento\">Aus <span class=\"precio\">196.00\u20ac<\/span> pro Nacht<\/p>\n\t\t\t\t\t\t\t<\/div>\n\t\t\t\t\t\t<\/div>\n\t\t\t\t\t<\/a> \n\t\t\t\t\t\t\n\t\t\t\t\t<a href=\"https:\/\/www.atlanticholidayrentals.com\/de\/vermietung\/villa-ribeira-brava-villa-ocean-haven-402035.html\" rel=\"nofollow\" style=\"width: 23%;\">\n\t\t\t\t\t\t<div class=\"apartamento-box\">\n\t\t\t\t\t\t\t<div class=\"imagen_recomendados\">\n\t\t\t\t\t\t\t\t<img decoding=\"async\" src=\"https:\/\/crs.avantio.com\/fotos\/2\/166307210658ff47228a0975da0993bf5cd7150ebd\/big16789971756d0822b0ebae19d2e0d9560729dcd140.jpg\" alt=\"Villa Ocean Haven by Atlantic Holiday\">\n\t\t\t\t\t\t\t<\/div>\n\t\t\t\t\t\t\t<div class=\"info\">\n\t\t\t\t\t\t\t\t<div class=\"ubicacion\">\n\t\t\t\t\t\t\t\t\t<i class=\"fa-solid fa-location-dot icono-mapa\"><\/i><span class=\"ubicacion-texto\">Ribeira Brava - Ilha da Madeira<\/span>\n\t\t\t\t\t\t\t\t<\/div>\n\t\t\t\t\t\t\t\t<H3 class=\"titulo-alojamiento\">\n\t\t\t\t\t\t\t\t\tVilla Ocean Haven by Atlantic Holiday\t\t\t\t\t\t\t\t<\/H3>\n\t\t\t\t\t\t\t\t<p class=\"precio-alojamiento\">Aus <span class=\"precio\">209.00\u20ac<\/span> pro Nacht<\/p>\n\t\t\t\t\t\t\t<\/div>\n\t\t\t\t\t\t<\/div>\n\t\t\t\t\t<\/a> \n\t\t\t\t\t\t\n\t\t\t\t\t<a href=\"https:\/\/www.atlanticholidayrentals.com\/de\/vermietung\/villa-ponta-delgada-dream-house-413838.html\" rel=\"nofollow\" style=\"width: 23%;\">\n\t\t\t\t\t\t<div class=\"apartamento-box\">\n\t\t\t\t\t\t\t<div class=\"imagen_recomendados\">\n\t\t\t\t\t\t\t\t<img decoding=\"async\" src=\"https:\/\/crs.avantio.com\/fotos\/2\/167337004606c792194e4b25ea4e550c2fddc0dedb\/big171622401831124355f34212c0d7349df3b3396a91.jpg\" alt=\"Dream House by Atlantic Holiday\">\n\t\t\t\t\t\t\t<\/div>\n\t\t\t\t\t\t\t<div class=\"info\">\n\t\t\t\t\t\t\t\t<div class=\"ubicacion\">\n\t\t\t\t\t\t\t\t\t<i class=\"fa-solid fa-location-dot icono-mapa\"><\/i><span class=\"ubicacion-texto\">Ponta Delgada - Ilha da Madeira<\/span>\n\t\t\t\t\t\t\t\t<\/div>\n\t\t\t\t\t\t\t\t<H3 class=\"titulo-alojamiento\">\n\t\t\t\t\t\t\t\t\tDream House by Atlantic Holiday\t\t\t\t\t\t\t\t<\/H3>\n\t\t\t\t\t\t\t\t<p class=\"precio-alojamiento\">Aus <span class=\"precio\">150.00\u20ac<\/span> pro Nacht<\/p>\n\t\t\t\t\t\t\t<\/div>\n\t\t\t\t\t\t<\/div>\n\t\t\t\t\t<\/a> \n\t\t\t\t\t\t\n\t\t\t\t\t<a href=\"https:\/\/www.atlanticholidayrentals.com\/de\/vermietung\/villa-calheta-villa-primavera-517840.html\" rel=\"nofollow\" style=\"width: 23%;\">\n\t\t\t\t\t\t<div class=\"apartamento-box\">\n\t\t\t\t\t\t\t<div class=\"imagen_recomendados\">\n\t\t\t\t\t\t\t\t<img decoding=\"async\" src=\"https:\/\/crs.avantio.com\/fotos\/3\/1742470117f80c4a35972ee4eeb6eb528f8186c20a\/big1742470247980e40b96d6e50e6a992c9815ced188e.jpg\" alt=\"Villa Primavera by Atlantic Holiday\">\n\t\t\t\t\t\t\t<\/div>\n\t\t\t\t\t\t\t<div class=\"info\">\n\t\t\t\t\t\t\t\t<div class=\"ubicacion\">\n\t\t\t\t\t\t\t\t\t<i class=\"fa-solid fa-location-dot icono-mapa\"><\/i><span class=\"ubicacion-texto\">Calheta - Ilha da Madeira<\/span>\n\t\t\t\t\t\t\t\t<\/div>\n\t\t\t\t\t\t\t\t<H3 class=\"titulo-alojamiento\">\n\t\t\t\t\t\t\t\t\tVilla Primavera by Atlantic Holiday\t\t\t\t\t\t\t\t<\/H3>\n\t\t\t\t\t\t\t\t<p class=\"precio-alojamiento\">Aus <span class=\"precio\">247.00\u20ac<\/span> pro Nacht<\/p>\n\t\t\t\t\t\t\t<\/div>\n\t\t\t\t\t\t<\/div>\n\t\t\t\t\t<\/a> \n\t\t\t\t\t\t\n\t\t\t\t\t<a href=\"https:\/\/www.atlanticholidayrentals.com\/de\/vermietung\/ferienwohnung-funchal-mpr-the-finnest-517842.html\" rel=\"nofollow\" style=\"width: 23%;\">\n\t\t\t\t\t\t<div class=\"apartamento-box\">\n\t\t\t\t\t\t\t<div class=\"imagen_recomendados\">\n\t\t\t\t\t\t\t\t<img decoding=\"async\" src=\"https:\/\/crs.avantio.com\/fotos\/3\/17424689834119a1f5920e4371c09ef4377278c265\/big1742644677de92a6c611542b708451dae3291f4ec7.jpg\" alt=\"MPR The Finnest by Atlantic Holiday\">\n\t\t\t\t\t\t\t<\/div>\n\t\t\t\t\t\t\t<div class=\"info\">\n\t\t\t\t\t\t\t\t<div class=\"ubicacion\">\n\t\t\t\t\t\t\t\t\t<i class=\"fa-solid fa-location-dot icono-mapa\"><\/i><span class=\"ubicacion-texto\">Funchal - Ilha da Madeira<\/span>\n\t\t\t\t\t\t\t\t<\/div>\n\t\t\t\t\t\t\t\t<H3 class=\"titulo-alojamiento\">\n\t\t\t\t\t\t\t\t\tMPR The Finnest by Atlantic Holiday\t\t\t\t\t\t\t\t<\/H3>\n\t\t\t\t\t\t\t\t<p class=\"precio-alojamiento\">Aus <span class=\"precio\">155.00\u20ac<\/span> pro Nacht<\/p>\n\t\t\t\t\t\t\t<\/div>\n\t\t\t\t\t\t<\/div>\n\t\t\t\t\t<\/a> \n\t\t\t\t\t\t\n\t\t\t\t\t<a href=\"https:\/\/www.atlanticholidayrentals.com\/de\/vermietung\/villa-camara-de-lobos-palm-paradise-villa-517848.html\" rel=\"nofollow\" style=\"width: 23%;\">\n\t\t\t\t\t\t<div class=\"apartamento-box\">\n\t\t\t\t\t\t\t<div class=\"imagen_recomendados\">\n\t\t\t\t\t\t\t\t<img decoding=\"async\" src=\"https:\/\/crs.avantio.com\/fotos\/3\/17442158246cbb904cfc7354359e4c64f22bd89c25\/big174556961073ede870b21208a4bb551b34f8fa2c07.jpg\" alt=\"Palm Paradise by Atlantic Holiday\">\n\t\t\t\t\t\t\t<\/div>\n\t\t\t\t\t\t\t<div class=\"info\">\n\t\t\t\t\t\t\t\t<div class=\"ubicacion\">\n\t\t\t\t\t\t\t\t\t<i class=\"fa-solid fa-location-dot icono-mapa\"><\/i><span class=\"ubicacion-texto\">C\u00e2mara de Lobos - Ilha da Madeira<\/span>\n\t\t\t\t\t\t\t\t<\/div>\n\t\t\t\t\t\t\t\t<H3 class=\"titulo-alojamiento\">\n\t\t\t\t\t\t\t\t\tPalm Paradise by Atlantic Holiday\t\t\t\t\t\t\t\t<\/H3>\n\t\t\t\t\t\t\t\t<p class=\"precio-alojamiento\">Aus <span class=\"precio\">150.00\u20ac<\/span> pro Nacht<\/p>\n\t\t\t\t\t\t\t<\/div>\n\t\t\t\t\t\t<\/div>\n\t\t\t\t\t<\/a> \n\t\t\t\t\t\t\n\t\t\t\t\t<a href=\"https:\/\/www.atlanticholidayrentals.com\/de\/vermietung\/ferienwohnung-funchal-glamorous-apartment-528158.html\" rel=\"nofollow\" style=\"width: 23%;\">\n\t\t\t\t\t\t<div class=\"apartamento-box\">\n\t\t\t\t\t\t\t<div class=\"imagen_recomendados\">\n\t\t\t\t\t\t\t\t<img decoding=\"async\" src=\"https:\/\/crs.avantio.com\/fotos\/3\/17419635915af444c8575f0bd62bf4fd43cc875b00\/big1743188132537041c7c0bcb71cecb64425b4497e4f.jpg\" alt=\"Glamorous Apartment Funchal by Atlantic Holiday\">\n\t\t\t\t\t\t\t<\/div>\n\t\t\t\t\t\t\t<div class=\"info\">\n\t\t\t\t\t\t\t\t<div class=\"ubicacion\">\n\t\t\t\t\t\t\t\t\t<i class=\"fa-solid fa-location-dot icono-mapa\"><\/i><span class=\"ubicacion-texto\">Funchal - Ilha da Madeira<\/span>\n\t\t\t\t\t\t\t\t<\/div>\n\t\t\t\t\t\t\t\t<H3 class=\"titulo-alojamiento\">\n\t\t\t\t\t\t\t\t\tGlamorous Apartment Funchal by Atlantic Holiday\t\t\t\t\t\t\t\t<\/H3>\n\t\t\t\t\t\t\t\t<p class=\"precio-alojamiento\">Aus <span class=\"precio\">140.00\u20ac<\/span> pro Nacht<\/p>\n\t\t\t\t\t\t\t<\/div>\n\t\t\t\t\t\t<\/div>\n\t\t\t\t\t<\/a> \n\t\t\t\t\t\t\n\t\t\t\t\t<a href=\"https:\/\/www.atlanticholidayrentals.com\/de\/vermietung\/villa-calheta-villa-alegria-529719.html\" rel=\"nofollow\" style=\"width: 23%;\">\n\t\t\t\t\t\t<div class=\"apartamento-box\">\n\t\t\t\t\t\t\t<div class=\"imagen_recomendados\">\n\t\t\t\t\t\t\t\t<img decoding=\"async\" src=\"https:\/\/crs.avantio.com\/fotos\/3\/1752508658b13c2fcf2ef92c6d2d1c5b869d523755\/big1753719685ba7768ce66d84e85d2d9e38626254d29.jpg\" alt=\"Villa Alegria by Atlantic Holiday\">\n\t\t\t\t\t\t\t<\/div>\n\t\t\t\t\t\t\t<div class=\"info\">\n\t\t\t\t\t\t\t\t<div class=\"ubicacion\">\n\t\t\t\t\t\t\t\t\t<i class=\"fa-solid fa-location-dot icono-mapa\"><\/i><span class=\"ubicacion-texto\">Calheta - Ilha da Madeira<\/span>\n\t\t\t\t\t\t\t\t<\/div>\n\t\t\t\t\t\t\t\t<H3 class=\"titulo-alojamiento\">\n\t\t\t\t\t\t\t\t\tVilla Alegria by Atlantic Holiday\t\t\t\t\t\t\t\t<\/H3>\n\t\t\t\t\t\t\t\t<p class=\"precio-alojamiento\">Aus <span class=\"precio\">170.00\u20ac<\/span> pro Nacht<\/p>\n\t\t\t\t\t\t\t<\/div>\n\t\t\t\t\t\t<\/div>\n\t\t\t\t\t<\/a> \n\t\t\t\t\t\t\t\t<\/div>\n\t\t\t<\/div>\n\t\t\t\t\t\t<\/div>\n\t\t\t\t<\/div>\n\t\t\t\t\t<\/div>\n\t\t\t\t<\/div>\n\t\t<div class=\"elementor-element elementor-element-3349a452 e-flex e-con-boxed e-con e-parent\" data-id=\"3349a452\" data-element_type=\"container\" data-e-type=\"container\" data-settings=\"{&quot;background_background&quot;:&quot;classic&quot;}\">\n\t\t\t\t\t<div class=\"e-con-inner\">\n\t\t<div class=\"elementor-element elementor-element-df239ce e-con-full e-flex e-con e-child\" data-id=\"df239ce\" data-element_type=\"container\" data-e-type=\"container\">\n\t\t\t\t<div class=\"elementor-element elementor-element-42e5bd22 elementor-widget elementor-widget-heading\" data-id=\"42e5bd22\" data-element_type=\"widget\" data-e-type=\"widget\" data-widget_type=\"heading.default\">\n\t\t\t\t<div class=\"elementor-widget-container\">\n\t\t\t\t\t<h2 class=\"elementor-heading-title elementor-size-default\">Luxusurlaub Madeira: exklusive Aufenthalte auf der Insel<\/h2>\t\t\t\t<\/div>\n\t\t\t\t<\/div>\n\t\t\t\t<div class=\"elementor-element elementor-element-25733201 elementor-widget elementor-widget-text-editor\" data-id=\"25733201\" data-element_type=\"widget\" data-e-type=\"widget\" data-widget_type=\"text-editor.default\">\n\t\t\t\t<div class=\"elementor-widget-container\">\n\t\t\t\t\t\t\t\t\t<p>Erleben Sie au\u00dfergew\u00f6hnlichen <strong>Luxusurlaub auf Madeira<\/strong> mit Atlantic Holiday Rentals, wo sorgf\u00e4ltig ausgew\u00e4hlte Villen Privatsph\u00e4re, Komfort und raffiniertes Design bieten. Unser Portfolio umfasst ger\u00e4umige Anwesen mit privaten Pools, angelegten G\u00e4rten und eleganten Innenr\u00e4umen, ideal f\u00fcr Reisende, die einen erstklassigen Inselaufenthalt suchen. <\/p><p>Ob Sie einen erholsamen R\u00fcckzugsort oder eine besondere Feier planen, unsere Villen bieten den perfekten Rahmen.<\/p><p>Luxusurlaub auf Madeira verbindet nat\u00fcrliche Sch\u00f6nheit mit hochwertigen Unterk\u00fcnften und personalisierten Erlebnissen. <strong>Unsere Villen befinden sich in einigen der begehrtesten Gegenden der Insel<\/strong> und bieten atemberaubende Ausblicke sowie einfachen Zugang zu den wichtigsten Sehensw\u00fcrdigkeiten.<\/p><p>Jedes Anwesen wird so ausgew\u00e4hlt, dass es einen nahtlosen Aufenthalt gew\u00e4hrleistet und es Ihnen erm\u00f6glicht, das Leben im Innen- und Au\u00dfenbereich zu genie\u00dfen, w\u00e4hrend Sie <strong>von Madeiras einzigartigen Landschaften umgeben sind<\/strong>.<\/p><p>Luxusurlaub auf Madeira mit Atlantic Holiday Rentals zu w\u00e4hlen bedeutet, Liebe zum Detail, Komfort und Exklusivit\u00e4t zu genie\u00dfen.<\/p><p>Von <strong>ruhigen Morgenstunden am Pool<\/strong> bis hin zu kuratierten Inselerlebnissen \u2013 Ihr Aufenthalt ist darauf ausgelegt, unvergessliche Momente an einem der faszinierendsten Reiseziele Europas zu bieten.<\/p>\t\t\t\t\t\t\t\t<\/div>\n\t\t\t\t<\/div>\n\t\t\t\t<\/div>\n\t\t<div class=\"elementor-element elementor-element-4051007a e-con-full e-flex e-con e-child\" data-id=\"4051007a\" data-element_type=\"container\" data-e-type=\"container\">\n\t\t\t\t<div class=\"elementor-element elementor-element-5b4d108a elementor-widget elementor-widget-image\" data-id=\"5b4d108a\" data-element_type=\"widget\" data-e-type=\"widget\" data-widget_type=\"image.default\">\n\t\t\t\t<div class=\"elementor-widget-container\">\n\t\t\t\t\t\t\t\t\t\t\t\t\t\t\t<img fetchpriority=\"high\" decoding=\"async\" width=\"600\" height=\"600\" src=\"https:\/\/www.atlanticholidayrentals.com\/blog\/wp-content\/uploads\/2026\/04\/luxury-holidays-to-madeira.webp\" class=\"attachment-large size-large wp-image-6089\" alt=\"\" srcset=\"https:\/\/www.atlanticholidayrentals.com\/blog\/wp-content\/uploads\/2026\/04\/luxury-holidays-to-madeira.webp 600w, https:\/\/www.atlanticholidayrentals.com\/blog\/wp-content\/uploads\/2026\/04\/luxury-holidays-to-madeira-300x300.webp 300w, https:\/\/www.atlanticholidayrentals.com\/blog\/wp-content\/uploads\/2026\/04\/luxury-holidays-to-madeira-150x150.webp 150w\" sizes=\"(max-width: 600px) 100vw, 600px\" \/>\t\t\t\t\t\t\t\t\t\t\t\t\t\t\t<\/div>\n\t\t\t\t<\/div>\n\t\t\t\t<div class=\"elementor-element elementor-element-5d270ce4 elementor-widget elementor-widget-image\" data-id=\"5d270ce4\" data-element_type=\"widget\" data-e-type=\"widget\" data-widget_type=\"image.default\">\n\t\t\t\t<div class=\"elementor-widget-container\">\n\t\t\t\t\t\t\t\t\t\t\t\t\t\t\t<img decoding=\"async\" width=\"600\" height=\"600\" src=\"https:\/\/www.atlanticholidayrentals.com\/blog\/wp-content\/uploads\/2026\/04\/madeira-island.webp\" class=\"attachment-large size-large wp-image-6090\" alt=\"insel madeira\" srcset=\"https:\/\/www.atlanticholidayrentals.com\/blog\/wp-content\/uploads\/2026\/04\/madeira-island.webp 600w, https:\/\/www.atlanticholidayrentals.com\/blog\/wp-content\/uploads\/2026\/04\/madeira-island-300x300.webp 300w, https:\/\/www.atlanticholidayrentals.com\/blog\/wp-content\/uploads\/2026\/04\/madeira-island-150x150.webp 150w\" sizes=\"(max-width: 600px) 100vw, 600px\" \/>\t\t\t\t\t\t\t\t\t\t\t\t\t\t\t<\/div>\n\t\t\t\t<\/div>\n\t\t\t\t<\/div>\n\t\t\t\t\t<\/div>\n\t\t\t\t<\/div>\n\t\t<div class=\"elementor-element elementor-element-3f4f9eab e-flex e-con-boxed e-con e-parent\" data-id=\"3f4f9eab\" data-element_type=\"container\" data-e-type=\"container\">\n\t\t\t\t\t<div class=\"e-con-inner\">\n\t\t\t\t<div class=\"elementor-element elementor-element-27b24e92 elementor-widget elementor-widget-heading\" data-id=\"27b24e92\" data-element_type=\"widget\" data-e-type=\"widget\" data-widget_type=\"heading.default\">\n\t\t\t\t<div class=\"elementor-widget-container\">\n\t\t\t\t\t<h2 class=\"elementor-heading-title elementor-size-default\">Unterk\u00fcnfte mit Meerblick<\/h2>\t\t\t\t<\/div>\n\t\t\t\t<\/div>\n\t\t\t\t<div class=\"elementor-element elementor-element-729f063d elementor-widget elementor-widget-grid\" data-id=\"729f063d\" data-element_type=\"widget\" data-e-type=\"widget\" data-widget_type=\"grid.default\">\n\t\t\t\t<div class=\"elementor-widget-container\">\n\t\t\t\t\t\t\t<div class=\"its--row alojamientos-recomendados\">\n\n\t\t\t<div class=\"alojamientos-recomendados-container\">\n\n\t\t\t\t\t\n\t\t\t\t\t<a href=\"https:\/\/www.atlanticholidayrentals.com\/de\/vermietung\/ferienwohnung-gaula-belle-vue-residence-378367.html\" rel=\"nofollow\" style=\"width: 23%;\">\n\t\t\t\t\t\t<div class=\"apartamento-box\">\n\t\t\t\t\t\t\t<div class=\"imagen_recomendados\">\n\t\t\t\t\t\t\t\t<img decoding=\"async\" src=\"https:\/\/crs.avantio.com\/fotos\/2\/16439118110a3dde09b01647926c49f38a880ab371\/big1760439336f17a4938c47c95525da5bdbc69def639.jpg\" alt=\"Belle Vue R\u00e9sidence by Atlantic Holiday\">\n\t\t\t\t\t\t\t<\/div>\n\t\t\t\t\t\t\t<div class=\"info\">\n\t\t\t\t\t\t\t\t<div class=\"ubicacion\">\n\t\t\t\t\t\t\t\t\t<i class=\"fa-solid fa-location-dot icono-mapa\"><\/i><span class=\"ubicacion-texto\">Gaula - Ilha da Madeira<\/span>\n\t\t\t\t\t\t\t\t<\/div>\n\t\t\t\t\t\t\t\t<H3 class=\"titulo-alojamiento\">\n\t\t\t\t\t\t\t\t\tBelle Vue R\u00e9sidence by Atlantic Holiday\t\t\t\t\t\t\t\t<\/H3>\n\t\t\t\t\t\t\t\t<p class=\"precio-alojamiento\">Aus <span class=\"precio\">111.00\u20ac<\/span> pro Nacht<\/p>\n\t\t\t\t\t\t\t<\/div>\n\t\t\t\t\t\t<\/div>\n\t\t\t\t\t<\/a> \n\t\t\t\t\t\t\n\t\t\t\t\t<a href=\"https:\/\/www.atlanticholidayrentals.com\/de\/vermietung\/ferienwohnung-funchal-banana-lodge-379026.html\" rel=\"nofollow\" style=\"width: 23%;\">\n\t\t\t\t\t\t<div class=\"apartamento-box\">\n\t\t\t\t\t\t\t<div class=\"imagen_recomendados\">\n\t\t\t\t\t\t\t\t<img decoding=\"async\" src=\"https:\/\/crs.avantio.com\/fotos\/2\/16444080983ae05b8522345da5c2cf8e65e13acfba\/big1672944402c643b4eb912fc272dfddd4467f763d42.jpg\" alt=\"Banana Lodge by Atlantic Holiday\">\n\t\t\t\t\t\t\t<\/div>\n\t\t\t\t\t\t\t<div class=\"info\">\n\t\t\t\t\t\t\t\t<div class=\"ubicacion\">\n\t\t\t\t\t\t\t\t\t<i class=\"fa-solid fa-location-dot icono-mapa\"><\/i><span class=\"ubicacion-texto\">Funchal - Ilha da Madeira<\/span>\n\t\t\t\t\t\t\t\t<\/div>\n\t\t\t\t\t\t\t\t<H3 class=\"titulo-alojamiento\">\n\t\t\t\t\t\t\t\t\tBanana Lodge by Atlantic Holiday\t\t\t\t\t\t\t\t<\/H3>\n\t\t\t\t\t\t\t\t<p class=\"precio-alojamiento\">Aus <span class=\"precio\">100.00\u20ac<\/span> pro Nacht<\/p>\n\t\t\t\t\t\t\t<\/div>\n\t\t\t\t\t\t<\/div>\n\t\t\t\t\t<\/a> \n\t\t\t\t\t\t\n\t\t\t\t\t<a href=\"https:\/\/www.atlanticholidayrentals.com\/de\/vermietung\/ferienwohnung-canico-savana-apartment-379129.html\" rel=\"nofollow\" style=\"width: 23%;\">\n\t\t\t\t\t\t<div class=\"apartamento-box\">\n\t\t\t\t\t\t\t<div class=\"imagen_recomendados\">\n\t\t\t\t\t\t\t\t<img decoding=\"async\" src=\"https:\/\/crs.avantio.com\/fotos\/2\/1644413089052b4b20c147797280036725630e03ea\/big16444130900add9346d245f3554c7c611220d5de2e.jpg\" alt=\"Savana Apartment by Atlantic Holiday\">\n\t\t\t\t\t\t\t<\/div>\n\t\t\t\t\t\t\t<div class=\"info\">\n\t\t\t\t\t\t\t\t<div class=\"ubicacion\">\n\t\t\t\t\t\t\t\t\t<i class=\"fa-solid fa-location-dot icono-mapa\"><\/i><span class=\"ubicacion-texto\">Cani\u00e7o - Ilha da Madeira<\/span>\n\t\t\t\t\t\t\t\t<\/div>\n\t\t\t\t\t\t\t\t<H3 class=\"titulo-alojamiento\">\n\t\t\t\t\t\t\t\t\tSavana Apartment by Atlantic Holiday\t\t\t\t\t\t\t\t<\/H3>\n\t\t\t\t\t\t\t\t<p class=\"precio-alojamiento\">Aus <span class=\"precio\">57.00\u20ac<\/span> pro Nacht<\/p>\n\t\t\t\t\t\t\t<\/div>\n\t\t\t\t\t\t<\/div>\n\t\t\t\t\t<\/a> \n\t\t\t\t\t\t\n\t\t\t\t\t<a href=\"https:\/\/www.atlanticholidayrentals.com\/de\/vermietung\/ferienwohnung-canico-sea-view-379213.html\" rel=\"nofollow\" style=\"width: 23%;\">\n\t\t\t\t\t\t<div class=\"apartamento-box\">\n\t\t\t\t\t\t\t<div class=\"imagen_recomendados\">\n\t\t\t\t\t\t\t\t<img decoding=\"async\" src=\"https:\/\/crs.avantio.com\/fotos\/2\/164441379833be3e642971f3e72d9bca30d6fa3d9d\/big1644413800e6f570e76a27258044755ac3840c7bd2.jpg\" alt=\"Sea View by Atlantic Holiday\">\n\t\t\t\t\t\t\t<\/div>\n\t\t\t\t\t\t\t<div class=\"info\">\n\t\t\t\t\t\t\t\t<div class=\"ubicacion\">\n\t\t\t\t\t\t\t\t\t<i class=\"fa-solid fa-location-dot icono-mapa\"><\/i><span class=\"ubicacion-texto\">Cani\u00e7o - Ilha da Madeira<\/span>\n\t\t\t\t\t\t\t\t<\/div>\n\t\t\t\t\t\t\t\t<H3 class=\"titulo-alojamiento\">\n\t\t\t\t\t\t\t\t\tSea View by Atlantic Holiday\t\t\t\t\t\t\t\t<\/H3>\n\t\t\t\t\t\t\t\t<p class=\"precio-alojamiento\">Aus <span class=\"precio\">55.00\u20ac<\/span> pro Nacht<\/p>\n\t\t\t\t\t\t\t<\/div>\n\t\t\t\t\t\t<\/div>\n\t\t\t\t\t<\/a> \n\t\t\t\t\t\t\t\t<\/div>\n\t\t\t<\/div>\n\t\t\t\t\t\t<\/div>\n\t\t\t\t<\/div>\n\t\t\t\t\t<\/div>\n\t\t\t\t<\/div>\n\t\t<div class=\"elementor-element elementor-element-583fd309 e-flex e-con-boxed e-con e-parent\" data-id=\"583fd309\" data-element_type=\"container\" data-e-type=\"container\">\n\t\t\t\t\t<div class=\"e-con-inner\">\n\t\t\t\t<div class=\"elementor-element elementor-element-78bd4f68 elementor-widget elementor-widget-heading\" data-id=\"78bd4f68\" data-element_type=\"widget\" data-e-type=\"widget\" data-widget_type=\"heading.default\">\n\t\t\t\t<div class=\"elementor-widget-container\">\n\t\t\t\t\t<h2 class=\"elementor-heading-title elementor-size-default\">Unterk\u00fcnfte mit Pool<\/h2>\t\t\t\t<\/div>\n\t\t\t\t<\/div>\n\t\t\t\t<div class=\"elementor-element elementor-element-1cedb9fb elementor-widget elementor-widget-grid\" data-id=\"1cedb9fb\" data-element_type=\"widget\" data-e-type=\"widget\" data-widget_type=\"grid.default\">\n\t\t\t\t<div class=\"elementor-widget-container\">\n\t\t\t\t\t\t\t<div class=\"its--row alojamientos-recomendados\">\n\n\t\t\t<div class=\"alojamientos-recomendados-container\">\n\n\t\t\t\t\t\n\t\t\t\t\t<a href=\"https:\/\/www.atlanticholidayrentals.com\/de\/vermietung\/villa-estreito-calheta-villa-de-la-ponte-383781.html\" rel=\"nofollow\" style=\"width: 23%;\">\n\t\t\t\t\t\t<div class=\"apartamento-box\">\n\t\t\t\t\t\t\t<div class=\"imagen_recomendados\">\n\t\t\t\t\t\t\t\t<img decoding=\"async\" src=\"https:\/\/crs.avantio.com\/fotos\/2\/164795331146283ae6e4074994c60d1a5cb87e4dfb\/big167941330031db8d9c0a359622176e5fa8ee7cc8e5.jpg\" alt=\"Villa de la Ponte by Atlantic Holiday\">\n\t\t\t\t\t\t\t<\/div>\n\t\t\t\t\t\t\t<div class=\"info\">\n\t\t\t\t\t\t\t\t<div class=\"ubicacion\">\n\t\t\t\t\t\t\t\t\t<i class=\"fa-solid fa-location-dot icono-mapa\"><\/i><span class=\"ubicacion-texto\">Estreito Calheta - Ilha da Madeira<\/span>\n\t\t\t\t\t\t\t\t<\/div>\n\t\t\t\t\t\t\t\t<H3 class=\"titulo-alojamiento\">\n\t\t\t\t\t\t\t\t\tVilla de la Ponte by Atlantic Holiday\t\t\t\t\t\t\t\t<\/H3>\n\t\t\t\t\t\t\t\t<p class=\"precio-alojamiento\">Aus <span class=\"precio\">196.00\u20ac<\/span> pro Nacht<\/p>\n\t\t\t\t\t\t\t<\/div>\n\t\t\t\t\t\t<\/div>\n\t\t\t\t\t<\/a> \n\t\t\t\t\t\t\n\t\t\t\t\t<a href=\"https:\/\/www.atlanticholidayrentals.com\/de\/vermietung\/ferienwohnung-funchal-terrace-apartment-386814.html\" rel=\"nofollow\" style=\"width: 23%;\">\n\t\t\t\t\t\t<div class=\"apartamento-box\">\n\t\t\t\t\t\t\t<div class=\"imagen_recomendados\">\n\t\t\t\t\t\t\t\t<img decoding=\"async\" src=\"https:\/\/crs.avantio.com\/fotos\/2\/1650295103c6c793f9c7ef4868374359580ab69e32\/big17639799558e370b545d604d241db4ea507507c403.jpg\" alt=\"Terrace Apartment by Atlantic Holiday\">\n\t\t\t\t\t\t\t<\/div>\n\t\t\t\t\t\t\t<div class=\"info\">\n\t\t\t\t\t\t\t\t<div class=\"ubicacion\">\n\t\t\t\t\t\t\t\t\t<i class=\"fa-solid fa-location-dot icono-mapa\"><\/i><span class=\"ubicacion-texto\">Funchal - Ilha da Madeira<\/span>\n\t\t\t\t\t\t\t\t<\/div>\n\t\t\t\t\t\t\t\t<H3 class=\"titulo-alojamiento\">\n\t\t\t\t\t\t\t\t\tTerrace Apartment by Atlantic Holiday\t\t\t\t\t\t\t\t<\/H3>\n\t\t\t\t\t\t\t\t<p class=\"precio-alojamiento\">Aus <span class=\"precio\">75.00\u20ac<\/span> pro Nacht<\/p>\n\t\t\t\t\t\t\t<\/div>\n\t\t\t\t\t\t<\/div>\n\t\t\t\t\t<\/a> \n\t\t\t\t\t\t\n\t\t\t\t\t<a href=\"https:\/\/www.atlanticholidayrentals.com\/de\/vermietung\/villa-ribeira-brava-villa-ocean-haven-402035.html\" rel=\"nofollow\" style=\"width: 23%;\">\n\t\t\t\t\t\t<div class=\"apartamento-box\">\n\t\t\t\t\t\t\t<div class=\"imagen_recomendados\">\n\t\t\t\t\t\t\t\t<img decoding=\"async\" src=\"https:\/\/crs.avantio.com\/fotos\/2\/166307210658ff47228a0975da0993bf5cd7150ebd\/big16789971756d0822b0ebae19d2e0d9560729dcd140.jpg\" alt=\"Villa Ocean Haven by Atlantic Holiday\">\n\t\t\t\t\t\t\t<\/div>\n\t\t\t\t\t\t\t<div class=\"info\">\n\t\t\t\t\t\t\t\t<div class=\"ubicacion\">\n\t\t\t\t\t\t\t\t\t<i class=\"fa-solid fa-location-dot icono-mapa\"><\/i><span class=\"ubicacion-texto\">Ribeira Brava - Ilha da Madeira<\/span>\n\t\t\t\t\t\t\t\t<\/div>\n\t\t\t\t\t\t\t\t<H3 class=\"titulo-alojamiento\">\n\t\t\t\t\t\t\t\t\tVilla Ocean Haven by Atlantic Holiday\t\t\t\t\t\t\t\t<\/H3>\n\t\t\t\t\t\t\t\t<p class=\"precio-alojamiento\">Aus <span class=\"precio\">209.00\u20ac<\/span> pro Nacht<\/p>\n\t\t\t\t\t\t\t<\/div>\n\t\t\t\t\t\t<\/div>\n\t\t\t\t\t<\/a> \n\t\t\t\t\t\t\n\t\t\t\t\t<a href=\"https:\/\/www.atlanticholidayrentals.com\/de\/vermietung\/ferienwohnung-funchal-monumental-living-412999.html\" rel=\"nofollow\" style=\"width: 23%;\">\n\t\t\t\t\t\t<div class=\"apartamento-box\">\n\t\t\t\t\t\t\t<div class=\"imagen_recomendados\">\n\t\t\t\t\t\t\t\t<img decoding=\"async\" src=\"https:\/\/crs.avantio.com\/fotos\/2\/1671792342a9abfeabbecc60cfb4072896fb1b815c\/big1723368710f8c8bf796723a9c82c753aa9ab88e4af.jpg\" alt=\"Monumental Living by Atlantic Holiday\">\n\t\t\t\t\t\t\t<\/div>\n\t\t\t\t\t\t\t<div class=\"info\">\n\t\t\t\t\t\t\t\t<div class=\"ubicacion\">\n\t\t\t\t\t\t\t\t\t<i class=\"fa-solid fa-location-dot icono-mapa\"><\/i><span class=\"ubicacion-texto\">Funchal - Ilha da Madeira<\/span>\n\t\t\t\t\t\t\t\t<\/div>\n\t\t\t\t\t\t\t\t<H3 class=\"titulo-alojamiento\">\n\t\t\t\t\t\t\t\t\tMonumental Living by Atlantic Holiday\t\t\t\t\t\t\t\t<\/H3>\n\t\t\t\t\t\t\t\t<p class=\"precio-alojamiento\">Aus <span class=\"precio\">126.00\u20ac<\/span> pro Nacht<\/p>\n\t\t\t\t\t\t\t<\/div>\n\t\t\t\t\t\t<\/div>\n\t\t\t\t\t<\/a> \n\t\t\t\t\t\t\t\t<\/div>\n\t\t\t<\/div>\n\t\t\t\t\t\t<\/div>\n\t\t\t\t<\/div>\n\t\t\t\t\t<\/div>\n\t\t\t\t<\/div>\n\t\t<div class=\"elementor-element elementor-element-5c5421d8 e-flex e-con-boxed e-con e-parent\" data-id=\"5c5421d8\" data-element_type=\"container\" data-e-type=\"container\">\n\t\t\t\t\t<div class=\"e-con-inner\">\n\t\t\t\t<div class=\"elementor-element elementor-element-b3d628c elementor-widget elementor-widget-heading\" data-id=\"b3d628c\" data-element_type=\"widget\" data-e-type=\"widget\" data-widget_type=\"heading.default\">\n\t\t\t\t<div class=\"elementor-widget-container\">\n\t\t\t\t\t<h2 class=\"elementor-heading-title elementor-size-default\">Familienfreundliche Unterk\u00fcnfte<\/h2>\t\t\t\t<\/div>\n\t\t\t\t<\/div>\n\t\t\t\t<div class=\"elementor-element elementor-element-415c464f elementor-widget elementor-widget-grid\" data-id=\"415c464f\" data-element_type=\"widget\" data-e-type=\"widget\" data-widget_type=\"grid.default\">\n\t\t\t\t<div class=\"elementor-widget-container\">\n\t\t\t\t\t\t\t<div class=\"its--row alojamientos-recomendados\">\n\n\t\t\t<div class=\"alojamientos-recomendados-container\">\n\n\t\t\t\t\t\n\t\t\t\t\t<a href=\"https:\/\/www.atlanticholidayrentals.com\/de\/vermietung\/ferienwohnung-funchal-banana-lodge-379026.html\" rel=\"nofollow\" style=\"width: 23%;\">\n\t\t\t\t\t\t<div class=\"apartamento-box\">\n\t\t\t\t\t\t\t<div class=\"imagen_recomendados\">\n\t\t\t\t\t\t\t\t<img decoding=\"async\" src=\"https:\/\/crs.avantio.com\/fotos\/2\/16444080983ae05b8522345da5c2cf8e65e13acfba\/big1672944402c643b4eb912fc272dfddd4467f763d42.jpg\" alt=\"Banana Lodge by Atlantic Holiday\">\n\t\t\t\t\t\t\t<\/div>\n\t\t\t\t\t\t\t<div class=\"info\">\n\t\t\t\t\t\t\t\t<div class=\"ubicacion\">\n\t\t\t\t\t\t\t\t\t<i class=\"fa-solid fa-location-dot icono-mapa\"><\/i><span class=\"ubicacion-texto\">Funchal - Ilha da Madeira<\/span>\n\t\t\t\t\t\t\t\t<\/div>\n\t\t\t\t\t\t\t\t<H3 class=\"titulo-alojamiento\">\n\t\t\t\t\t\t\t\t\tBanana Lodge by Atlantic Holiday\t\t\t\t\t\t\t\t<\/H3>\n\t\t\t\t\t\t\t\t<p class=\"precio-alojamiento\">Aus <span class=\"precio\">100.00\u20ac<\/span> pro Nacht<\/p>\n\t\t\t\t\t\t\t<\/div>\n\t\t\t\t\t\t<\/div>\n\t\t\t\t\t<\/a> \n\t\t\t\t\t\t\n\t\t\t\t\t<a href=\"https:\/\/www.atlanticholidayrentals.com\/de\/vermietung\/ferienwohnung-funchal-elena-apartment-379078.html\" rel=\"nofollow\" style=\"width: 23%;\">\n\t\t\t\t\t\t<div class=\"apartamento-box\">\n\t\t\t\t\t\t\t<div class=\"imagen_recomendados\">\n\t\t\t\t\t\t\t\t<img decoding=\"async\" src=\"https:\/\/crs.avantio.com\/fotos\/2\/1644409436cc7e7d5e9d11cf86d7ec3734cd54fd26\/big1731497837157828092993fdf9c07bc972d16e1edb.jpg\" alt=\"Elena Apartment by Atlantic Holiday\">\n\t\t\t\t\t\t\t<\/div>\n\t\t\t\t\t\t\t<div class=\"info\">\n\t\t\t\t\t\t\t\t<div class=\"ubicacion\">\n\t\t\t\t\t\t\t\t\t<i class=\"fa-solid fa-location-dot icono-mapa\"><\/i><span class=\"ubicacion-texto\">Funchal - Ilha da Madeira<\/span>\n\t\t\t\t\t\t\t\t<\/div>\n\t\t\t\t\t\t\t\t<H3 class=\"titulo-alojamiento\">\n\t\t\t\t\t\t\t\t\tElena Apartment by Atlantic Holiday\t\t\t\t\t\t\t\t<\/H3>\n\t\t\t\t\t\t\t\t<p class=\"precio-alojamiento\">Aus <span class=\"precio\">136.00\u20ac<\/span> pro Nacht<\/p>\n\t\t\t\t\t\t\t<\/div>\n\t\t\t\t\t\t<\/div>\n\t\t\t\t\t<\/a> \n\t\t\t\t\t\t\n\t\t\t\t\t<a href=\"https:\/\/www.atlanticholidayrentals.com\/de\/vermietung\/ferienwohnung-canico-savana-apartment-379129.html\" rel=\"nofollow\" style=\"width: 23%;\">\n\t\t\t\t\t\t<div class=\"apartamento-box\">\n\t\t\t\t\t\t\t<div class=\"imagen_recomendados\">\n\t\t\t\t\t\t\t\t<img decoding=\"async\" src=\"https:\/\/crs.avantio.com\/fotos\/2\/1644413089052b4b20c147797280036725630e03ea\/big16444130900add9346d245f3554c7c611220d5de2e.jpg\" alt=\"Savana Apartment by Atlantic Holiday\">\n\t\t\t\t\t\t\t<\/div>\n\t\t\t\t\t\t\t<div class=\"info\">\n\t\t\t\t\t\t\t\t<div class=\"ubicacion\">\n\t\t\t\t\t\t\t\t\t<i class=\"fa-solid fa-location-dot icono-mapa\"><\/i><span class=\"ubicacion-texto\">Cani\u00e7o - Ilha da Madeira<\/span>\n\t\t\t\t\t\t\t\t<\/div>\n\t\t\t\t\t\t\t\t<H3 class=\"titulo-alojamiento\">\n\t\t\t\t\t\t\t\t\tSavana Apartment by Atlantic Holiday\t\t\t\t\t\t\t\t<\/H3>\n\t\t\t\t\t\t\t\t<p class=\"precio-alojamiento\">Aus <span class=\"precio\">57.00\u20ac<\/span> pro Nacht<\/p>\n\t\t\t\t\t\t\t<\/div>\n\t\t\t\t\t\t<\/div>\n\t\t\t\t\t<\/a> \n\t\t\t\t\t\t\n\t\t\t\t\t<a href=\"https:\/\/www.atlanticholidayrentals.com\/de\/vermietung\/ferienwohnung-machico-rose-house-379215.html\" rel=\"nofollow\" style=\"width: 23%;\">\n\t\t\t\t\t\t<div class=\"apartamento-box\">\n\t\t\t\t\t\t\t<div class=\"imagen_recomendados\">\n\t\t\t\t\t\t\t\t<img decoding=\"async\" src=\"https:\/\/crs.avantio.com\/fotos\/2\/164442615024272eb91fcd6c189016cd95f38d82fa\/big16729433570cd294208cb7e168927417b163d37445.jpg\" alt=\"Rose House by Atlantic Holiday\">\n\t\t\t\t\t\t\t<\/div>\n\t\t\t\t\t\t\t<div class=\"info\">\n\t\t\t\t\t\t\t\t<div class=\"ubicacion\">\n\t\t\t\t\t\t\t\t\t<i class=\"fa-solid fa-location-dot icono-mapa\"><\/i><span class=\"ubicacion-texto\">Machico - Ilha da Madeira<\/span>\n\t\t\t\t\t\t\t\t<\/div>\n\t\t\t\t\t\t\t\t<H3 class=\"titulo-alojamiento\">\n\t\t\t\t\t\t\t\t\tRose House by Atlantic Holiday\t\t\t\t\t\t\t\t<\/H3>\n\t\t\t\t\t\t\t\t<p class=\"precio-alojamiento\">Aus <span class=\"precio\">93.00\u20ac<\/span> pro Nacht<\/p>\n\t\t\t\t\t\t\t<\/div>\n\t\t\t\t\t\t<\/div>\n\t\t\t\t\t<\/a> \n\t\t\t\t\t\t\t\t<\/div>\n\t\t\t<\/div>\n\t\t\t\t\t\t<\/div>\n\t\t\t\t<\/div>\n\t\t\t\t\t<\/div>\n\t\t\t\t<\/div>\n\t\t<div class=\"elementor-element elementor-element-64f1d102 e-flex e-con-boxed e-con e-parent\" data-id=\"64f1d102\" data-element_type=\"container\" data-e-type=\"container\">\n\t\t\t\t\t<div class=\"e-con-inner\">\n\t\t\t\t<div class=\"elementor-element elementor-element-78dfb375 elementor-widget elementor-widget-heading\" data-id=\"78dfb375\" data-element_type=\"widget\" data-e-type=\"widget\" data-widget_type=\"heading.default\">\n\t\t\t\t<div class=\"elementor-widget-container\">\n\t\t\t\t\t<h2 class=\"elementor-heading-title elementor-size-default\">Entdecken Sie die Insel Madeira<\/h2>\t\t\t\t<\/div>\n\t\t\t\t<\/div>\n\t\t\t\t<div class=\"elementor-element elementor-element-17cd827d e-n-tabs-mobile elementor-widget elementor-widget-n-tabs\" data-id=\"17cd827d\" data-element_type=\"widget\" data-e-type=\"widget\" data-settings=\"{&quot;tabs_justify_horizontal&quot;:&quot;start&quot;,&quot;horizontal_scroll&quot;:&quot;disable&quot;}\" data-widget_type=\"nested-tabs.default\">\n\t\t\t\t<div class=\"elementor-widget-container\">\n\t\t\t\t\t\t\t<div class=\"e-n-tabs\" data-widget-number=\"399344253\" aria-label=\"Tabs. Open items with Enter or Space, close with Escape and navigate using the Arrow keys.\">\n\t\t\t<div class=\"e-n-tabs-heading\" role=\"tablist\">\n\t\t\t\t\t<button id=\"e-n-tab-title-3993442531\" data-tab-title-id=\"e-n-tab-title-3993442531\" class=\"e-n-tab-title\" aria-selected=\"true\" data-tab-index=\"1\" role=\"tab\" tabindex=\"0\" aria-controls=\"e-n-tab-content-3993442531\" style=\"--n-tabs-title-order: 1;\">\n\t\t\t\t\t\t<span class=\"e-n-tab-title-text\">\n\t\t\t\tWarum lohnt sich ein Besuch auf Madeira?\t\t\t<\/span>\n\t\t<\/button>\n\t\t\t\t<button id=\"e-n-tab-title-3993442532\" data-tab-title-id=\"e-n-tab-title-3993442532\" class=\"e-n-tab-title\" aria-selected=\"false\" data-tab-index=\"2\" role=\"tab\" tabindex=\"-1\" aria-controls=\"e-n-tab-content-3993442532\" style=\"--n-tabs-title-order: 2;\">\n\t\t\t\t\t\t<span class=\"e-n-tab-title-text\">\n\t\t\t\tWas Sie w\u00e4hrend Ihres Luxusurlaubs auf Madeira unternehmen k\u00f6nnen\t\t\t<\/span>\n\t\t<\/button>\n\t\t\t\t<button id=\"e-n-tab-title-3993442533\" data-tab-title-id=\"e-n-tab-title-3993442533\" class=\"e-n-tab-title\" aria-selected=\"false\" data-tab-index=\"3\" role=\"tab\" tabindex=\"-1\" aria-controls=\"e-n-tab-content-3993442533\" style=\"--n-tabs-title-order: 3;\">\n\t\t\t\t\t\t<span class=\"e-n-tab-title-text\">\n\t\t\t\tLuxuserlebnisse und Aktivit\u00e4ten auf Madeira\t\t\t<\/span>\n\t\t<\/button>\n\t\t\t\t<button id=\"e-n-tab-title-3993442534\" data-tab-title-id=\"e-n-tab-title-3993442534\" class=\"e-n-tab-title\" aria-selected=\"false\" data-tab-index=\"4\" role=\"tab\" tabindex=\"-1\" aria-controls=\"e-n-tab-content-3993442534\" style=\"--n-tabs-title-order: 4;\">\n\t\t\t\t\t\t<span class=\"e-n-tab-title-text\">\n\t\t\t\tLuxusrestaurants und gastronomische Erlebnisse\t\t\t<\/span>\n\t\t<\/button>\n\t\t\t\t\t<\/div>\n\t\t\t<div class=\"e-n-tabs-content\">\n\t\t\t\t<div id=\"e-n-tab-content-3993442531\" role=\"tabpanel\" aria-labelledby=\"e-n-tab-title-3993442531\" data-tab-index=\"1\" style=\"--n-tabs-title-order: 1;\" class=\"e-active elementor-element elementor-element-7a87ee64 e-con-full e-flex e-con e-child\" data-id=\"7a87ee64\" data-element_type=\"container\" data-e-type=\"container\">\n\t\t\t\t<div class=\"elementor-element elementor-element-61ce3176 elementor-widget elementor-widget-heading\" data-id=\"61ce3176\" data-element_type=\"widget\" data-e-type=\"widget\" data-widget_type=\"heading.default\">\n\t\t\t\t<div class=\"elementor-widget-container\">\n\t\t\t\t\t<h3 class=\"elementor-heading-title elementor-size-default\">Wir empfehlen Ihnen die besten Aktivit\u00e4ten auf Madeira<\/h3>\t\t\t\t<\/div>\n\t\t\t\t<\/div>\n\t\t\t\t<div class=\"elementor-element elementor-element-4bd6d008 elementor-widget elementor-widget-text-editor\" data-id=\"4bd6d008\" data-element_type=\"widget\" data-e-type=\"widget\" data-widget_type=\"text-editor.default\">\n\t\t\t\t<div class=\"elementor-widget-container\">\n\t\t\t\t\t\t\t\t\t<p data-start=\"2362\" data-end=\"2669\">Madeira ist ein einzigartiges Inselziel, bekannt f\u00fcr seine dramatischen Landschaften, seine raffinierte Atmosph\u00e4re und seine vielf\u00e4ltigen Erlebnisse. Von K\u00fcstenausblicken bis hin zu Berglandschaften bietet es den perfekten Rahmen f\u00fcr Reisende, die sowohl Entspannung als auch Entdeckungen in einem erstklassigen Umfeld suchen. <\/p><p data-start=\"2802\" data-end=\"2849\"> <\/p>\t\t\t\t\t\t\t\t<\/div>\n\t\t\t\t<\/div>\n\t\t\t\t<\/div>\n\t\t<div id=\"e-n-tab-content-3993442532\" role=\"tabpanel\" aria-labelledby=\"e-n-tab-title-3993442532\" data-tab-index=\"2\" style=\"--n-tabs-title-order: 2;\" class=\" elementor-element elementor-element-480bcdae e-con-full e-flex e-con e-child\" data-id=\"480bcdae\" data-element_type=\"container\" data-e-type=\"container\">\n\t\t\t\t<div class=\"elementor-element elementor-element-260c0ada elementor-widget elementor-widget-heading\" data-id=\"260c0ada\" data-element_type=\"widget\" data-e-type=\"widget\" data-widget_type=\"heading.default\">\n\t\t\t\t<div class=\"elementor-widget-container\">\n\t\t\t\t\t<h3 class=\"elementor-heading-title elementor-size-default\">Aktivit\u00e4ten f\u00fcr alle<\/h3>\t\t\t\t<\/div>\n\t\t\t\t<\/div>\n\t\t\t\t<div class=\"elementor-element elementor-element-5237b14d elementor-widget elementor-widget-text-editor\" data-id=\"5237b14d\" data-element_type=\"widget\" data-e-type=\"widget\" data-widget_type=\"text-editor.default\">\n\t\t\t\t<div class=\"elementor-widget-container\">\n\t\t\t\t\t\t\t\t\t<p>Nutzen Sie Ihren Aufenthalt optimal, indem Sie die H\u00f6hepunkte und kuratierten Erlebnisse der Insel entdecken:<\/p><ul><li>Erkunden Sie die <a href=\"https:\/\/www.atlanticholidayrentals.com\/blog\/de\/category\/insel-madeira\/\">Highlights der Insel Madeira<\/a><\/li><li>Entdecken Sie die <a href=\"https:\/\/www.atlanticholidayrentals.com\/blog\/de\/madeira-golfplaetze\/\">Golfpl\u00e4tze Madeiras<\/a><\/li><li>Besuchen Sie den <a href=\"https:\/\/www.atlanticholidayrentals.com\/blog\/de\/funchal-hafen\/\">Hafen von Funchal<\/a><\/li><li>Schlendern Sie durch die <a href=\"https:\/\/www.atlanticholidayrentals.com\/blog\/de\/altstadt-von-funchal\/\">Altstadt von Funchal<\/a><\/li><li>Genie\u00dfen Sie private Bootsausfl\u00fcge und K\u00fcstenexkursionen<\/li><li>Entdecken Sie malerische Aussichtspunkte und exklusive Inseltouren<\/li><\/ul>\t\t\t\t\t\t\t\t<\/div>\n\t\t\t\t<\/div>\n\t\t\t\t<\/div>\n\t\t<div id=\"e-n-tab-content-3993442533\" role=\"tabpanel\" aria-labelledby=\"e-n-tab-title-3993442533\" data-tab-index=\"3\" style=\"--n-tabs-title-order: 3;\" class=\" elementor-element elementor-element-49a054b5 e-con-full e-flex e-con e-child\" data-id=\"49a054b5\" data-element_type=\"container\" data-e-type=\"container\">\n\t\t\t\t<div class=\"elementor-element elementor-element-1e4faf7c elementor-widget elementor-widget-heading\" data-id=\"1e4faf7c\" data-element_type=\"widget\" data-e-type=\"widget\" data-widget_type=\"heading.default\">\n\t\t\t\t<div class=\"elementor-widget-container\">\n\t\t\t\t\t<h3 class=\"elementor-heading-title elementor-size-default\">Erstklassige Erlebnisse auf der Insel <\/h3>\t\t\t\t<\/div>\n\t\t\t\t<\/div>\n\t\t\t\t<div class=\"elementor-element elementor-element-67c118b3 elementor-widget elementor-widget-text-editor\" data-id=\"67c118b3\" data-element_type=\"widget\" data-e-type=\"widget\" data-widget_type=\"text-editor.default\">\n\t\t\t\t<div class=\"elementor-widget-container\">\n\t\t\t\t\t\t\t\t\t<p data-start=\"3254\" data-end=\"3471\">Madeira bietet eine breite Palette an erstklassigen Erlebnissen, von privaten F\u00fchrungen bis hin zu ma\u00dfgeschneiderten Outdoor-Abenteuern. G\u00e4ste k\u00f6nnen Yachtcharter, Hubschrauberrundfl\u00fcge und personalisierte Ausfl\u00fcge genie\u00dfen, die die nat\u00fcrliche Sch\u00f6nheit der Insel auf einzigartige und unvergessliche Weise pr\u00e4sentieren. <\/p>\t\t\t\t\t\t\t\t<\/div>\n\t\t\t\t<\/div>\n\t\t\t\t<\/div>\n\t\t<div id=\"e-n-tab-content-3993442534\" role=\"tabpanel\" aria-labelledby=\"e-n-tab-title-3993442534\" data-tab-index=\"4\" style=\"--n-tabs-title-order: 4;\" class=\" elementor-element elementor-element-720daa62 e-con-full e-flex e-con e-child\" data-id=\"720daa62\" data-element_type=\"container\" data-e-type=\"container\">\n\t\t\t\t<div class=\"elementor-element elementor-element-6d3e22da elementor-widget elementor-widget-heading\" data-id=\"6d3e22da\" data-element_type=\"widget\" data-e-type=\"widget\" data-widget_type=\"heading.default\">\n\t\t\t\t<div class=\"elementor-widget-container\">\n\t\t\t\t\t<h3 class=\"elementor-heading-title elementor-size-default\">Genie\u00dfen Sie die Aromen der Insel<\/h3>\t\t\t\t<\/div>\n\t\t\t\t<\/div>\n\t\t\t\t<div class=\"elementor-element elementor-element-91a2fb6 elementor-widget elementor-widget-text-editor\" data-id=\"91a2fb6\" data-element_type=\"widget\" data-e-type=\"widget\" data-widget_type=\"text-editor.default\">\n\t\t\t\t<div class=\"elementor-widget-container\">\n\t\t\t\t\t\t\t\t\t<p class=\"ds-markdown-paragraph\">Die gastronomische Szene der Insel ist ein wesentlicher Bestandteil des Erlebnisses und bietet alles von Fine-Dining-Restaurants bis hin zu eleganten Lokalen am Meer. G\u00e4ste k\u00f6nnen frische Meeresfr\u00fcchte, innovative portugiesische K\u00fcche und kuratierte Degustationsmen\u00fcs genie\u00dfen, alles erg\u00e4nzt durch Madeirawein und exzellenten Service. <\/p>\t\t\t\t\t\t\t\t<\/div>\n\t\t\t\t<\/div>\n\t\t\t\t<\/div>\n\t\t\t\t\t<\/div>\n\t\t<\/div>\n\t\t\t\t\t\t<\/div>\n\t\t\t\t<\/div>\n\t\t\t\t\t<\/div>\n\t\t\t\t<\/div>\n\t\t<div class=\"elementor-element elementor-element-47a5f6dc e-flex e-con-boxed e-con e-parent\" data-id=\"47a5f6dc\" data-element_type=\"container\" data-e-type=\"container\">\n\t\t\t\t\t<div class=\"e-con-inner\">\n\t\t<div class=\"elementor-element elementor-element-66036712 e-con-full e-flex e-con e-child\" data-id=\"66036712\" data-element_type=\"container\" data-e-type=\"container\">\n\t\t\t\t<div class=\"elementor-element elementor-element-5723ce04 elementor-widget elementor-widget-heading\" data-id=\"5723ce04\" data-element_type=\"widget\" data-e-type=\"widget\" data-widget_type=\"heading.default\">\n\t\t\t\t<div class=\"elementor-widget-container\">\n\t\t\t\t\t<h2 class=\"elementor-heading-title elementor-size-default\">Erkunden Sie unseren Madeira-Blog<\/h2>\t\t\t\t<\/div>\n\t\t\t\t<\/div>\n\t\t\t\t<div class=\"elementor-element elementor-element-54ea84f5 elementor-grid-3 elementor-grid-tablet-2 elementor-grid-mobile-1 elementor-posts--thumbnail-top elementor-widget elementor-widget-posts\" data-id=\"54ea84f5\" data-element_type=\"widget\" data-e-type=\"widget\" data-settings=\"{&quot;classic_row_gap&quot;:{&quot;unit&quot;:&quot;px&quot;,&quot;size&quot;:30,&quot;sizes&quot;:[]},&quot;classic_columns&quot;:&quot;3&quot;,&quot;classic_columns_tablet&quot;:&quot;2&quot;,&quot;classic_columns_mobile&quot;:&quot;1&quot;,&quot;classic_row_gap_tablet&quot;:{&quot;unit&quot;:&quot;px&quot;,&quot;size&quot;:&quot;&quot;,&quot;sizes&quot;:[]},&quot;classic_row_gap_mobile&quot;:{&quot;unit&quot;:&quot;px&quot;,&quot;size&quot;:&quot;&quot;,&quot;sizes&quot;:[]}}\" data-widget_type=\"posts.classic\">\n\t\t\t\t<div class=\"elementor-widget-container\">\n\t\t\t\t\t\t\t<div class=\"elementor-posts-container elementor-posts elementor-posts--skin-classic elementor-grid\" role=\"list\">\n\t\t\t\t<article class=\"elementor-post elementor-grid-item post-6091 post type-post status-publish format-standard has-post-thumbnail hentry category-ferienunterkunft\" role=\"listitem\">\n\t\t\t\t<a class=\"elementor-post__thumbnail__link\" href=\"https:\/\/www.atlanticholidayrentals.com\/blog\/de\/luxury-holidays-madeira\/\" tabindex=\"-1\" >\n\t\t\t<div class=\"elementor-post__thumbnail\"><img decoding=\"async\" width=\"768\" height=\"260\" src=\"https:\/\/www.atlanticholidayrentals.com\/blog\/wp-content\/uploads\/2026\/04\/luxury-holidays-madeira-768x260.webp\" class=\"attachment-medium_large size-medium_large wp-image-6088\" alt=\"luxusurlaub madeira\" srcset=\"https:\/\/www.atlanticholidayrentals.com\/blog\/wp-content\/uploads\/2026\/04\/luxury-holidays-madeira-768x260.webp 768w, https:\/\/www.atlanticholidayrentals.com\/blog\/wp-content\/uploads\/2026\/04\/luxury-holidays-madeira-300x102.webp 300w, https:\/\/www.atlanticholidayrentals.com\/blog\/wp-content\/uploads\/2026\/04\/luxury-holidays-madeira-1024x347.webp 1024w, https:\/\/www.atlanticholidayrentals.com\/blog\/wp-content\/uploads\/2026\/04\/luxury-holidays-madeira-1536x520.webp 1536w, https:\/\/www.atlanticholidayrentals.com\/blog\/wp-content\/uploads\/2026\/04\/luxury-holidays-madeira.webp 1920w\" sizes=\"(max-width: 768px) 100vw, 768px\" \/><\/div>\n\t\t<\/a>\n\t\t\t\t<div class=\"elementor-post__text\">\n\t\t\t\t<h3 class=\"elementor-post__title\">\n\t\t\t<a href=\"https:\/\/www.atlanticholidayrentals.com\/blog\/de\/luxury-holidays-madeira\/\" >\n\t\t\t\tLuxusurlaub auf Madeira\t\t\t<\/a>\n\t\t<\/h3>\n\t\t\t\t<div class=\"elementor-post__meta-data\">\n\t\t\t\t\t<span class=\"elementor-post-date\">\n\t\t\t24. April 2026\t\t<\/span>\n\t\t\t\t<\/div>\n\t\t\n\t\t<a class=\"elementor-post__read-more\" href=\"https:\/\/www.atlanticholidayrentals.com\/blog\/de\/luxury-holidays-madeira\/\" aria-label=\"Mehr \u00fcber Luxusurlaub auf Madeira\" tabindex=\"-1\" >\n\t\t\tMehr lesen\t\t<\/a>\n\n\t\t\t\t<\/div>\n\t\t\t\t<\/article>\n\t\t\t\t<article class=\"elementor-post elementor-grid-item post-6051 post type-post status-publish format-standard has-post-thumbnail hentry category-ferienunterkunft\" role=\"listitem\">\n\t\t\t\t<a class=\"elementor-post__thumbnail__link\" href=\"https:\/\/www.atlanticholidayrentals.com\/blog\/de\/calheta-ferienhaus\/\" tabindex=\"-1\" >\n\t\t\t<div class=\"elementor-post__thumbnail\"><img loading=\"lazy\" decoding=\"async\" width=\"768\" height=\"260\" src=\"https:\/\/www.atlanticholidayrentals.com\/blog\/wp-content\/uploads\/2026\/04\/calheta-holiday-houses\u200b-768x260.webp\" class=\"attachment-medium_large size-medium_large wp-image-6050\" alt=\"ferienh\u00e4user calheta\" srcset=\"https:\/\/www.atlanticholidayrentals.com\/blog\/wp-content\/uploads\/2026\/04\/calheta-holiday-houses\u200b-768x260.webp 768w, https:\/\/www.atlanticholidayrentals.com\/blog\/wp-content\/uploads\/2026\/04\/calheta-holiday-houses\u200b-300x102.webp 300w, https:\/\/www.atlanticholidayrentals.com\/blog\/wp-content\/uploads\/2026\/04\/calheta-holiday-houses\u200b-1024x347.webp 1024w, https:\/\/www.atlanticholidayrentals.com\/blog\/wp-content\/uploads\/2026\/04\/calheta-holiday-houses\u200b-1536x520.webp 1536w, https:\/\/www.atlanticholidayrentals.com\/blog\/wp-content\/uploads\/2026\/04\/calheta-holiday-houses\u200b.webp 1920w\" sizes=\"(max-width: 768px) 100vw, 768px\" \/><\/div>\n\t\t<\/a>\n\t\t\t\t<div class=\"elementor-post__text\">\n\t\t\t\t<h3 class=\"elementor-post__title\">\n\t\t\t<a href=\"https:\/\/www.atlanticholidayrentals.com\/blog\/de\/calheta-ferienhaus\/\" >\n\t\t\t\tCalheta ferienhaus\t\t\t<\/a>\n\t\t<\/h3>\n\t\t\t\t<div class=\"elementor-post__meta-data\">\n\t\t\t\t\t<span class=\"elementor-post-date\">\n\t\t\t23. April 2026\t\t<\/span>\n\t\t\t\t<\/div>\n\t\t\n\t\t<a class=\"elementor-post__read-more\" href=\"https:\/\/www.atlanticholidayrentals.com\/blog\/de\/calheta-ferienhaus\/\" aria-label=\"Mehr \u00fcber Calheta ferienhaus\" tabindex=\"-1\" >\n\t\t\tMehr lesen\t\t<\/a>\n\n\t\t\t\t<\/div>\n\t\t\t\t<\/article>\n\t\t\t\t<article class=\"elementor-post elementor-grid-item post-6002 post type-post status-publish format-standard has-post-thumbnail hentry category-standpunkt\" role=\"listitem\">\n\t\t\t\t<a class=\"elementor-post__thumbnail__link\" href=\"https:\/\/www.atlanticholidayrentals.com\/blog\/de\/miradouro-da-eira-do-serrado\/\" tabindex=\"-1\" >\n\t\t\t<div class=\"elementor-post__thumbnail\"><img loading=\"lazy\" decoding=\"async\" width=\"768\" height=\"576\" src=\"https:\/\/www.atlanticholidayrentals.com\/blog\/wp-content\/uploads\/2026\/04\/Miradouro-da-Eira-do-Serrado-valley-768x576.webp\" class=\"attachment-medium_large size-medium_large wp-image-5974\" alt=\"\" srcset=\"https:\/\/www.atlanticholidayrentals.com\/blog\/wp-content\/uploads\/2026\/04\/Miradouro-da-Eira-do-Serrado-valley-768x576.webp 768w, https:\/\/www.atlanticholidayrentals.com\/blog\/wp-content\/uploads\/2026\/04\/Miradouro-da-Eira-do-Serrado-valley-300x225.webp 300w, https:\/\/www.atlanticholidayrentals.com\/blog\/wp-content\/uploads\/2026\/04\/Miradouro-da-Eira-do-Serrado-valley-1024x768.webp 1024w, https:\/\/www.atlanticholidayrentals.com\/blog\/wp-content\/uploads\/2026\/04\/Miradouro-da-Eira-do-Serrado-valley.webp 1360w\" sizes=\"(max-width: 768px) 100vw, 768px\" \/><\/div>\n\t\t<\/a>\n\t\t\t\t<div class=\"elementor-post__text\">\n\t\t\t\t<h3 class=\"elementor-post__title\">\n\t\t\t<a href=\"https:\/\/www.atlanticholidayrentals.com\/blog\/de\/miradouro-da-eira-do-serrado\/\" >\n\t\t\t\tBesuch des Miradouro da Eira do Serrado: Madeiras bester Talblick erkl\u00e4rt\t\t\t<\/a>\n\t\t<\/h3>\n\t\t\t\t<div class=\"elementor-post__meta-data\">\n\t\t\t\t\t<span class=\"elementor-post-date\">\n\t\t\t2. April 2026\t\t<\/span>\n\t\t\t\t<\/div>\n\t\t\n\t\t<a class=\"elementor-post__read-more\" href=\"https:\/\/www.atlanticholidayrentals.com\/blog\/de\/miradouro-da-eira-do-serrado\/\" aria-label=\"Mehr \u00fcber Besuch des Miradouro da Eira do Serrado: Madeiras bester Talblick erkl\u00e4rt\" tabindex=\"-1\" >\n\t\t\tMehr lesen\t\t<\/a>\n\n\t\t\t\t<\/div>\n\t\t\t\t<\/article>\n\t\t\t\t<article class=\"elementor-post elementor-grid-item post-5989 post type-post status-publish format-standard has-post-thumbnail hentry category-standpunkt\" role=\"listitem\">\n\t\t\t\t<a class=\"elementor-post__thumbnail__link\" href=\"https:\/\/www.atlanticholidayrentals.com\/blog\/de\/miradouro-da-ponta-do-rosto-madeira\/\" tabindex=\"-1\" >\n\t\t\t<div class=\"elementor-post__thumbnail\"><img loading=\"lazy\" decoding=\"async\" width=\"768\" height=\"576\" src=\"https:\/\/www.atlanticholidayrentals.com\/blog\/wp-content\/uploads\/2026\/04\/Miradouro-da-Ponta-do-Rosto-in-Madeira-768x576.webp\" class=\"attachment-medium_large size-medium_large wp-image-5957\" alt=\"\" srcset=\"https:\/\/www.atlanticholidayrentals.com\/blog\/wp-content\/uploads\/2026\/04\/Miradouro-da-Ponta-do-Rosto-in-Madeira-768x576.webp 768w, https:\/\/www.atlanticholidayrentals.com\/blog\/wp-content\/uploads\/2026\/04\/Miradouro-da-Ponta-do-Rosto-in-Madeira-300x225.webp 300w, https:\/\/www.atlanticholidayrentals.com\/blog\/wp-content\/uploads\/2026\/04\/Miradouro-da-Ponta-do-Rosto-in-Madeira-1024x768.webp 1024w, https:\/\/www.atlanticholidayrentals.com\/blog\/wp-content\/uploads\/2026\/04\/Miradouro-da-Ponta-do-Rosto-in-Madeira.webp 1360w\" sizes=\"(max-width: 768px) 100vw, 768px\" \/><\/div>\n\t\t<\/a>\n\t\t\t\t<div class=\"elementor-post__text\">\n\t\t\t\t<h3 class=\"elementor-post__title\">\n\t\t\t<a href=\"https:\/\/www.atlanticholidayrentals.com\/blog\/de\/miradouro-da-ponta-do-rosto-madeira\/\" >\n\t\t\t\tMiradouro da Ponta do Rosto: Vollst\u00e4ndiger Guide zum \u00f6stlichen Aussichtspunkt Madeiras\t\t\t<\/a>\n\t\t<\/h3>\n\t\t\t\t<div class=\"elementor-post__meta-data\">\n\t\t\t\t\t<span class=\"elementor-post-date\">\n\t\t\t2. April 2026\t\t<\/span>\n\t\t\t\t<\/div>\n\t\t\n\t\t<a class=\"elementor-post__read-more\" href=\"https:\/\/www.atlanticholidayrentals.com\/blog\/de\/miradouro-da-ponta-do-rosto-madeira\/\" aria-label=\"Mehr \u00fcber Miradouro da Ponta do Rosto: Vollst\u00e4ndiger Guide zum \u00f6stlichen Aussichtspunkt Madeiras\" tabindex=\"-1\" >\n\t\t\tMehr lesen\t\t<\/a>\n\n\t\t\t\t<\/div>\n\t\t\t\t<\/article>\n\t\t\t\t<article class=\"elementor-post elementor-grid-item post-5555 post type-post status-publish format-standard has-post-thumbnail hentry category-spaziergange-und-wanderwege\" role=\"listitem\">\n\t\t\t\t<a class=\"elementor-post__thumbnail__link\" href=\"https:\/\/www.atlanticholidayrentals.com\/blog\/de\/pico-grande-pr12-madeira\/\" tabindex=\"-1\" >\n\t\t\t<div class=\"elementor-post__thumbnail\"><img loading=\"lazy\" decoding=\"async\" width=\"768\" height=\"576\" src=\"https:\/\/www.atlanticholidayrentals.com\/blog\/wp-content\/uploads\/2026\/03\/pico-grande-pr12-madeira-768x576.webp\" class=\"attachment-medium_large size-medium_large wp-image-5540\" alt=\"pico grande pr12 madeira\" srcset=\"https:\/\/www.atlanticholidayrentals.com\/blog\/wp-content\/uploads\/2026\/03\/pico-grande-pr12-madeira-768x576.webp 768w, https:\/\/www.atlanticholidayrentals.com\/blog\/wp-content\/uploads\/2026\/03\/pico-grande-pr12-madeira-300x225.webp 300w, https:\/\/www.atlanticholidayrentals.com\/blog\/wp-content\/uploads\/2026\/03\/pico-grande-pr12-madeira-1024x768.webp 1024w, https:\/\/www.atlanticholidayrentals.com\/blog\/wp-content\/uploads\/2026\/03\/pico-grande-pr12-madeira.webp 1360w\" sizes=\"(max-width: 768px) 100vw, 768px\" \/><\/div>\n\t\t<\/a>\n\t\t\t\t<div class=\"elementor-post__text\">\n\t\t\t\t<h3 class=\"elementor-post__title\">\n\t\t\t<a href=\"https:\/\/www.atlanticholidayrentals.com\/blog\/de\/pico-grande-pr12-madeira\/\" >\n\t\t\t\tPico Grande: Was Sie wissen sollten, bevor Sie den PR12 auf Madeira wandern\t\t\t<\/a>\n\t\t<\/h3>\n\t\t\t\t<div class=\"elementor-post__meta-data\">\n\t\t\t\t\t<span class=\"elementor-post-date\">\n\t\t\t9. M\u00e4rz 2026\t\t<\/span>\n\t\t\t\t<\/div>\n\t\t\n\t\t<a class=\"elementor-post__read-more\" href=\"https:\/\/www.atlanticholidayrentals.com\/blog\/de\/pico-grande-pr12-madeira\/\" aria-label=\"Mehr \u00fcber Pico Grande: Was Sie wissen sollten, bevor Sie den PR12 auf Madeira wandern\" tabindex=\"-1\" >\n\t\t\tMehr lesen\t\t<\/a>\n\n\t\t\t\t<\/div>\n\t\t\t\t<\/article>\n\t\t\t\t<article class=\"elementor-post elementor-grid-item post-5548 post type-post status-publish format-standard has-post-thumbnail hentry category-standpunkt\" role=\"listitem\">\n\t\t\t\t<a class=\"elementor-post__thumbnail__link\" href=\"https:\/\/www.atlanticholidayrentals.com\/blog\/de\/miradouro-do-veu-da-noiva\/\" tabindex=\"-1\" >\n\t\t\t<div class=\"elementor-post__thumbnail\"><img loading=\"lazy\" decoding=\"async\" width=\"768\" height=\"576\" src=\"https:\/\/www.atlanticholidayrentals.com\/blog\/wp-content\/uploads\/2026\/03\/Miradouro-do-Veu-da-Noiva-madeira-768x576.webp\" class=\"attachment-medium_large size-medium_large wp-image-5530\" alt=\"Miradouro do V\u00e9u da Noiva Madeira\" srcset=\"https:\/\/www.atlanticholidayrentals.com\/blog\/wp-content\/uploads\/2026\/03\/Miradouro-do-Veu-da-Noiva-madeira-768x576.webp 768w, https:\/\/www.atlanticholidayrentals.com\/blog\/wp-content\/uploads\/2026\/03\/Miradouro-do-Veu-da-Noiva-madeira-300x225.webp 300w, https:\/\/www.atlanticholidayrentals.com\/blog\/wp-content\/uploads\/2026\/03\/Miradouro-do-Veu-da-Noiva-madeira-1024x768.webp 1024w, https:\/\/www.atlanticholidayrentals.com\/blog\/wp-content\/uploads\/2026\/03\/Miradouro-do-Veu-da-Noiva-madeira.webp 1360w\" sizes=\"(max-width: 768px) 100vw, 768px\" \/><\/div>\n\t\t<\/a>\n\t\t\t\t<div class=\"elementor-post__text\">\n\t\t\t\t<h3 class=\"elementor-post__title\">\n\t\t\t<a href=\"https:\/\/www.atlanticholidayrentals.com\/blog\/de\/miradouro-do-veu-da-noiva\/\" >\n\t\t\t\tMiradouro do V\u00e9u da Noiva: Was Sie wissen sollten, bevor Sie am Aussichtspunkt Bridal Veil halten\t\t\t<\/a>\n\t\t<\/h3>\n\t\t\t\t<div class=\"elementor-post__meta-data\">\n\t\t\t\t\t<span class=\"elementor-post-date\">\n\t\t\t9. M\u00e4rz 2026\t\t<\/span>\n\t\t\t\t<\/div>\n\t\t\n\t\t<a class=\"elementor-post__read-more\" href=\"https:\/\/www.atlanticholidayrentals.com\/blog\/de\/miradouro-do-veu-da-noiva\/\" aria-label=\"Mehr \u00fcber Miradouro do V\u00e9u da Noiva: Was Sie wissen sollten, bevor Sie am Aussichtspunkt Bridal Veil halten\" tabindex=\"-1\" >\n\t\t\tMehr lesen\t\t<\/a>\n\n\t\t\t\t<\/div>\n\t\t\t\t<\/article>\n\t\t\t\t<\/div>\n\t\t\n\t\t\t\t\t\t<\/div>\n\t\t\t\t<\/div>\n\t\t\t\t<div class=\"elementor-element elementor-element-3899b90c elementor-align-center elementor-widget elementor-widget-button\" data-id=\"3899b90c\" data-element_type=\"widget\" data-e-type=\"widget\" data-widget_type=\"button.default\">\n\t\t\t\t<div class=\"elementor-widget-container\">\n\t\t\t\t\t\t\t\t\t<div class=\"elementor-button-wrapper\">\n\t\t\t\t\t<a class=\"elementor-button elementor-button-link elementor-size-sm\" href=\"https:\/\/www.atlanticholidayrentals.com\/de\/blog\/\">\n\t\t\t\t\t\t<span class=\"elementor-button-content-wrapper\">\n\t\t\t\t\t\t\t\t\t<span class=\"elementor-button-text\">Madeira-Tourismus-Blog<\/span>\n\t\t\t\t\t<\/span>\n\t\t\t\t\t<\/a>\n\t\t\t\t<\/div>\n\t\t\t\t\t\t\t\t<\/div>\n\t\t\t\t<\/div>\n\t\t\t\t<\/div>\n\t\t\t\t\t<\/div>\n\t\t\t\t<\/div>\n\t\t<div class=\"elementor-element elementor-element-5b7ab0ba e-flex e-con-boxed e-con e-parent\" data-id=\"5b7ab0ba\" data-element_type=\"container\" data-e-type=\"container\">\n\t\t\t\t\t<div class=\"e-con-inner\">\n\t\t<div class=\"elementor-element elementor-element-623cab84 e-con-full e-flex e-con e-child\" data-id=\"623cab84\" data-element_type=\"container\" data-e-type=\"container\">\n\t\t\t\t<div class=\"elementor-element elementor-element-4e50be7a elementor-widget elementor-widget-heading\" data-id=\"4e50be7a\" data-element_type=\"widget\" data-e-type=\"widget\" data-widget_type=\"heading.default\">\n\t\t\t\t<div class=\"elementor-widget-container\">\n\t\t\t\t\t<h2 class=\"elementor-heading-title elementor-size-default\">H\u00e4ufig gestellte Fragen zum Luxusurlaub auf Madeira<\/h2>\t\t\t\t<\/div>\n\t\t\t\t<\/div>\n\t\t\t\t<div class=\"elementor-element elementor-element-58193681 elementor-widget elementor-widget-n-accordion\" data-id=\"58193681\" data-element_type=\"widget\" data-e-type=\"widget\" data-settings=\"{&quot;default_state&quot;:&quot;expanded&quot;,&quot;max_items_expended&quot;:&quot;one&quot;,&quot;n_accordion_animation_duration&quot;:{&quot;unit&quot;:&quot;ms&quot;,&quot;size&quot;:400,&quot;sizes&quot;:[]}}\" data-widget_type=\"nested-accordion.default\">\n\t\t\t\t<div class=\"elementor-widget-container\">\n\t\t\t\t\t\t\t<div class=\"e-n-accordion\" aria-label=\"Accordion. Open links with Enter or Space, close with Escape, and navigate with Arrow Keys\">\n\t\t\t\t\t\t<details id=\"e-n-accordion-item-1470\" class=\"e-n-accordion-item\" open>\n\t\t\t\t<summary class=\"e-n-accordion-item-title\" data-accordion-index=\"1\" tabindex=\"0\" aria-expanded=\"true\" aria-controls=\"e-n-accordion-item-1470\" >\n\t\t\t\t\t<span class='e-n-accordion-item-title-header'><div class=\"e-n-accordion-item-title-text\"> Was macht Madeira ideal f\u00fcr Luxusurlaub? <\/div><\/span>\n\t\t\t\t\t\t\t<span class='e-n-accordion-item-title-icon'>\n\t\t\t<span class='e-opened' ><svg aria-hidden=\"true\" class=\"e-font-icon-svg e-fas-minus\" viewBox=\"0 0 448 512\" xmlns=\"http:\/\/www.w3.org\/2000\/svg\"><path d=\"M416 208H32c-17.67 0-32 14.33-32 32v32c0 17.67 14.33 32 32 32h384c17.67 0 32-14.33 32-32v-32c0-17.67-14.33-32-32-32z\"><\/path><\/svg><\/span>\n\t\t\t<span class='e-closed'><svg aria-hidden=\"true\" class=\"e-font-icon-svg e-fas-plus\" viewBox=\"0 0 448 512\" xmlns=\"http:\/\/www.w3.org\/2000\/svg\"><path d=\"M416 208H272V64c0-17.67-14.33-32-32-32h-32c-17.67 0-32 14.33-32 32v144H32c-17.67 0-32 14.33-32 32v32c0 17.67 14.33 32 32 32h144v144c0 17.67 14.33 32 32 32h32c17.67 0 32-14.33 32-32V304h144c17.67 0 32-14.33 32-32v-32c0-17.67-14.33-32-32-32z\"><\/path><\/svg><\/span>\n\t\t<\/span>\n\n\t\t\t\t\t\t<\/summary>\n\t\t\t\t<div role=\"region\" aria-labelledby=\"e-n-accordion-item-1470\" class=\"elementor-element elementor-element-5821710b e-con-full e-flex e-con e-child\" data-id=\"5821710b\" data-element_type=\"container\" data-e-type=\"container\">\n\t\t\t\t<div class=\"elementor-element elementor-element-6188046f elementor-widget elementor-widget-text-editor\" data-id=\"6188046f\" data-element_type=\"widget\" data-e-type=\"widget\" data-widget_type=\"text-editor.default\">\n\t\t\t\t<div class=\"elementor-widget-container\">\n\t\t\t\t\t\t\t\t\t<p>Madeira bietet eine einzigartige Kombination aus nat\u00fcrlicher Sch\u00f6nheit, Privatsph\u00e4re und erstklassigen Erlebnissen und ist damit perfekt f\u00fcr Reisende, die einen exklusiven Inselaufenthalt suchen.<\/p>\t\t\t\t\t\t\t\t<\/div>\n\t\t\t\t<\/div>\n\t\t\t\t<\/div>\n\t\t\t\t\t<\/details>\n\t\t\t\t\t\t<details id=\"e-n-accordion-item-1471\" class=\"e-n-accordion-item\" >\n\t\t\t\t<summary class=\"e-n-accordion-item-title\" data-accordion-index=\"2\" tabindex=\"-1\" aria-expanded=\"false\" aria-controls=\"e-n-accordion-item-1471\" >\n\t\t\t\t\t<span class='e-n-accordion-item-title-header'><div class=\"e-n-accordion-item-title-text\"> Welche Art von Villen sind verf\u00fcgbar? <\/div><\/span>\n\t\t\t\t\t\t\t<span class='e-n-accordion-item-title-icon'>\n\t\t\t<span class='e-opened' ><svg aria-hidden=\"true\" class=\"e-font-icon-svg e-fas-minus\" viewBox=\"0 0 448 512\" xmlns=\"http:\/\/www.w3.org\/2000\/svg\"><path d=\"M416 208H32c-17.67 0-32 14.33-32 32v32c0 17.67 14.33 32 32 32h384c17.67 0 32-14.33 32-32v-32c0-17.67-14.33-32-32-32z\"><\/path><\/svg><\/span>\n\t\t\t<span class='e-closed'><svg aria-hidden=\"true\" class=\"e-font-icon-svg e-fas-plus\" viewBox=\"0 0 448 512\" xmlns=\"http:\/\/www.w3.org\/2000\/svg\"><path d=\"M416 208H272V64c0-17.67-14.33-32-32-32h-32c-17.67 0-32 14.33-32 32v144H32c-17.67 0-32 14.33-32 32v32c0 17.67 14.33 32 32 32h144v144c0 17.67 14.33 32 32 32h32c17.67 0 32-14.33 32-32V304h144c17.67 0 32-14.33 32-32v-32c0-17.67-14.33-32-32-32z\"><\/path><\/svg><\/span>\n\t\t<\/span>\n\n\t\t\t\t\t\t<\/summary>\n\t\t\t\t<div role=\"region\" aria-labelledby=\"e-n-accordion-item-1471\" class=\"elementor-element elementor-element-5985da1b e-con-full e-flex e-con e-child\" data-id=\"5985da1b\" data-element_type=\"container\" data-e-type=\"container\">\n\t\t\t\t<div class=\"elementor-element elementor-element-25a7a0ed elementor-widget elementor-widget-text-editor\" data-id=\"25a7a0ed\" data-element_type=\"widget\" data-e-type=\"widget\" data-widget_type=\"text-editor.default\">\n\t\t\t\t<div class=\"elementor-widget-container\">\n\t\t\t\t\t\t\t\t\t<p>Unsere Villen umfassen ger\u00e4umige Anwesen mit privaten Pools, G\u00e4rten und erstklassigen Annehmlichkeiten, ideal f\u00fcr Paare, Familien und Gruppen.<\/p>\t\t\t\t\t\t\t\t<\/div>\n\t\t\t\t<\/div>\n\t\t\t\t<\/div>\n\t\t\t\t\t<\/details>\n\t\t\t\t\t\t<details id=\"e-n-accordion-item-1472\" class=\"e-n-accordion-item\" >\n\t\t\t\t<summary class=\"e-n-accordion-item-title\" data-accordion-index=\"3\" tabindex=\"-1\" aria-expanded=\"false\" aria-controls=\"e-n-accordion-item-1472\" >\n\t\t\t\t\t<span class='e-n-accordion-item-title-header'><div class=\"e-n-accordion-item-title-text\"> Sind w\u00e4hrend meines Aufenthalts Luxuserlebnisse verf\u00fcgbar? <\/div><\/span>\n\t\t\t\t\t\t\t<span class='e-n-accordion-item-title-icon'>\n\t\t\t<span class='e-opened' ><svg aria-hidden=\"true\" class=\"e-font-icon-svg e-fas-minus\" viewBox=\"0 0 448 512\" xmlns=\"http:\/\/www.w3.org\/2000\/svg\"><path d=\"M416 208H32c-17.67 0-32 14.33-32 32v32c0 17.67 14.33 32 32 32h384c17.67 0 32-14.33 32-32v-32c0-17.67-14.33-32-32-32z\"><\/path><\/svg><\/span>\n\t\t\t<span class='e-closed'><svg aria-hidden=\"true\" class=\"e-font-icon-svg e-fas-plus\" viewBox=\"0 0 448 512\" xmlns=\"http:\/\/www.w3.org\/2000\/svg\"><path d=\"M416 208H272V64c0-17.67-14.33-32-32-32h-32c-17.67 0-32 14.33-32 32v144H32c-17.67 0-32 14.33-32 32v32c0 17.67 14.33 32 32 32h144v144c0 17.67 14.33 32 32 32h32c17.67 0 32-14.33 32-32V304h144c17.67 0 32-14.33 32-32v-32c0-17.67-14.33-32-32-32z\"><\/path><\/svg><\/span>\n\t\t<\/span>\n\n\t\t\t\t\t\t<\/summary>\n\t\t\t\t<div role=\"region\" aria-labelledby=\"e-n-accordion-item-1472\" class=\"elementor-element elementor-element-2923e0be e-con-full e-flex e-con e-child\" data-id=\"2923e0be\" data-element_type=\"container\" data-e-type=\"container\">\n\t\t\t\t<div class=\"elementor-element elementor-element-715c9f64 elementor-widget elementor-widget-text-editor\" data-id=\"715c9f64\" data-element_type=\"widget\" data-e-type=\"widget\" data-widget_type=\"text-editor.default\">\n\t\t\t\t<div class=\"elementor-widget-container\">\n\t\t\t\t\t\t\t\t\t<p>Ja, G\u00e4ste k\u00f6nnen kuratierte Erlebnisse wie private Touren, Bootsausfl\u00fcge und ma\u00dfgeschneiderte Aktivit\u00e4ten auf der gesamten Insel genie\u00dfen.<\/p>\t\t\t\t\t\t\t\t<\/div>\n\t\t\t\t<\/div>\n\t\t\t\t<\/div>\n\t\t\t\t\t<\/details>\n\t\t\t\t\t\t<details id=\"e-n-accordion-item-1473\" class=\"e-n-accordion-item\" >\n\t\t\t\t<summary class=\"e-n-accordion-item-title\" data-accordion-index=\"4\" tabindex=\"-1\" aria-expanded=\"false\" aria-controls=\"e-n-accordion-item-1473\" >\n\t\t\t\t\t<span class='e-n-accordion-item-title-header'><div class=\"e-n-accordion-item-title-text\"> Ist Madeira f\u00fcr Luxusurlaub mit der Familie geeignet? <\/div><\/span>\n\t\t\t\t\t\t\t<span class='e-n-accordion-item-title-icon'>\n\t\t\t<span class='e-opened' ><svg aria-hidden=\"true\" class=\"e-font-icon-svg e-fas-minus\" viewBox=\"0 0 448 512\" xmlns=\"http:\/\/www.w3.org\/2000\/svg\"><path d=\"M416 208H32c-17.67 0-32 14.33-32 32v32c0 17.67 14.33 32 32 32h384c17.67 0 32-14.33 32-32v-32c0-17.67-14.33-32-32-32z\"><\/path><\/svg><\/span>\n\t\t\t<span class='e-closed'><svg aria-hidden=\"true\" class=\"e-font-icon-svg e-fas-plus\" viewBox=\"0 0 448 512\" xmlns=\"http:\/\/www.w3.org\/2000\/svg\"><path d=\"M416 208H272V64c0-17.67-14.33-32-32-32h-32c-17.67 0-32 14.33-32 32v144H32c-17.67 0-32 14.33-32 32v32c0 17.67 14.33 32 32 32h144v144c0 17.67 14.33 32 32 32h32c17.67 0 32-14.33 32-32V304h144c17.67 0 32-14.33 32-32v-32c0-17.67-14.33-32-32-32z\"><\/path><\/svg><\/span>\n\t\t<\/span>\n\n\t\t\t\t\t\t<\/summary>\n\t\t\t\t<div role=\"region\" aria-labelledby=\"e-n-accordion-item-1473\" class=\"elementor-element elementor-element-4d244764 e-con-full e-flex e-con e-child\" data-id=\"4d244764\" data-element_type=\"container\" data-e-type=\"container\">\n\t\t\t\t<div class=\"elementor-element elementor-element-4c19ed3a elementor-widget elementor-widget-text-editor\" data-id=\"4c19ed3a\" data-element_type=\"widget\" data-e-type=\"widget\" data-widget_type=\"text-editor.default\">\n\t\t\t\t<div class=\"elementor-widget-container\">\n\t\t\t\t\t\t\t\t\t<p>Auf jeden Fall, Madeira ist perfekt f\u00fcr Familien und bietet eine sichere Umgebung, ger\u00e4umige Villen und eine Vielzahl von Aktivit\u00e4ten f\u00fcr alle Altersgruppen.<\/p>\t\t\t\t\t\t\t\t<\/div>\n\t\t\t\t<\/div>\n\t\t\t\t<\/div>\n\t\t\t\t\t<\/details>\n\t\t\t\t\t\t<details id=\"e-n-accordion-item-1474\" class=\"e-n-accordion-item\" >\n\t\t\t\t<summary class=\"e-n-accordion-item-title\" data-accordion-index=\"5\" tabindex=\"-1\" aria-expanded=\"false\" aria-controls=\"e-n-accordion-item-1474\" >\n\t\t\t\t\t<span class='e-n-accordion-item-title-header'><div class=\"e-n-accordion-item-title-text\"> Welche kulinarischen Erlebnisse kann ich erwarten? <\/div><\/span>\n\t\t\t\t\t\t\t<span class='e-n-accordion-item-title-icon'>\n\t\t\t<span class='e-opened' ><svg aria-hidden=\"true\" class=\"e-font-icon-svg e-fas-minus\" viewBox=\"0 0 448 512\" xmlns=\"http:\/\/www.w3.org\/2000\/svg\"><path d=\"M416 208H32c-17.67 0-32 14.33-32 32v32c0 17.67 14.33 32 32 32h384c17.67 0 32-14.33 32-32v-32c0-17.67-14.33-32-32-32z\"><\/path><\/svg><\/span>\n\t\t\t<span class='e-closed'><svg aria-hidden=\"true\" class=\"e-font-icon-svg e-fas-plus\" viewBox=\"0 0 448 512\" xmlns=\"http:\/\/www.w3.org\/2000\/svg\"><path d=\"M416 208H272V64c0-17.67-14.33-32-32-32h-32c-17.67 0-32 14.33-32 32v144H32c-17.67 0-32 14.33-32 32v32c0 17.67 14.33 32 32 32h144v144c0 17.67 14.33 32 32 32h32c17.67 0 32-14.33 32-32V304h144c17.67 0 32-14.33 32-32v-32c0-17.67-14.33-32-32-32z\"><\/path><\/svg><\/span>\n\t\t<\/span>\n\n\t\t\t\t\t\t<\/summary>\n\t\t\t\t<div role=\"region\" aria-labelledby=\"e-n-accordion-item-1474\" class=\"elementor-element elementor-element-339bea76 e-con-full e-flex e-con e-child\" data-id=\"339bea76\" data-element_type=\"container\" data-e-type=\"container\">\n\t\t\t\t<div class=\"elementor-element elementor-element-223e7e99 elementor-widget elementor-widget-text-editor\" data-id=\"223e7e99\" data-element_type=\"widget\" data-e-type=\"widget\" data-widget_type=\"text-editor.default\">\n\t\t\t\t<div class=\"elementor-widget-container\">\n\t\t\t\t\t\t\t\t\t<p>Sie k\u00f6nnen Fine-Dining-Restaurants, lokale Gastronomie und exklusive kulinarische Erlebnisse mit frischen Zutaten und regionalen Spezialit\u00e4ten genie\u00dfen.<\/p>\t\t\t\t\t\t\t\t<\/div>\n\t\t\t\t<\/div>\n\t\t\t\t<\/div>\n\t\t\t\t\t<\/details>\n\t\t\t\t\t\t<details id=\"e-n-accordion-item-1475\" class=\"e-n-accordion-item\" >\n\t\t\t\t<summary class=\"e-n-accordion-item-title\" data-accordion-index=\"6\" tabindex=\"-1\" aria-expanded=\"false\" aria-controls=\"e-n-accordion-item-1475\" >\n\t\t\t\t\t<span class='e-n-accordion-item-title-header'><div class=\"e-n-accordion-item-title-text\"> Wann ist die beste Reisezeit f\u00fcr Madeira? <\/div><\/span>\n\t\t\t\t\t\t\t<span class='e-n-accordion-item-title-icon'>\n\t\t\t<span class='e-opened' ><svg aria-hidden=\"true\" class=\"e-font-icon-svg e-fas-minus\" viewBox=\"0 0 448 512\" xmlns=\"http:\/\/www.w3.org\/2000\/svg\"><path d=\"M416 208H32c-17.67 0-32 14.33-32 32v32c0 17.67 14.33 32 32 32h384c17.67 0 32-14.33 32-32v-32c0-17.67-14.33-32-32-32z\"><\/path><\/svg><\/span>\n\t\t\t<span class='e-closed'><svg aria-hidden=\"true\" class=\"e-font-icon-svg e-fas-plus\" viewBox=\"0 0 448 512\" xmlns=\"http:\/\/www.w3.org\/2000\/svg\"><path d=\"M416 208H272V64c0-17.67-14.33-32-32-32h-32c-17.67 0-32 14.33-32 32v144H32c-17.67 0-32 14.33-32 32v32c0 17.67 14.33 32 32 32h144v144c0 17.67 14.33 32 32 32h32c17.67 0 32-14.33 32-32V304h144c17.67 0 32-14.33 32-32v-32c0-17.67-14.33-32-32-32z\"><\/path><\/svg><\/span>\n\t\t<\/span>\n\n\t\t\t\t\t\t<\/summary>\n\t\t\t\t<div role=\"region\" aria-labelledby=\"e-n-accordion-item-1475\" class=\"elementor-element elementor-element-12ea1875 e-con-full e-flex e-con e-child\" data-id=\"12ea1875\" data-element_type=\"container\" data-e-type=\"container\">\n\t\t\t\t<div class=\"elementor-element elementor-element-17d7b5fa elementor-widget elementor-widget-text-editor\" data-id=\"17d7b5fa\" data-element_type=\"widget\" data-e-type=\"widget\" data-widget_type=\"text-editor.default\">\n\t\t\t\t<div class=\"elementor-widget-container\">\n\t\t\t\t\t\t\t\t\t<p>Madeira ist ein ganzj\u00e4hriges Reiseziel und bietet zu jeder Jahreszeit hervorragende Bedingungen sowohl f\u00fcr Entspannung als auch f\u00fcr Entdeckungen.<\/p>\t\t\t\t\t\t\t\t<\/div>\n\t\t\t\t<\/div>\n\t\t\t\t<\/div>\n\t\t\t\t\t<\/details>\n\t\t\t\t\t<\/div>\n\t\t\t\t\t\t<\/div>\n\t\t\t\t<\/div>\n\t\t\t\t<\/div>\n\t\t\t\t\t<\/div>\n\t\t\t\t<\/div>\n\t\t\t\t<\/div>\n\t\t","protected":false},"excerpt":{"rendered":"<p>Luxusurlaub auf Madeira Exklusive Villenaufenthalte f\u00fcr Ihren Madeira-Urlaub Luxus Pool Paare Familien Unsere Auswahl an Villen f\u00fcr Luxusurlaub auf Madeira Estreito Calheta &#8211; Ilha da Madeira Villa de la Ponte<\/p>\n","protected":false},"author":2,"featured_media":6088,"comment_status":"open","ping_status":"closed","sticky":false,"template":"","format":"standard","meta":{"footnotes":""},"categories":[80],"tags":[],"class_list":["post-6091","post","type-post","status-publish","format-standard","has-post-thumbnail","hentry","category-ferienunterkunft"],"yoast_head":"<!-- This site is optimized with the Yoast SEO plugin v27.4 - https:\/\/yoast.com\/product\/yoast-seo-wordpress\/ -->\n<title>Luxusurlaub auf Madeira \u200b | Atlantic Holiday Rental<\/title>\n<meta name=\"description\" content=\"Entdecken Sie Luxusurlaub auf Madeira mit exklusiven Villen, privaten Pools und atemberaubenden Ausblicken. Perfekt f\u00fcr anspruchsvolle Inselaufenthalte.\" \/>\n<meta name=\"robots\" content=\"index, follow, max-snippet:-1, max-image-preview:large, max-video-preview:-1\" \/>\n<link rel=\"canonical\" href=\"https:\/\/www.atlanticholidayrentals.com\/blog\/de\/luxury-holidays-madeira\/\" \/>\n<meta property=\"og:locale\" content=\"de_DE\" \/>\n<meta property=\"og:type\" content=\"article\" \/>\n<meta property=\"og:title\" content=\"Luxusurlaub auf Madeira \u200b | Atlantic Holiday Rental\" \/>\n<meta property=\"og:description\" content=\"Entdecken Sie Luxusurlaub auf Madeira mit exklusiven Villen, privaten Pools und atemberaubenden Ausblicken. Perfekt f\u00fcr anspruchsvolle Inselaufenthalte.\" \/>\n<meta property=\"og:url\" content=\"https:\/\/www.atlanticholidayrentals.com\/blog\/de\/luxury-holidays-madeira\/\" \/>\n<meta property=\"og:site_name\" content=\"Blog\" \/>\n<meta property=\"article:published_time\" content=\"2026-04-24T11:48:11+00:00\" \/>\n<meta property=\"article:modified_time\" content=\"2026-04-24T12:38:24+00:00\" \/>\n<meta property=\"og:image\" content=\"https:\/\/www.atlanticholidayrentals.com\/blog\/wp-content\/uploads\/2026\/04\/luxury-holidays-madeira.webp\" \/>\n\t<meta property=\"og:image:width\" content=\"1920\" \/>\n\t<meta property=\"og:image:height\" content=\"650\" \/>\n\t<meta property=\"og:image:type\" content=\"image\/webp\" \/>\n<meta name=\"author\" content=\"digitalservices\" \/>\n<meta name=\"twitter:card\" content=\"summary_large_image\" \/>\n<meta name=\"twitter:label1\" content=\"Verfasst von\" \/>\n\t<meta name=\"twitter:data1\" content=\"digitalservices\" \/>\n\t<meta name=\"twitter:label2\" content=\"Gesch\u00e4tzte Lesezeit\" \/>\n\t<meta name=\"twitter:data2\" content=\"7\u00a0Minuten\" \/>\n<script type=\"application\/ld+json\" class=\"yoast-schema-graph\">{\"@context\":\"https:\\\/\\\/schema.org\",\"@graph\":[{\"@type\":\"Article\",\"@id\":\"https:\\\/\\\/www.atlanticholidayrentals.com\\\/blog\\\/de\\\/luxury-holidays-madeira\\\/#article\",\"isPartOf\":{\"@id\":\"https:\\\/\\\/www.atlanticholidayrentals.com\\\/blog\\\/de\\\/luxury-holidays-madeira\\\/\"},\"author\":{\"name\":\"digitalservices\",\"@id\":\"https:\\\/\\\/www.atlanticholidayrentals.com\\\/blog\\\/#\\\/schema\\\/person\\\/4ed40a36822f6a090c2c92a108486ae7\"},\"headline\":\"Luxusurlaub auf Madeira\",\"datePublished\":\"2026-04-24T11:48:11+00:00\",\"dateModified\":\"2026-04-24T12:38:24+00:00\",\"mainEntityOfPage\":{\"@id\":\"https:\\\/\\\/www.atlanticholidayrentals.com\\\/blog\\\/de\\\/luxury-holidays-madeira\\\/\"},\"wordCount\":1329,\"commentCount\":0,\"image\":{\"@id\":\"https:\\\/\\\/www.atlanticholidayrentals.com\\\/blog\\\/de\\\/luxury-holidays-madeira\\\/#primaryimage\"},\"thumbnailUrl\":\"https:\\\/\\\/www.atlanticholidayrentals.com\\\/blog\\\/wp-content\\\/uploads\\\/2026\\\/04\\\/luxury-holidays-madeira.webp\",\"articleSection\":[\"Ferienunterkunft\"],\"inLanguage\":\"de\",\"potentialAction\":[{\"@type\":\"CommentAction\",\"name\":\"Comment\",\"target\":[\"https:\\\/\\\/www.atlanticholidayrentals.com\\\/blog\\\/de\\\/luxury-holidays-madeira\\\/#respond\"]}]},{\"@type\":\"WebPage\",\"@id\":\"https:\\\/\\\/www.atlanticholidayrentals.com\\\/blog\\\/de\\\/luxury-holidays-madeira\\\/\",\"url\":\"https:\\\/\\\/www.atlanticholidayrentals.com\\\/blog\\\/de\\\/luxury-holidays-madeira\\\/\",\"name\":\"Luxusurlaub auf Madeira \u200b | Atlantic Holiday Rental\",\"isPartOf\":{\"@id\":\"https:\\\/\\\/www.atlanticholidayrentals.com\\\/blog\\\/#website\"},\"primaryImageOfPage\":{\"@id\":\"https:\\\/\\\/www.atlanticholidayrentals.com\\\/blog\\\/de\\\/luxury-holidays-madeira\\\/#primaryimage\"},\"image\":{\"@id\":\"https:\\\/\\\/www.atlanticholidayrentals.com\\\/blog\\\/de\\\/luxury-holidays-madeira\\\/#primaryimage\"},\"thumbnailUrl\":\"https:\\\/\\\/www.atlanticholidayrentals.com\\\/blog\\\/wp-content\\\/uploads\\\/2026\\\/04\\\/luxury-holidays-madeira.webp\",\"datePublished\":\"2026-04-24T11:48:11+00:00\",\"dateModified\":\"2026-04-24T12:38:24+00:00\",\"author\":{\"@id\":\"https:\\\/\\\/www.atlanticholidayrentals.com\\\/blog\\\/#\\\/schema\\\/person\\\/4ed40a36822f6a090c2c92a108486ae7\"},\"description\":\"Entdecken Sie Luxusurlaub auf Madeira mit exklusiven Villen, privaten Pools und atemberaubenden Ausblicken. Perfekt f\u00fcr anspruchsvolle Inselaufenthalte.\",\"breadcrumb\":{\"@id\":\"https:\\\/\\\/www.atlanticholidayrentals.com\\\/blog\\\/de\\\/luxury-holidays-madeira\\\/#breadcrumb\"},\"inLanguage\":\"de\",\"potentialAction\":[{\"@type\":\"ReadAction\",\"target\":[\"https:\\\/\\\/www.atlanticholidayrentals.com\\\/blog\\\/de\\\/luxury-holidays-madeira\\\/\"]}]},{\"@type\":\"ImageObject\",\"inLanguage\":\"de\",\"@id\":\"https:\\\/\\\/www.atlanticholidayrentals.com\\\/blog\\\/de\\\/luxury-holidays-madeira\\\/#primaryimage\",\"url\":\"https:\\\/\\\/www.atlanticholidayrentals.com\\\/blog\\\/wp-content\\\/uploads\\\/2026\\\/04\\\/luxury-holidays-madeira.webp\",\"contentUrl\":\"https:\\\/\\\/www.atlanticholidayrentals.com\\\/blog\\\/wp-content\\\/uploads\\\/2026\\\/04\\\/luxury-holidays-madeira.webp\",\"width\":1920,\"height\":650,\"caption\":\"luxusurlaub madeira\"},{\"@type\":\"BreadcrumbList\",\"@id\":\"https:\\\/\\\/www.atlanticholidayrentals.com\\\/blog\\\/de\\\/luxury-holidays-madeira\\\/#breadcrumb\",\"itemListElement\":[{\"@type\":\"ListItem\",\"position\":1,\"name\":\"Home\",\"item\":\"https:\\\/\\\/www.atlanticholidayrentals.com\\\/blog\\\/\"},{\"@type\":\"ListItem\",\"position\":2,\"name\":\"Luxusurlaub auf Madeira\"}]},{\"@type\":\"WebSite\",\"@id\":\"https:\\\/\\\/www.atlanticholidayrentals.com\\\/blog\\\/#website\",\"url\":\"https:\\\/\\\/www.atlanticholidayrentals.com\\\/blog\\\/\",\"name\":\"Blog\",\"description\":\"Atlanticholidayrentals\",\"potentialAction\":[{\"@type\":\"SearchAction\",\"target\":{\"@type\":\"EntryPoint\",\"urlTemplate\":\"https:\\\/\\\/www.atlanticholidayrentals.com\\\/blog\\\/?s={search_term_string}\"},\"query-input\":{\"@type\":\"PropertyValueSpecification\",\"valueRequired\":true,\"valueName\":\"search_term_string\"}}],\"inLanguage\":\"de\"},{\"@type\":\"Person\",\"@id\":\"https:\\\/\\\/www.atlanticholidayrentals.com\\\/blog\\\/#\\\/schema\\\/person\\\/4ed40a36822f6a090c2c92a108486ae7\",\"name\":\"digitalservices\",\"image\":{\"@type\":\"ImageObject\",\"inLanguage\":\"de\",\"@id\":\"https:\\\/\\\/secure.gravatar.com\\\/avatar\\\/af30f88a1904294c1f3eb09a9d7903eec4ffa18fa2cf40c28a8681014ecdfc20?s=96&d=mm&r=g\",\"url\":\"https:\\\/\\\/secure.gravatar.com\\\/avatar\\\/af30f88a1904294c1f3eb09a9d7903eec4ffa18fa2cf40c28a8681014ecdfc20?s=96&d=mm&r=g\",\"contentUrl\":\"https:\\\/\\\/secure.gravatar.com\\\/avatar\\\/af30f88a1904294c1f3eb09a9d7903eec4ffa18fa2cf40c28a8681014ecdfc20?s=96&d=mm&r=g\",\"caption\":\"digitalservices\"},\"url\":\"https:\\\/\\\/www.atlanticholidayrentals.com\\\/blog\\\/de\\\/author\\\/digitalservices\\\/\"}]}<\/script>\n<!-- \/ Yoast SEO plugin. -->","yoast_head_json":{"title":"Luxusurlaub auf Madeira \u200b | Atlantic Holiday Rental","description":"Entdecken Sie Luxusurlaub auf Madeira mit exklusiven Villen, privaten Pools und atemberaubenden Ausblicken. Perfekt f\u00fcr anspruchsvolle Inselaufenthalte.","robots":{"index":"index","follow":"follow","max-snippet":"max-snippet:-1","max-image-preview":"max-image-preview:large","max-video-preview":"max-video-preview:-1"},"canonical":"https:\/\/www.atlanticholidayrentals.com\/blog\/de\/luxury-holidays-madeira\/","og_locale":"de_DE","og_type":"article","og_title":"Luxusurlaub auf Madeira \u200b | Atlantic Holiday Rental","og_description":"Entdecken Sie Luxusurlaub auf Madeira mit exklusiven Villen, privaten Pools und atemberaubenden Ausblicken. Perfekt f\u00fcr anspruchsvolle Inselaufenthalte.","og_url":"https:\/\/www.atlanticholidayrentals.com\/blog\/de\/luxury-holidays-madeira\/","og_site_name":"Blog","article_published_time":"2026-04-24T11:48:11+00:00","article_modified_time":"2026-04-24T12:38:24+00:00","og_image":[{"width":1920,"height":650,"url":"https:\/\/www.atlanticholidayrentals.com\/blog\/wp-content\/uploads\/2026\/04\/luxury-holidays-madeira.webp","type":"image\/webp"}],"author":"digitalservices","twitter_card":"summary_large_image","twitter_misc":{"Verfasst von":"digitalservices","Gesch\u00e4tzte Lesezeit":"7\u00a0Minuten"},"schema":{"@context":"https:\/\/schema.org","@graph":[{"@type":"Article","@id":"https:\/\/www.atlanticholidayrentals.com\/blog\/de\/luxury-holidays-madeira\/#article","isPartOf":{"@id":"https:\/\/www.atlanticholidayrentals.com\/blog\/de\/luxury-holidays-madeira\/"},"author":{"name":"digitalservices","@id":"https:\/\/www.atlanticholidayrentals.com\/blog\/#\/schema\/person\/4ed40a36822f6a090c2c92a108486ae7"},"headline":"Luxusurlaub auf Madeira","datePublished":"2026-04-24T11:48:11+00:00","dateModified":"2026-04-24T12:38:24+00:00","mainEntityOfPage":{"@id":"https:\/\/www.atlanticholidayrentals.com\/blog\/de\/luxury-holidays-madeira\/"},"wordCount":1329,"commentCount":0,"image":{"@id":"https:\/\/www.atlanticholidayrentals.com\/blog\/de\/luxury-holidays-madeira\/#primaryimage"},"thumbnailUrl":"https:\/\/www.atlanticholidayrentals.com\/blog\/wp-content\/uploads\/2026\/04\/luxury-holidays-madeira.webp","articleSection":["Ferienunterkunft"],"inLanguage":"de","potentialAction":[{"@type":"CommentAction","name":"Comment","target":["https:\/\/www.atlanticholidayrentals.com\/blog\/de\/luxury-holidays-madeira\/#respond"]}]},{"@type":"WebPage","@id":"https:\/\/www.atlanticholidayrentals.com\/blog\/de\/luxury-holidays-madeira\/","url":"https:\/\/www.atlanticholidayrentals.com\/blog\/de\/luxury-holidays-madeira\/","name":"Luxusurlaub auf Madeira \u200b | Atlantic Holiday Rental","isPartOf":{"@id":"https:\/\/www.atlanticholidayrentals.com\/blog\/#website"},"primaryImageOfPage":{"@id":"https:\/\/www.atlanticholidayrentals.com\/blog\/de\/luxury-holidays-madeira\/#primaryimage"},"image":{"@id":"https:\/\/www.atlanticholidayrentals.com\/blog\/de\/luxury-holidays-madeira\/#primaryimage"},"thumbnailUrl":"https:\/\/www.atlanticholidayrentals.com\/blog\/wp-content\/uploads\/2026\/04\/luxury-holidays-madeira.webp","datePublished":"2026-04-24T11:48:11+00:00","dateModified":"2026-04-24T12:38:24+00:00","author":{"@id":"https:\/\/www.atlanticholidayrentals.com\/blog\/#\/schema\/person\/4ed40a36822f6a090c2c92a108486ae7"},"description":"Entdecken Sie Luxusurlaub auf Madeira mit exklusiven Villen, privaten Pools und atemberaubenden Ausblicken. Perfekt f\u00fcr anspruchsvolle Inselaufenthalte.","breadcrumb":{"@id":"https:\/\/www.atlanticholidayrentals.com\/blog\/de\/luxury-holidays-madeira\/#breadcrumb"},"inLanguage":"de","potentialAction":[{"@type":"ReadAction","target":["https:\/\/www.atlanticholidayrentals.com\/blog\/de\/luxury-holidays-madeira\/"]}]},{"@type":"ImageObject","inLanguage":"de","@id":"https:\/\/www.atlanticholidayrentals.com\/blog\/de\/luxury-holidays-madeira\/#primaryimage","url":"https:\/\/www.atlanticholidayrentals.com\/blog\/wp-content\/uploads\/2026\/04\/luxury-holidays-madeira.webp","contentUrl":"https:\/\/www.atlanticholidayrentals.com\/blog\/wp-content\/uploads\/2026\/04\/luxury-holidays-madeira.webp","width":1920,"height":650,"caption":"luxusurlaub madeira"},{"@type":"BreadcrumbList","@id":"https:\/\/www.atlanticholidayrentals.com\/blog\/de\/luxury-holidays-madeira\/#breadcrumb","itemListElement":[{"@type":"ListItem","position":1,"name":"Home","item":"https:\/\/www.atlanticholidayrentals.com\/blog\/"},{"@type":"ListItem","position":2,"name":"Luxusurlaub auf Madeira"}]},{"@type":"WebSite","@id":"https:\/\/www.atlanticholidayrentals.com\/blog\/#website","url":"https:\/\/www.atlanticholidayrentals.com\/blog\/","name":"Blog","description":"Atlanticholidayrentals","potentialAction":[{"@type":"SearchAction","target":{"@type":"EntryPoint","urlTemplate":"https:\/\/www.atlanticholidayrentals.com\/blog\/?s={search_term_string}"},"query-input":{"@type":"PropertyValueSpecification","valueRequired":true,"valueName":"search_term_string"}}],"inLanguage":"de"},{"@type":"Person","@id":"https:\/\/www.atlanticholidayrentals.com\/blog\/#\/schema\/person\/4ed40a36822f6a090c2c92a108486ae7","name":"digitalservices","image":{"@type":"ImageObject","inLanguage":"de","@id":"https:\/\/secure.gravatar.com\/avatar\/af30f88a1904294c1f3eb09a9d7903eec4ffa18fa2cf40c28a8681014ecdfc20?s=96&d=mm&r=g","url":"https:\/\/secure.gravatar.com\/avatar\/af30f88a1904294c1f3eb09a9d7903eec4ffa18fa2cf40c28a8681014ecdfc20?s=96&d=mm&r=g","contentUrl":"https:\/\/secure.gravatar.com\/avatar\/af30f88a1904294c1f3eb09a9d7903eec4ffa18fa2cf40c28a8681014ecdfc20?s=96&d=mm&r=g","caption":"digitalservices"},"url":"https:\/\/www.atlanticholidayrentals.com\/blog\/de\/author\/digitalservices\/"}]}},"_links":{"self":[{"href":"https:\/\/www.atlanticholidayrentals.com\/blog\/de\/wp-json\/wp\/v2\/posts\/6091","targetHints":{"allow":["GET"]}}],"collection":[{"href":"https:\/\/www.atlanticholidayrentals.com\/blog\/de\/wp-json\/wp\/v2\/posts"}],"about":[{"href":"https:\/\/www.atlanticholidayrentals.com\/blog\/de\/wp-json\/wp\/v2\/types\/post"}],"author":[{"embeddable":true,"href":"https:\/\/www.atlanticholidayrentals.com\/blog\/de\/wp-json\/wp\/v2\/users\/2"}],"replies":[{"embeddable":true,"href":"https:\/\/www.atlanticholidayrentals.com\/blog\/de\/wp-json\/wp\/v2\/comments?post=6091"}],"version-history":[{"count":1,"href":"https:\/\/www.atlanticholidayrentals.com\/blog\/de\/wp-json\/wp\/v2\/posts\/6091\/revisions"}],"predecessor-version":[{"id":6092,"href":"https:\/\/www.atlanticholidayrentals.com\/blog\/de\/wp-json\/wp\/v2\/posts\/6091\/revisions\/6092"}],"wp:featuredmedia":[{"embeddable":true,"href":"https:\/\/www.atlanticholidayrentals.com\/blog\/de\/wp-json\/wp\/v2\/media\/6088"}],"wp:attachment":[{"href":"https:\/\/www.atlanticholidayrentals.com\/blog\/de\/wp-json\/wp\/v2\/media?parent=6091"}],"wp:term":[{"taxonomy":"category","embeddable":true,"href":"https:\/\/www.atlanticholidayrentals.com\/blog\/de\/wp-json\/wp\/v2\/categories?post=6091"},{"taxonomy":"post_tag","embeddable":true,"href":"https:\/\/www.atlanticholidayrentals.com\/blog\/de\/wp-json\/wp\/v2\/tags?post=6091"}],"curies":[{"name":"wp","href":"https:\/\/api.w.org\/{rel}","templated":true}]}}