{"id":6002,"date":"2026-04-02T14:33:50","date_gmt":"2026-04-02T14:33:50","guid":{"rendered":"https:\/\/www.atlanticholidayrentals.com\/blog\/miradouro-da-eira-do-serrado\/"},"modified":"2026-04-22T14:44:21","modified_gmt":"2026-04-22T14:44:21","slug":"miradouro-da-eira-do-serrado","status":"publish","type":"post","link":"https:\/\/www.atlanticholidayrentals.com\/blog\/de\/miradouro-da-eira-do-serrado\/","title":{"rendered":"Besuch des Miradouro da Eira do Serrado: Madeiras bester Talblick erkl\u00e4rt"},"content":{"rendered":"\t\t<div data-elementor-type=\"wp-post\" data-elementor-id=\"6002\" class=\"elementor elementor-6002 elementor-5567\" data-elementor-post-type=\"post\">\n\t\t\t\t<div class=\"elementor-element elementor-element-324c0cd8 e-flex e-con-boxed e-con e-parent\" data-id=\"324c0cd8\" data-element_type=\"container\" data-e-type=\"container\">\n\t\t\t\t\t<div class=\"e-con-inner\">\n\t\t\t\t<div class=\"elementor-element elementor-element-61db98de elementor-widget elementor-widget-text-editor\" data-id=\"61db98de\" data-element_type=\"widget\" data-e-type=\"widget\" data-widget_type=\"text-editor.default\">\n\t\t\t\t<div class=\"elementor-widget-container\">\n\t\t\t\t\t\t\t\t\t<p><span style=\"font-weight: 400;\">Die meisten Besucher erwarten vom Miradouro da Eira do Serrado einen kurzen Fotostopp auf dem Weg durch die Berge. Er wird oft als einer der besten Aussichtspunkte Madeiras beschrieben, was den Eindruck erwecken kann, es handle sich um einen \u00fcberf\u00fcllten, \u00fcberbewerteten oder \u00e4hnlichen Ort wie andere auf der Insel. <\/span><\/p><p><span style=\"font-weight: 400;\">In Wirklichkeit zeichnet er sich dadurch aus, wie zug\u00e4nglich er im Verh\u00e4ltnis zur Gr\u00f6\u00dfe der Aussicht ist. Wenige Minuten nach Verlassen des Parkplatzes blicken Sie direkt hinunter nach Curral das Freiras, ein tiefes Tal, umgeben von steilen Bergk\u00e4mmen, mit sehr wenigen Barrieren oder Ablenkungen. Die Anlage ist einfach gehalten, aber die Landschaft erledigt den Gro\u00dfteil der Arbeit.  <\/span><\/p>\t\t\t\t\t\t\t\t<\/div>\n\t\t\t\t<\/div>\n\t\t\t\t\t<\/div>\n\t\t\t\t<\/div>\n\t\t<div class=\"elementor-element elementor-element-18eead e-flex e-con-boxed e-con e-parent\" data-id=\"18eead\" data-element_type=\"container\" data-e-type=\"container\">\n\t\t\t\t\t<div class=\"e-con-inner\">\n\t\t\t\t<div class=\"elementor-element elementor-element-75dda795 elementor-widget elementor-widget-table-of-contents\" data-id=\"75dda795\" data-element_type=\"widget\" data-e-type=\"widget\" data-settings=\"{&quot;headings_by_tags&quot;:[&quot;h2&quot;],&quot;exclude_headings_by_selector&quot;:[],&quot;marker_view&quot;:&quot;bullets&quot;,&quot;icon&quot;:{&quot;value&quot;:&quot;&quot;,&quot;library&quot;:&quot;&quot;},&quot;no_headings_message&quot;:&quot;No headings were found on this page.&quot;,&quot;hierarchical_view&quot;:&quot;yes&quot;,&quot;min_height&quot;:{&quot;unit&quot;:&quot;px&quot;,&quot;size&quot;:&quot;&quot;,&quot;sizes&quot;:[]},&quot;min_height_tablet&quot;:{&quot;unit&quot;:&quot;px&quot;,&quot;size&quot;:&quot;&quot;,&quot;sizes&quot;:[]},&quot;min_height_mobile&quot;:{&quot;unit&quot;:&quot;px&quot;,&quot;size&quot;:&quot;&quot;,&quot;sizes&quot;:[]}}\" data-widget_type=\"table-of-contents.default\">\n\t\t\t\t<div class=\"elementor-widget-container\">\n\t\t\t\t\t\t\t\t\t<div class=\"elementor-toc__header\">\n\t\t\t\t\t\t<div class=\"elementor-toc__header-title\">\n\t\t\t\tInhaltsverzeichnis\t\t\t<\/div>\n\t\t\t\t\t\t\t\t<\/div>\n\t\t\t\t<div id=\"elementor-toc__75dda795\" class=\"elementor-toc__body\">\n\t\t\t<div class=\"elementor-toc__spinner-container\">\n\t\t\t\t<svg class=\"elementor-toc__spinner eicon-animation-spin e-font-icon-svg e-eicon-loading\" aria-hidden=\"true\" viewBox=\"0 0 1000 1000\" xmlns=\"http:\/\/www.w3.org\/2000\/svg\"><path d=\"M500 975V858C696 858 858 696 858 500S696 142 500 142 142 304 142 500H25C25 237 238 25 500 25S975 237 975 500 763 975 500 975Z\"><\/path><\/svg>\t\t\t<\/div>\n\t\t<\/div>\n\t\t\t\t\t\t<\/div>\n\t\t\t\t<\/div>\n\t\t\t\t\t<\/div>\n\t\t\t\t<\/div>\n\t\t<div class=\"elementor-element elementor-element-6f75e475 e-flex e-con-boxed e-con e-parent\" data-id=\"6f75e475\" data-element_type=\"container\" data-e-type=\"container\">\n\t\t\t\t\t<div class=\"e-con-inner\">\n\t\t\t\t<div class=\"elementor-element elementor-element-280032c1 elementor-widget elementor-widget-heading\" data-id=\"280032c1\" data-element_type=\"widget\" data-e-type=\"widget\" data-widget_type=\"heading.default\">\n\t\t\t\t<div class=\"elementor-widget-container\">\n\t\t\t\t\t<h2 class=\"elementor-heading-title elementor-size-default\">Wo Sie den Miradouro da Eira do Serrado finden und wie Sie dorthin gelangen\n<\/h2>\t\t\t\t<\/div>\n\t\t\t\t<\/div>\n\t\t\t\t<div class=\"elementor-element elementor-element-6fb26897 elementor-widget elementor-widget-text-editor\" data-id=\"6fb26897\" data-element_type=\"widget\" data-e-type=\"widget\" data-widget_type=\"text-editor.default\">\n\t\t\t\t<div class=\"elementor-widget-container\">\n\t\t\t\t\t\t\t\t\t<p><span style=\"font-weight: 400;\">Der Miradouro da Eira do Serrado liegt etwa 20 bis 30 Minuten von Funchal entfernt, hoch in den zentralen Bergen oberhalb von Curral das Freiras. Die Route steigt stetig von der K\u00fcste an, mit kurvigen Stra\u00dfen und einem sp\u00fcrbaren Temperaturwechsel, w\u00e4hrend Sie an H\u00f6he gewinnen. <\/span><\/p><p><span style=\"font-weight: 400;\">Die Anfahrt mit dem Auto ist am unkompliziertesten, mit kostenlosen Parkpl\u00e4tzen in der N\u00e4he des Eingangs. Es gibt auch eine zuverl\u00e4ssige \u00f6ffentliche Verkehrsverbindung. Der Bus 81 f\u00e4hrt von Funchal ab und h\u00e4lt direkt am Aussichtspunkt, was ihn zu einem der leichter erreichbaren Bergorte ohne Auto macht.  <\/span><\/p><p><span style=\"font-weight: 400;\">Nach Ihrer Ankunft ist der Zugang zum Aussichtspunkt selbst einfach. Ein kurzer, gepflasterter Weg f\u00fchrt vom Parkplatz bergauf, dauert in gem\u00e4chlichem Tempo etwa f\u00fcnf Minuten und endet an der Hauptaussichtsplattform. <\/span><\/p><p><span style=\"font-weight: 400;\">Wenn Sie mehr als einen kurzen Stopp planen, beginnt hier auch die Route hinunter nach Curral das Freiras. Der Nuns Path ist ein etwa 2 km langer Wanderweg, der vom Parkplatz aus auf einer gestuften, gut definierten Route ins Tal hinabf\u00fchrt. Die meisten Menschen gehen hinunter, anstatt den Aufstieg zur\u00fcck zu versuchen, und nutzen dann den Bus 81 vom Dorf aus, um zum Aussichtspunkt zur\u00fcckzukehren oder weiter nach Funchal zu fahren.  <\/span><\/p><p><span style=\"font-weight: 400;\">Wenn Sie bereits Zeit in der Hauptstadt verbringen, l\u00e4sst sich dies leicht in einen umfassenderen Tagesausflug einbinden, zusammen mit Ideen aus diesem Leitfaden zu <\/span><a href=\"https:\/\/www.atlanticholidayrentals.com\/blog\/de\/aktivitaten-funchal\/\"><span style=\"font-weight: 400;\">Aktivit\u00e4ten in Funchal<\/span><\/a><span style=\"font-weight: 400;\">, besonders wenn Sie Aussichtspunkte mit Zeit in den Bergen kombinieren.<\/span><\/p>\t\t\t\t\t\t\t\t<\/div>\n\t\t\t\t<\/div>\n\t\t\t\t<div class=\"elementor-element elementor-element-f9aca06 elementor-widget elementor-widget-google_maps\" data-id=\"f9aca06\" data-element_type=\"widget\" data-e-type=\"widget\" data-widget_type=\"google_maps.default\">\n\t\t\t\t<div class=\"elementor-widget-container\">\n\t\t\t\t\t\t\t<div class=\"elementor-custom-embed\">\n\t\t\t<iframe loading=\"lazy\"\n\t\t\t\t\tsrc=\"https:\/\/maps.google.com\/maps?q=Miradouro%20da%20Eira%20do%20Serrado&#038;t=m&#038;z=12&#038;output=embed&#038;iwloc=near\"\n\t\t\t\t\ttitle=\"Miradouro da Eira do Serrado\"\n\t\t\t\t\taria-label=\"Miradouro da Eira do Serrado\"\n\t\t\t><\/iframe>\n\t\t<\/div>\n\t\t\t\t\t\t<\/div>\n\t\t\t\t<\/div>\n\t\t\t\t\t<\/div>\n\t\t\t\t<\/div>\n\t\t<div class=\"elementor-element elementor-element-7ac514d e-flex e-con-boxed e-con e-parent\" data-id=\"7ac514d\" data-element_type=\"container\" data-e-type=\"container\">\n\t\t\t\t\t<div class=\"e-con-inner\">\n\t\t\t\t<div class=\"elementor-element elementor-element-b7c95bd elementor-widget elementor-widget-heading\" data-id=\"b7c95bd\" data-element_type=\"widget\" data-e-type=\"widget\" data-widget_type=\"heading.default\">\n\t\t\t\t<div class=\"elementor-widget-container\">\n\t\t\t\t\t<h2 class=\"elementor-heading-title elementor-size-default\">Was Sie von der Aussicht am Aussichtspunkt Eira do Serrado erwarten k\u00f6nnen\n<\/h2>\t\t\t\t<\/div>\n\t\t\t\t<\/div>\n\t\t\t\t<div class=\"elementor-element elementor-element-b579f6e elementor-widget elementor-widget-text-editor\" data-id=\"b579f6e\" data-element_type=\"widget\" data-e-type=\"widget\" data-widget_type=\"text-editor.default\">\n\t\t\t\t<div class=\"elementor-widget-container\">\n\t\t\t\t\t\t\t\t\t<p><span style=\"font-weight: 400;\">Das Erste, was auff\u00e4llt, ist die Tiefe. Auf einer H\u00f6he von 1.095 Metern handelt es sich nicht um einen sanften Hangblick. Das Tal f\u00e4llt steil unter Ihnen ab, mit dem Dorf Curral das Freiras weit unten, umgeben von steilen, fast einschlie\u00dfenden Bergw\u00e4nden.  <\/span><\/p><p><span style=\"font-weight: 400;\">An einem klaren Tag wird das Ausma\u00df offensichtlich. Schichten gr\u00fcner Bergk\u00e4mme erstrecken sich in alle Richtungen, wobei das Dorf klein und entfernt erscheint, fast vom Rest der Insel abgeschirmt. <\/span><\/p><p><span style=\"font-weight: 400;\">Die Aussichtsplattform selbst ist einfach, aber gut positioniert. Am Ende gibt es einen kurzen Treppenaufstieg, aber nichts Schwieriges. Sie ist f\u00fcr die meisten Besucher zug\u00e4nglich, einschlie\u00dflich Familien mit Kinderwagen bis zu einem gewissen Punkt, obwohl die letzten Stufen etwas Anstrengung erfordern k\u00f6nnen.  <\/span><\/p><p><span style=\"font-weight: 400;\">Was hier auff\u00e4llt, ist, wie schnell sich die Bedingungen \u00e4ndern k\u00f6nnen. In einem Moment ist das Tal vollst\u00e4ndig sichtbar, im n\u00e4chsten ist es teilweise von Wolken bedeckt, die durch die Gipfel ziehen. Das tr\u00e4gt zur Atmosph\u00e4re bei, bedeutet aber auch, dass das Timing beeinflussen kann, was Sie sehen. Morgens bieten sich oft klarere Aussichten, w\u00e4hrend es sp\u00e4ter am Tag unberechenbarer sein kann.   <\/span><\/p>\t\t\t\t\t\t\t\t<\/div>\n\t\t\t\t<\/div>\n\t\t\t\t<div class=\"elementor-element elementor-element-1b488dc elementor-widget elementor-widget-image\" data-id=\"1b488dc\" data-element_type=\"widget\" data-e-type=\"widget\" data-widget_type=\"image.default\">\n\t\t\t\t<div class=\"elementor-widget-container\">\n\t\t\t\t\t\t\t\t\t\t\t\t\t\t\t<img fetchpriority=\"high\" decoding=\"async\" width=\"800\" height=\"389\" src=\"https:\/\/www.atlanticholidayrentals.com\/blog\/wp-content\/uploads\/2026\/04\/Miradouro-da-Eira-do-Serrado-Madeira-1024x498.webp\" class=\"attachment-large size-large wp-image-5971\" alt=\"\" srcset=\"https:\/\/www.atlanticholidayrentals.com\/blog\/wp-content\/uploads\/2026\/04\/Miradouro-da-Eira-do-Serrado-Madeira-1024x498.webp 1024w, https:\/\/www.atlanticholidayrentals.com\/blog\/wp-content\/uploads\/2026\/04\/Miradouro-da-Eira-do-Serrado-Madeira-300x146.webp 300w, https:\/\/www.atlanticholidayrentals.com\/blog\/wp-content\/uploads\/2026\/04\/Miradouro-da-Eira-do-Serrado-Madeira-768x373.webp 768w, https:\/\/www.atlanticholidayrentals.com\/blog\/wp-content\/uploads\/2026\/04\/Miradouro-da-Eira-do-Serrado-Madeira.webp 1360w\" sizes=\"(max-width: 800px) 100vw, 800px\" \/>\t\t\t\t\t\t\t\t\t\t\t\t\t\t\t<\/div>\n\t\t\t\t<\/div>\n\t\t\t\t\t<\/div>\n\t\t\t\t<\/div>\n\t\t<div class=\"elementor-element elementor-element-487e151 e-flex e-con-boxed e-con e-parent\" data-id=\"487e151\" data-element_type=\"container\" data-e-type=\"container\">\n\t\t\t\t\t<div class=\"e-con-inner\">\n\t\t\t\t<div class=\"elementor-element elementor-element-4058216 elementor-widget elementor-widget-heading\" data-id=\"4058216\" data-element_type=\"widget\" data-e-type=\"widget\" data-widget_type=\"heading.default\">\n\t\t\t\t<div class=\"elementor-widget-container\">\n\t\t\t\t\t<h2 class=\"elementor-heading-title elementor-size-default\">Praktische Informationen f\u00fcr den Besuch des Miradouro da Eira do Serrado\n<\/h2>\t\t\t\t<\/div>\n\t\t\t\t<\/div>\n\t\t\t\t<div class=\"elementor-element elementor-element-f15e041 elementor-widget elementor-widget-text-editor\" data-id=\"f15e041\" data-element_type=\"widget\" data-e-type=\"widget\" data-widget_type=\"text-editor.default\">\n\t\t\t\t<div class=\"elementor-widget-container\">\n\t\t\t\t\t\t\t\t\t<p><span style=\"font-weight: 400;\">Trotz der dramatischen Lage ist der Besuch des Miradouro da Eira do Serrado unkompliziert. Es gibt keinen Eintrittspreis, und die Einrichtungen sind besser, als Sie es f\u00fcr einen Bergaussichtspunkt erwarten w\u00fcrden. <\/span><\/p><p><span style=\"font-weight: 400;\">In der N\u00e4he des Parkplatzes finden Sie ein kleines Caf\u00e9, einen Souvenirshop und Toiletten. Es ist kein Ort, an dem Sie Stunden verbringen werden, aber er ist komfortabel genug, um eine Pause einzulegen, etwas zu trinken und die Umgebung ohne Eile zu genie\u00dfen. <\/span><\/p><p><span style=\"font-weight: 400;\">Parkpl\u00e4tze sind in der Regel verf\u00fcgbar, k\u00f6nnen aber zu Sto\u00dfzeiten knapp werden. Vormittags ist es tendenziell belebter, besonders wenn Reisegruppen ankommen. Eine Ankunft fr\u00fcher am Morgen oder sp\u00e4ter am Nachmittag bedeutet normalerweise ein ruhigeres Erlebnis.  <\/span><\/p><p><span style=\"font-weight: 400;\">Etwas, das Menschen oft \u00fcberrascht, ist die Temperatur. Selbst wenn es unten in Funchal warm ist, kann es hier aufgrund der H\u00f6henlage und Windexposition sp\u00fcrbar k\u00fchler sein. Eine leichte Jacke mitzubringen ist eine sinnvolle Entscheidung, selbst an einem sonnigen Tag.  <\/span><\/p><p><span style=\"font-weight: 400;\">Was die ben\u00f6tigte Zeit betrifft, verbringen die meisten Besucher etwa 30 bis 45 Minuten hier. Es ist ein kurzer Stopp, der sich aber leicht in einen umfassenderen Tag zur Erkundung des Inselinneren von Madeira einf\u00fcgt. <\/span><\/p><p><span style=\"font-weight: 400;\">Wenn Sie Ihre Reise umfassender planen, lohnt es sich, diesen Leitfaden zur <\/span><a href=\"https:\/\/www.atlanticholidayrentals.com\/blog\/de\/beste-reisezeit-fuer-madeira\/\"><span style=\"font-weight: 400;\">besten Reisezeit f\u00fcr Madeira<\/span><\/a><span style=\"font-weight: 400;\"> zu pr\u00fcfen, um zu verstehen, wie saisonales Wetter die Sicht in den Bergen beeinflussen kann.<\/span><\/p>\t\t\t\t\t\t\t\t<\/div>\n\t\t\t\t<\/div>\n\t\t\t\t<div class=\"elementor-element elementor-element-54b4be1 elementor-widget elementor-widget-image\" data-id=\"54b4be1\" data-element_type=\"widget\" data-e-type=\"widget\" data-widget_type=\"image.default\">\n\t\t\t\t<div class=\"elementor-widget-container\">\n\t\t\t\t\t\t\t\t\t\t\t\t\t\t\t<img decoding=\"async\" width=\"800\" height=\"451\" src=\"https:\/\/www.atlanticholidayrentals.com\/blog\/wp-content\/uploads\/2026\/04\/Miradouro-da-Eira-do-Serrado-views-1024x577.webp\" class=\"attachment-large size-large wp-image-5972\" alt=\"\" srcset=\"https:\/\/www.atlanticholidayrentals.com\/blog\/wp-content\/uploads\/2026\/04\/Miradouro-da-Eira-do-Serrado-views-1024x577.webp 1024w, https:\/\/www.atlanticholidayrentals.com\/blog\/wp-content\/uploads\/2026\/04\/Miradouro-da-Eira-do-Serrado-views-300x169.webp 300w, https:\/\/www.atlanticholidayrentals.com\/blog\/wp-content\/uploads\/2026\/04\/Miradouro-da-Eira-do-Serrado-views-768x433.webp 768w, https:\/\/www.atlanticholidayrentals.com\/blog\/wp-content\/uploads\/2026\/04\/Miradouro-da-Eira-do-Serrado-views.webp 1360w\" sizes=\"(max-width: 800px) 100vw, 800px\" \/>\t\t\t\t\t\t\t\t\t\t\t\t\t\t\t<\/div>\n\t\t\t\t<\/div>\n\t\t\t\t\t<\/div>\n\t\t\t\t<\/div>\n\t\t<div class=\"elementor-element elementor-element-7dda941 e-flex e-con-boxed e-con e-parent\" data-id=\"7dda941\" data-element_type=\"container\" data-e-type=\"container\">\n\t\t\t\t\t<div class=\"e-con-inner\">\n\t\t\t\t<div class=\"elementor-element elementor-element-2ce34ce elementor-widget elementor-widget-heading\" data-id=\"2ce34ce\" data-element_type=\"widget\" data-e-type=\"widget\" data-widget_type=\"heading.default\">\n\t\t\t\t<div class=\"elementor-widget-container\">\n\t\t\t\t\t<h2 class=\"elementor-heading-title elementor-size-default\">Weitere Orte in der N\u00e4he des Miradouro da Eira do Serrado\n<\/h2>\t\t\t\t<\/div>\n\t\t\t\t<\/div>\n\t\t\t\t<div class=\"elementor-element elementor-element-189124a elementor-widget elementor-widget-text-editor\" data-id=\"189124a\" data-element_type=\"widget\" data-e-type=\"widget\" data-widget_type=\"text-editor.default\">\n\t\t\t\t<div class=\"elementor-widget-container\">\n\t\t\t\t\t\t\t\t\t<p><span style=\"font-weight: 400;\">Der Aussichtspunkt funktioniert am besten als Teil einer gr\u00f6\u00dferen Route und nicht als eigenst\u00e4ndiges Ziel. Nach dem Besuch fahren viele Menschen weiter hinunter nach Curral das Freiras, um das Tal von Bodenh\u00f6he aus zu sehen. Der Kontrast zwischen den beiden Perspektiven vermittelt ein besseres Gef\u00fchl f\u00fcr die Landschaft.  <\/span><\/p><p><span style=\"font-weight: 400;\">Wenn Sie sich f\u00fcr weitere Aussichtspunkte interessieren, hat Madeira keinen Mangel daran. Der   <\/span><a href=\"https:\/\/www.atlanticholidayrentals.com\/blog\/de\/pico-dos-barcelos-viewpoint-2\/\"><span style=\"font-weight: 400;\">Aussichtspunkt Pico dos Barcelos<\/span><\/a><span style=\"font-weight: 400;\"> bietet einen v\u00f6llig anderen Blick \u00fcber Funchal, w\u00e4hrend der <\/span><a href=\"https:\/\/www.atlanticholidayrentals.com\/blog\/de\/miradouro-da-portela-2\/\"><span style=\"font-weight: 400;\">Miradouro da Portela<\/span><\/a><span style=\"font-weight: 400;\"> auf der Ostseite der Insel einen breiteren K\u00fcsten- und Talblick bietet.<\/span><\/p><p><span style=\"font-weight: 400;\">F\u00fcr diejenigen, die etwas Aktiveres bevorzugen, ist die Kombination von Aussichtspunkten mit Wanderrouten eine gute Option. Madeiras Netz an Wanderwegen ist bekannt, und dieser Leitfaden zu   <\/span><a href=\"https:\/\/www.atlanticholidayrentals.com\/blog\/de\/wandern-auf-madeira\/\"><span style=\"font-weight: 400;\">Wanderungen auf Madeira<\/span><\/a><span style=\"font-weight: 400;\"> ist ein n\u00fctzlicher Ausgangspunkt, wenn Sie Ihre Zeit im Freien \u00fcber kurze Stopps hinaus verl\u00e4ngern m\u00f6chten.<\/span><\/p>\t\t\t\t\t\t\t\t<\/div>\n\t\t\t\t<\/div>\n\t\t\t\t<div class=\"elementor-element elementor-element-4508cb9 elementor-widget elementor-widget-image\" data-id=\"4508cb9\" data-element_type=\"widget\" data-e-type=\"widget\" data-widget_type=\"image.default\">\n\t\t\t\t<div class=\"elementor-widget-container\">\n\t\t\t\t\t\t\t\t\t\t\t\t\t\t\t<img decoding=\"async\" src=\"https:\/\/www.atlanticholidayrentals.com\/blog\/wp-content\/uploads\/elementor\/thumbs\/Miradouro-da-Eira-do-Serrado-rlf3g5hpgqkcj8p4em6kd390y3vb9e8dcpl9arnfjk.webp\" title=\"Miradouro-da-Eira-do-Serrado\" alt=\"Miradouro-da-Eira-do-Serrado\" loading=\"lazy\" \/>\t\t\t\t\t\t\t\t\t\t\t\t\t\t\t<\/div>\n\t\t\t\t<\/div>\n\t\t\t\t\t<\/div>\n\t\t\t\t<\/div>\n\t\t<div class=\"elementor-element elementor-element-cdc5c47 e-flex e-con-boxed e-con e-parent\" data-id=\"cdc5c47\" data-element_type=\"container\" data-e-type=\"container\">\n\t\t\t\t\t<div class=\"e-con-inner\">\n\t\t\t\t<div class=\"elementor-element elementor-element-810c0f5 elementor-widget elementor-widget-heading\" data-id=\"810c0f5\" data-element_type=\"widget\" data-e-type=\"widget\" data-widget_type=\"heading.default\">\n\t\t\t\t<div class=\"elementor-widget-container\">\n\t\t\t\t\t<h2 class=\"elementor-heading-title elementor-size-default\">Warum der Miradouro da Eira do Serrado es wert ist, in Ihre Madeira-Reise aufgenommen zu werden\n<\/h2>\t\t\t\t<\/div>\n\t\t\t\t<\/div>\n\t\t\t\t<div class=\"elementor-element elementor-element-6641589 elementor-widget elementor-widget-text-editor\" data-id=\"6641589\" data-element_type=\"widget\" data-e-type=\"widget\" data-widget_type=\"text-editor.default\">\n\t\t\t\t<div class=\"elementor-widget-container\">\n\t\t\t\t\t\t\t\t\t<p><span style=\"font-weight: 400;\">Der Miradouro da Eira do Serrado ist aus einem einfachen Grund einen Besuch wert: Er bietet Ihnen einen klaren, direkten Blick ins Innere Madeiras, ohne dass Sie sich auf eine lange Wanderung oder einen ganzt\u00e4gigen Plan festlegen m\u00fcssen. Sie kommen an, nehmen einen kurzen Weg, und innerhalb von Minuten blicken Sie hinunter auf eine der markantesten Landschaften der Insel. <\/span><\/p><p><span style=\"font-weight: 400;\">Er f\u00fcgt sich leicht in eine umfassendere Route ein, anstatt der Schwerpunkt Ihres Tages sein zu m\u00fcssen. Kombinieren Sie ihn mit einer Fahrt durch die Berge oder einem Stopp in Curral das Freiras, und er wird Teil eines vollst\u00e4ndigeren Bildes von Madeira jenseits der K\u00fcstenlinie. <\/span><\/p><p><span style=\"font-weight: 400;\">Wenn Sie planen, wo Sie \u00fcbernachten m\u00f6chten, ist es hilfreich, irgendwo untergebracht zu sein, das sowohl die Berge als auch Funchal in einfacher Reichweite h\u00e4lt.  <\/span><\/p><p><span style=\"font-weight: 400;\">Sie k\u00f6nnen <\/span><a href=\"https:\/\/www.atlanticholidayrentals.com\/\"><span style=\"font-weight: 400;\">Unterk\u00fcnfte von Atlantic Holiday durchsuchen<\/span><\/a><span style=\"font-weight: 400;\">, um Optionen zu finden, die das Herumkommen unkompliziert machen, ohne unn\u00f6tige Reisezeit zu Ihren Tagen hinzuzuf\u00fcgen.<\/span><\/p>\t\t\t\t\t\t\t\t<\/div>\n\t\t\t\t<\/div>\n\t\t\t\t\t<\/div>\n\t\t\t\t<\/div>\n\t\t\t\t<\/div>\n\t\t","protected":false},"excerpt":{"rendered":"<p>Die meisten Besucher erwarten vom Miradouro da Eira do Serrado einen kurzen Fotostopp auf dem Weg durch die Berge. Er wird oft als einer der besten Aussichtspunkte Madeiras beschrieben, was [&hellip;]<\/p>\n","protected":false},"author":6,"featured_media":5974,"comment_status":"open","ping_status":"closed","sticky":false,"template":"","format":"standard","meta":{"footnotes":""},"categories":[90],"tags":[],"class_list":["post-6002","post","type-post","status-publish","format-standard","has-post-thumbnail","hentry","category-standpunkt"],"yoast_head":"<!-- This site is optimized with the Yoast SEO plugin v27.4 - https:\/\/yoast.com\/product\/yoast-seo-wordpress\/ -->\n<title>Miradouro da Eira do Serrado - Blog<\/title>\n<meta name=\"description\" content=\"Entdecken Sie die atemberaubende Aussicht vom Miradouro da Eira do Serrado. Genie\u00dfen Sie Madeiras einzigartige Landschaft und planen Sie Ihre ideale Route.\" \/>\n<meta name=\"robots\" content=\"index, follow, max-snippet:-1, max-image-preview:large, max-video-preview:-1\" \/>\n<link rel=\"canonical\" href=\"https:\/\/www.atlanticholidayrentals.com\/blog\/de\/miradouro-da-eira-do-serrado\/\" \/>\n<meta property=\"og:locale\" content=\"de_DE\" \/>\n<meta property=\"og:type\" content=\"article\" \/>\n<meta property=\"og:title\" content=\"Miradouro da Eira do Serrado - Blog\" \/>\n<meta property=\"og:description\" content=\"Entdecken Sie die atemberaubende Aussicht vom Miradouro da Eira do Serrado. Genie\u00dfen Sie Madeiras einzigartige Landschaft und planen Sie Ihre ideale Route.\" \/>\n<meta property=\"og:url\" content=\"https:\/\/www.atlanticholidayrentals.com\/blog\/de\/miradouro-da-eira-do-serrado\/\" \/>\n<meta property=\"og:site_name\" content=\"Blog\" \/>\n<meta property=\"article:published_time\" content=\"2026-04-02T14:33:50+00:00\" \/>\n<meta property=\"article:modified_time\" content=\"2026-04-22T14:44:21+00:00\" \/>\n<meta property=\"og:image\" content=\"https:\/\/www.atlanticholidayrentals.com\/blog\/wp-content\/uploads\/2026\/04\/Miradouro-da-Eira-do-Serrado-valley.webp\" \/>\n\t<meta property=\"og:image:width\" content=\"1360\" \/>\n\t<meta property=\"og:image:height\" content=\"1020\" \/>\n\t<meta property=\"og:image:type\" content=\"image\/webp\" \/>\n<meta name=\"author\" content=\"Richard\" \/>\n<meta name=\"twitter:card\" content=\"summary_large_image\" \/>\n<meta name=\"twitter:label1\" content=\"Verfasst von\" \/>\n\t<meta name=\"twitter:data1\" content=\"Richard\" \/>\n\t<meta name=\"twitter:label2\" content=\"Gesch\u00e4tzte Lesezeit\" \/>\n\t<meta name=\"twitter:data2\" content=\"6\u00a0Minuten\" \/>\n<script type=\"application\/ld+json\" class=\"yoast-schema-graph\">{\"@context\":\"https:\\\/\\\/schema.org\",\"@graph\":[{\"@type\":\"Article\",\"@id\":\"https:\\\/\\\/www.atlanticholidayrentals.com\\\/blog\\\/de\\\/miradouro-da-eira-do-serrado\\\/#article\",\"isPartOf\":{\"@id\":\"https:\\\/\\\/www.atlanticholidayrentals.com\\\/blog\\\/de\\\/miradouro-da-eira-do-serrado\\\/\"},\"author\":{\"name\":\"Richard\",\"@id\":\"https:\\\/\\\/www.atlanticholidayrentals.com\\\/blog\\\/#\\\/schema\\\/person\\\/ad3cabdee1032b4f701c81e7b6959d44\"},\"headline\":\"Besuch des Miradouro da Eira do Serrado: Madeiras bester Talblick erkl\u00e4rt\",\"datePublished\":\"2026-04-02T14:33:50+00:00\",\"dateModified\":\"2026-04-22T14:44:21+00:00\",\"mainEntityOfPage\":{\"@id\":\"https:\\\/\\\/www.atlanticholidayrentals.com\\\/blog\\\/de\\\/miradouro-da-eira-do-serrado\\\/\"},\"wordCount\":1167,\"commentCount\":0,\"image\":{\"@id\":\"https:\\\/\\\/www.atlanticholidayrentals.com\\\/blog\\\/de\\\/miradouro-da-eira-do-serrado\\\/#primaryimage\"},\"thumbnailUrl\":\"https:\\\/\\\/www.atlanticholidayrentals.com\\\/blog\\\/wp-content\\\/uploads\\\/2026\\\/04\\\/Miradouro-da-Eira-do-Serrado-valley.webp\",\"articleSection\":[\"Standpunkt\"],\"inLanguage\":\"de\",\"potentialAction\":[{\"@type\":\"CommentAction\",\"name\":\"Comment\",\"target\":[\"https:\\\/\\\/www.atlanticholidayrentals.com\\\/blog\\\/de\\\/miradouro-da-eira-do-serrado\\\/#respond\"]}]},{\"@type\":\"WebPage\",\"@id\":\"https:\\\/\\\/www.atlanticholidayrentals.com\\\/blog\\\/de\\\/miradouro-da-eira-do-serrado\\\/\",\"url\":\"https:\\\/\\\/www.atlanticholidayrentals.com\\\/blog\\\/de\\\/miradouro-da-eira-do-serrado\\\/\",\"name\":\"Miradouro da Eira do Serrado - Blog\",\"isPartOf\":{\"@id\":\"https:\\\/\\\/www.atlanticholidayrentals.com\\\/blog\\\/#website\"},\"primaryImageOfPage\":{\"@id\":\"https:\\\/\\\/www.atlanticholidayrentals.com\\\/blog\\\/de\\\/miradouro-da-eira-do-serrado\\\/#primaryimage\"},\"image\":{\"@id\":\"https:\\\/\\\/www.atlanticholidayrentals.com\\\/blog\\\/de\\\/miradouro-da-eira-do-serrado\\\/#primaryimage\"},\"thumbnailUrl\":\"https:\\\/\\\/www.atlanticholidayrentals.com\\\/blog\\\/wp-content\\\/uploads\\\/2026\\\/04\\\/Miradouro-da-Eira-do-Serrado-valley.webp\",\"datePublished\":\"2026-04-02T14:33:50+00:00\",\"dateModified\":\"2026-04-22T14:44:21+00:00\",\"author\":{\"@id\":\"https:\\\/\\\/www.atlanticholidayrentals.com\\\/blog\\\/#\\\/schema\\\/person\\\/ad3cabdee1032b4f701c81e7b6959d44\"},\"description\":\"Entdecken Sie die atemberaubende Aussicht vom Miradouro da Eira do Serrado. Genie\u00dfen Sie Madeiras einzigartige Landschaft und planen Sie Ihre ideale Route.\",\"breadcrumb\":{\"@id\":\"https:\\\/\\\/www.atlanticholidayrentals.com\\\/blog\\\/de\\\/miradouro-da-eira-do-serrado\\\/#breadcrumb\"},\"inLanguage\":\"de\",\"potentialAction\":[{\"@type\":\"ReadAction\",\"target\":[\"https:\\\/\\\/www.atlanticholidayrentals.com\\\/blog\\\/de\\\/miradouro-da-eira-do-serrado\\\/\"]}]},{\"@type\":\"ImageObject\",\"inLanguage\":\"de\",\"@id\":\"https:\\\/\\\/www.atlanticholidayrentals.com\\\/blog\\\/de\\\/miradouro-da-eira-do-serrado\\\/#primaryimage\",\"url\":\"https:\\\/\\\/www.atlanticholidayrentals.com\\\/blog\\\/wp-content\\\/uploads\\\/2026\\\/04\\\/Miradouro-da-Eira-do-Serrado-valley.webp\",\"contentUrl\":\"https:\\\/\\\/www.atlanticholidayrentals.com\\\/blog\\\/wp-content\\\/uploads\\\/2026\\\/04\\\/Miradouro-da-Eira-do-Serrado-valley.webp\",\"width\":1360,\"height\":1020},{\"@type\":\"BreadcrumbList\",\"@id\":\"https:\\\/\\\/www.atlanticholidayrentals.com\\\/blog\\\/de\\\/miradouro-da-eira-do-serrado\\\/#breadcrumb\",\"itemListElement\":[{\"@type\":\"ListItem\",\"position\":1,\"name\":\"Home\",\"item\":\"https:\\\/\\\/www.atlanticholidayrentals.com\\\/blog\\\/\"},{\"@type\":\"ListItem\",\"position\":2,\"name\":\"Besuch des Miradouro da Eira do Serrado: Madeiras bester Talblick erkl\u00e4rt\"}]},{\"@type\":\"WebSite\",\"@id\":\"https:\\\/\\\/www.atlanticholidayrentals.com\\\/blog\\\/#website\",\"url\":\"https:\\\/\\\/www.atlanticholidayrentals.com\\\/blog\\\/\",\"name\":\"Blog\",\"description\":\"Atlanticholidayrentals\",\"potentialAction\":[{\"@type\":\"SearchAction\",\"target\":{\"@type\":\"EntryPoint\",\"urlTemplate\":\"https:\\\/\\\/www.atlanticholidayrentals.com\\\/blog\\\/?s={search_term_string}\"},\"query-input\":{\"@type\":\"PropertyValueSpecification\",\"valueRequired\":true,\"valueName\":\"search_term_string\"}}],\"inLanguage\":\"de\"},{\"@type\":\"Person\",\"@id\":\"https:\\\/\\\/www.atlanticholidayrentals.com\\\/blog\\\/#\\\/schema\\\/person\\\/ad3cabdee1032b4f701c81e7b6959d44\",\"name\":\"Richard\",\"image\":{\"@type\":\"ImageObject\",\"inLanguage\":\"de\",\"@id\":\"https:\\\/\\\/secure.gravatar.com\\\/avatar\\\/63f7d63df8bc500b7b072100eb25897597ec962e6be3ac33cf5045633fb5702a?s=96&d=mm&r=g\",\"url\":\"https:\\\/\\\/secure.gravatar.com\\\/avatar\\\/63f7d63df8bc500b7b072100eb25897597ec962e6be3ac33cf5045633fb5702a?s=96&d=mm&r=g\",\"contentUrl\":\"https:\\\/\\\/secure.gravatar.com\\\/avatar\\\/63f7d63df8bc500b7b072100eb25897597ec962e6be3ac33cf5045633fb5702a?s=96&d=mm&r=g\",\"caption\":\"Richard\"},\"url\":\"https:\\\/\\\/www.atlanticholidayrentals.com\\\/blog\\\/de\\\/author\\\/richard\\\/\"}]}<\/script>\n<!-- \/ Yoast SEO plugin. -->","yoast_head_json":{"title":"Miradouro da Eira do Serrado - Blog","description":"Entdecken Sie die atemberaubende Aussicht vom Miradouro da Eira do Serrado. Genie\u00dfen Sie Madeiras einzigartige Landschaft und planen Sie Ihre ideale Route.","robots":{"index":"index","follow":"follow","max-snippet":"max-snippet:-1","max-image-preview":"max-image-preview:large","max-video-preview":"max-video-preview:-1"},"canonical":"https:\/\/www.atlanticholidayrentals.com\/blog\/de\/miradouro-da-eira-do-serrado\/","og_locale":"de_DE","og_type":"article","og_title":"Miradouro da Eira do Serrado - Blog","og_description":"Entdecken Sie die atemberaubende Aussicht vom Miradouro da Eira do Serrado. Genie\u00dfen Sie Madeiras einzigartige Landschaft und planen Sie Ihre ideale Route.","og_url":"https:\/\/www.atlanticholidayrentals.com\/blog\/de\/miradouro-da-eira-do-serrado\/","og_site_name":"Blog","article_published_time":"2026-04-02T14:33:50+00:00","article_modified_time":"2026-04-22T14:44:21+00:00","og_image":[{"width":1360,"height":1020,"url":"https:\/\/www.atlanticholidayrentals.com\/blog\/wp-content\/uploads\/2026\/04\/Miradouro-da-Eira-do-Serrado-valley.webp","type":"image\/webp"}],"author":"Richard","twitter_card":"summary_large_image","twitter_misc":{"Verfasst von":"Richard","Gesch\u00e4tzte Lesezeit":"6\u00a0Minuten"},"schema":{"@context":"https:\/\/schema.org","@graph":[{"@type":"Article","@id":"https:\/\/www.atlanticholidayrentals.com\/blog\/de\/miradouro-da-eira-do-serrado\/#article","isPartOf":{"@id":"https:\/\/www.atlanticholidayrentals.com\/blog\/de\/miradouro-da-eira-do-serrado\/"},"author":{"name":"Richard","@id":"https:\/\/www.atlanticholidayrentals.com\/blog\/#\/schema\/person\/ad3cabdee1032b4f701c81e7b6959d44"},"headline":"Besuch des Miradouro da Eira do Serrado: Madeiras bester Talblick erkl\u00e4rt","datePublished":"2026-04-02T14:33:50+00:00","dateModified":"2026-04-22T14:44:21+00:00","mainEntityOfPage":{"@id":"https:\/\/www.atlanticholidayrentals.com\/blog\/de\/miradouro-da-eira-do-serrado\/"},"wordCount":1167,"commentCount":0,"image":{"@id":"https:\/\/www.atlanticholidayrentals.com\/blog\/de\/miradouro-da-eira-do-serrado\/#primaryimage"},"thumbnailUrl":"https:\/\/www.atlanticholidayrentals.com\/blog\/wp-content\/uploads\/2026\/04\/Miradouro-da-Eira-do-Serrado-valley.webp","articleSection":["Standpunkt"],"inLanguage":"de","potentialAction":[{"@type":"CommentAction","name":"Comment","target":["https:\/\/www.atlanticholidayrentals.com\/blog\/de\/miradouro-da-eira-do-serrado\/#respond"]}]},{"@type":"WebPage","@id":"https:\/\/www.atlanticholidayrentals.com\/blog\/de\/miradouro-da-eira-do-serrado\/","url":"https:\/\/www.atlanticholidayrentals.com\/blog\/de\/miradouro-da-eira-do-serrado\/","name":"Miradouro da Eira do Serrado - Blog","isPartOf":{"@id":"https:\/\/www.atlanticholidayrentals.com\/blog\/#website"},"primaryImageOfPage":{"@id":"https:\/\/www.atlanticholidayrentals.com\/blog\/de\/miradouro-da-eira-do-serrado\/#primaryimage"},"image":{"@id":"https:\/\/www.atlanticholidayrentals.com\/blog\/de\/miradouro-da-eira-do-serrado\/#primaryimage"},"thumbnailUrl":"https:\/\/www.atlanticholidayrentals.com\/blog\/wp-content\/uploads\/2026\/04\/Miradouro-da-Eira-do-Serrado-valley.webp","datePublished":"2026-04-02T14:33:50+00:00","dateModified":"2026-04-22T14:44:21+00:00","author":{"@id":"https:\/\/www.atlanticholidayrentals.com\/blog\/#\/schema\/person\/ad3cabdee1032b4f701c81e7b6959d44"},"description":"Entdecken Sie die atemberaubende Aussicht vom Miradouro da Eira do Serrado. Genie\u00dfen Sie Madeiras einzigartige Landschaft und planen Sie Ihre ideale Route.","breadcrumb":{"@id":"https:\/\/www.atlanticholidayrentals.com\/blog\/de\/miradouro-da-eira-do-serrado\/#breadcrumb"},"inLanguage":"de","potentialAction":[{"@type":"ReadAction","target":["https:\/\/www.atlanticholidayrentals.com\/blog\/de\/miradouro-da-eira-do-serrado\/"]}]},{"@type":"ImageObject","inLanguage":"de","@id":"https:\/\/www.atlanticholidayrentals.com\/blog\/de\/miradouro-da-eira-do-serrado\/#primaryimage","url":"https:\/\/www.atlanticholidayrentals.com\/blog\/wp-content\/uploads\/2026\/04\/Miradouro-da-Eira-do-Serrado-valley.webp","contentUrl":"https:\/\/www.atlanticholidayrentals.com\/blog\/wp-content\/uploads\/2026\/04\/Miradouro-da-Eira-do-Serrado-valley.webp","width":1360,"height":1020},{"@type":"BreadcrumbList","@id":"https:\/\/www.atlanticholidayrentals.com\/blog\/de\/miradouro-da-eira-do-serrado\/#breadcrumb","itemListElement":[{"@type":"ListItem","position":1,"name":"Home","item":"https:\/\/www.atlanticholidayrentals.com\/blog\/"},{"@type":"ListItem","position":2,"name":"Besuch des Miradouro da Eira do Serrado: Madeiras bester Talblick erkl\u00e4rt"}]},{"@type":"WebSite","@id":"https:\/\/www.atlanticholidayrentals.com\/blog\/#website","url":"https:\/\/www.atlanticholidayrentals.com\/blog\/","name":"Blog","description":"Atlanticholidayrentals","potentialAction":[{"@type":"SearchAction","target":{"@type":"EntryPoint","urlTemplate":"https:\/\/www.atlanticholidayrentals.com\/blog\/?s={search_term_string}"},"query-input":{"@type":"PropertyValueSpecification","valueRequired":true,"valueName":"search_term_string"}}],"inLanguage":"de"},{"@type":"Person","@id":"https:\/\/www.atlanticholidayrentals.com\/blog\/#\/schema\/person\/ad3cabdee1032b4f701c81e7b6959d44","name":"Richard","image":{"@type":"ImageObject","inLanguage":"de","@id":"https:\/\/secure.gravatar.com\/avatar\/63f7d63df8bc500b7b072100eb25897597ec962e6be3ac33cf5045633fb5702a?s=96&d=mm&r=g","url":"https:\/\/secure.gravatar.com\/avatar\/63f7d63df8bc500b7b072100eb25897597ec962e6be3ac33cf5045633fb5702a?s=96&d=mm&r=g","contentUrl":"https:\/\/secure.gravatar.com\/avatar\/63f7d63df8bc500b7b072100eb25897597ec962e6be3ac33cf5045633fb5702a?s=96&d=mm&r=g","caption":"Richard"},"url":"https:\/\/www.atlanticholidayrentals.com\/blog\/de\/author\/richard\/"}]}},"_links":{"self":[{"href":"https:\/\/www.atlanticholidayrentals.com\/blog\/de\/wp-json\/wp\/v2\/posts\/6002","targetHints":{"allow":["GET"]}}],"collection":[{"href":"https:\/\/www.atlanticholidayrentals.com\/blog\/de\/wp-json\/wp\/v2\/posts"}],"about":[{"href":"https:\/\/www.atlanticholidayrentals.com\/blog\/de\/wp-json\/wp\/v2\/types\/post"}],"author":[{"embeddable":true,"href":"https:\/\/www.atlanticholidayrentals.com\/blog\/de\/wp-json\/wp\/v2\/users\/6"}],"replies":[{"embeddable":true,"href":"https:\/\/www.atlanticholidayrentals.com\/blog\/de\/wp-json\/wp\/v2\/comments?post=6002"}],"version-history":[{"count":1,"href":"https:\/\/www.atlanticholidayrentals.com\/blog\/de\/wp-json\/wp\/v2\/posts\/6002\/revisions"}],"predecessor-version":[{"id":6003,"href":"https:\/\/www.atlanticholidayrentals.com\/blog\/de\/wp-json\/wp\/v2\/posts\/6002\/revisions\/6003"}],"wp:featuredmedia":[{"embeddable":true,"href":"https:\/\/www.atlanticholidayrentals.com\/blog\/de\/wp-json\/wp\/v2\/media\/5974"}],"wp:attachment":[{"href":"https:\/\/www.atlanticholidayrentals.com\/blog\/de\/wp-json\/wp\/v2\/media?parent=6002"}],"wp:term":[{"taxonomy":"category","embeddable":true,"href":"https:\/\/www.atlanticholidayrentals.com\/blog\/de\/wp-json\/wp\/v2\/categories?post=6002"},{"taxonomy":"post_tag","embeddable":true,"href":"https:\/\/www.atlanticholidayrentals.com\/blog\/de\/wp-json\/wp\/v2\/tags?post=6002"}],"curies":[{"name":"wp","href":"https:\/\/api.w.org\/{rel}","templated":true}]}}